{"id":994,"date":"2011-01-08T19:26:37","date_gmt":"2011-01-08T18:26:37","guid":{"rendered":"http:\/\/poetapazzo.wordpress.com\/?p=994"},"modified":"2024-07-25T08:26:51","modified_gmt":"2024-07-25T06:26:51","slug":"jecris-ton-nom","status":"publish","type":"post","link":"https:\/\/www.poetamatusel.org\/?p=994","title":{"rendered":"J&#8217;\u00e9cris ton nom &#8230;"},"content":{"rendered":"<p>&nbsp;<\/p>\n<table width=\"999\" border=\"0\" cellpadding=\"2\" cellspacing=\"0\">\n<tbody>\n<p><a href=\"https:\/\/www.poetamatusel.org\/wp-content\/uploads\/2016\/01\/vite-remote-107.jpg\" rel=\"attachment wp-att-5151\"><img loading=\"lazy\" decoding=\"async\" src=\"https:\/\/www.poetamatusel.org\/wp-content\/uploads\/2016\/01\/vite-remote-107.jpg?w=640\" title=\"Zoccoli scuri di scuri cavalli - Foto Guido Comin PoetaMatus\u00e8l\" width=\"640\" height=\"636\" class=\"alignleft size-large wp-image-5151\" \/><\/a><\/p>\n<tr>\n<td valign=\"top\" width=\"999\"><\/td>\n<\/tr>\n<\/tbody>\n<\/table>\n<p><span style=\"font-family:'Arial Narrow Special G1';font-size:medium;\"><strong><em>Zoccoli scuri di scuri cavalli sollevano zolle&#8230; &#8211; Foto Guido Comin PoetaMatus\u00e8l<\/em><\/strong><\/p>\n<p>&nbsp;<\/p>\n<p>&nbsp;<\/p>\n<p style=\"padding-left:40px;\">Je suis n\u00e9 pour te conna\u00eetre<br \/>\nPour te nommer<br \/>\nLibert\u00e9<\/p>\n<p style=\"padding-left:40px;\"><span><em>Paul \u00c9luard, Po\u00e9sies et v\u00e9rit\u00e9s<\/em><\/p>\n<p>&nbsp;<br \/>\n&nbsp;<\/p>\n<p style=\"padding-left:0px;\">Zoccoli scuri<br \/>\ndi scuri cavalli<br \/>\nsollevano zolle<br \/>\ndi terra odorosa.<\/p>\n<p>Cacciatori chiassosi,<br \/>\nseduti sull\u2019erba<br \/>\nd\u2019autunno bagnata<br \/>\ndi guazza, con<br \/>\nfiaschi di vino<br \/>\nfra le ginocchia.<\/p>\n<p>Un uccello<br \/>\nfa a gara con noi<br \/>\nnella corsa.<br \/>\nCriniera e capelli<br \/>\nnel vento.<\/p>\n<p>C\u2019\u00e8 chi ti<br \/>\nchiamerebbe<br \/>\n<em>Libert\u00e0!<\/em>  <\/p>\n<p>&nbsp;<\/p>\n<p>&nbsp;<\/p>\n<table width=\"999\" border=\"0\" cellpadding=\"2\" cellspacing=\"0\">\n<tbody>\n<p><a href=\"https:\/\/www.poetamatusel.org\/wp-content\/uploads\/2016\/01\/vite-remote-77.jpg\" rel=\"attachment wp-att-5152\"><img loading=\"lazy\" decoding=\"async\" src=\"https:\/\/www.poetamatusel.org\/wp-content\/uploads\/2016\/01\/vite-remote-77.jpg?w=640\" title=\"Il giovane PoetaMatus\u00e8l in Ticino\" width=\"640\" height=\"481\" class=\"alignleft size-large wp-image-5152\" \/><\/a><\/p>\n<tr>\n<td valign=\"top\" width=\"999\"><\/td>\n<\/tr>\n<\/tbody>\n<\/table>\n<p><span style=\"font-family:'Arial Narrow Special G1';font-size:medium;\"><strong><em>Un giovane PoetaMatus\u00e8l cavallerizzo autodidatta in Ticino<\/em><\/strong><\/p>\n<p>&nbsp;<\/p>\n<p>&nbsp;<\/p>\n<p><a href=\"https:\/\/www.poetamatusel.org\/wp-content\/uploads\/2012\/11\/link-symbol-for-blog.jpg\"><img loading=\"lazy\" decoding=\"async\" src=\"https:\/\/www.poetamatusel.org\/wp-content\/uploads\/2012\/11\/link-symbol-for-blog.jpg\" alt=\"* LINK *\" width=\"35\" height=\"35\" class=\"alignleft wp-image-2959\" \/><\/a> &nbsp;<br \/>\n&nbsp;<br \/>\n<strong>La straordinaria poesia di Paul \u00c9luard puoi leggerla qui: <\/strong>&nbsp; <\/p>\n<p style=\"padding-left:0px;\"><strong><a href=\"http:\/\/bacfrancais.chez.com\/liberte.html\" target=\"_blank\" rel=\"noopener\">http:\/\/bacfrancais.chez.com\/liberte.html<\/a><\/p>\n<p><\/strong><\/p>\n<p>&nbsp;<\/p>\n<p>&nbsp;<\/p>\n<table width=\"999\" border=\"0\" cellpadding=\"2\" cellspacing=\"0\">\n<tbody>\n<p><a href=\"https:\/\/www.poetamatusel.org\/wp-content\/uploads\/2016\/01\/impronte-di-zoccoli.jpg\" rel=\"attachment wp-att-5153\"><img loading=\"lazy\" decoding=\"async\" src=\"https:\/\/www.poetamatusel.org\/wp-content\/uploads\/2016\/01\/impronte-di-zoccoli.jpg\" title=\"Tracce e segnali - Foto Guido Comin PoetaMatus\u00e8l\" width=\"600\" height=\"525\" class=\"alignleft wp-image-5153\" \/><\/a><\/p>\n<tr>\n<td valign=\"top\" width=\"999\"><\/td>\n<\/tr>\n<\/tbody>\n<\/table>\n<p><span style=\"font-family:'Arial Narrow Special G1';font-size:medium;\"><strong><em>Orme &#8230; o segnali? &#8211; Foto Guido Comin PoetaMatus\u00e8l<\/em><\/strong><\/p>\n<p>&nbsp;<\/p>\n<p>&nbsp;<\/p>\n<p><span style=\"font-family:'Arial Narrow Special G1';font-size:small;\">Copyright \u00a9 2011 Guido Comin PoetaMatus\u00e8l &#8211; Belluno, Italy. All rights reserved.<\/span><\/p>\n<p>&nbsp;<\/p>\n<p>.<\/p>\n","protected":false},"excerpt":{"rendered":"<p>&nbsp; Zoccoli scuri di scuri cavalli sollevano zolle&#8230; &#8211; Foto Guido Comin PoetaMatus\u00e8l &nbsp; &nbsp; Je suis n\u00e9 pour te conna\u00eetre Pour te nommer Libert\u00e9 Paul \u00c9luard, Po\u00e9sies et v\u00e9rit\u00e9s &nbsp; &nbsp; Zoccoli scuri di scuri cavalli sollevano zolle di terra odorosa. Cacciatori chiassosi, seduti sull\u2019erba d\u2019autunno bagnata di guazza, con fiaschi di vino fra [&hellip;]<\/p>\n","protected":false},"author":1,"featured_media":0,"comment_status":"open","ping_status":"open","sticky":false,"template":"","format":"standard","meta":{"footnotes":""},"categories":[5,13,6],"tags":[453,3374,508,708,3376,3375,1573,1575,2121,2918,3087,3212,3214],"class_list":["post-994","post","type-post","status-publish","format-standard","hentry","category-poesia-contemporanea-2","category-poesia-italiana","category-poetry-poesia","tag-capelli","tag-cavalcare","tag-cavalli","tag-criniera","tag-galoppare","tag-galoppo","tag-liberta","tag-liberte","tag-paul-eluard","tag-terra-odorosa","tag-vento","tag-zoccoli","tag-zolle-di-terra"],"_links":{"self":[{"href":"https:\/\/www.poetamatusel.org\/index.php?rest_route=\/wp\/v2\/posts\/994","targetHints":{"allow":["GET"]}}],"collection":[{"href":"https:\/\/www.poetamatusel.org\/index.php?rest_route=\/wp\/v2\/posts"}],"about":[{"href":"https:\/\/www.poetamatusel.org\/index.php?rest_route=\/wp\/v2\/types\/post"}],"author":[{"embeddable":true,"href":"https:\/\/www.poetamatusel.org\/index.php?rest_route=\/wp\/v2\/users\/1"}],"replies":[{"embeddable":true,"href":"https:\/\/www.poetamatusel.org\/index.php?rest_route=%2Fwp%2Fv2%2Fcomments&post=994"}],"version-history":[{"count":5,"href":"https:\/\/www.poetamatusel.org\/index.php?rest_route=\/wp\/v2\/posts\/994\/revisions"}],"predecessor-version":[{"id":7914,"href":"https:\/\/www.poetamatusel.org\/index.php?rest_route=\/wp\/v2\/posts\/994\/revisions\/7914"}],"wp:attachment":[{"href":"https:\/\/www.poetamatusel.org\/index.php?rest_route=%2Fwp%2Fv2%2Fmedia&parent=994"}],"wp:term":[{"taxonomy":"category","embeddable":true,"href":"https:\/\/www.poetamatusel.org\/index.php?rest_route=%2Fwp%2Fv2%2Fcategories&post=994"},{"taxonomy":"post_tag","embeddable":true,"href":"https:\/\/www.poetamatusel.org\/index.php?rest_route=%2Fwp%2Fv2%2Ftags&post=994"}],"curies":[{"name":"wp","href":"https:\/\/api.w.org\/{rel}","templated":true}]}}