{"id":7837,"date":"2023-12-06T00:41:57","date_gmt":"2023-12-05T23:41:57","guid":{"rendered":"https:\/\/www.poetamatusel.org\/?p=7837"},"modified":"2024-02-23T14:44:41","modified_gmt":"2024-02-23T13:44:41","slug":"bighellonando-per-il-brandeburgo","status":"publish","type":"post","link":"https:\/\/www.poetamatusel.org\/?p=7837","title":{"rendered":"BIGHELLONANDO PER IL BRANDEBURGO"},"content":{"rendered":"<p>&nbsp;<\/p>\n<table width=\"999\" border=\"0\" cellpadding=\"2\" cellspacing=\"0\" unselectable=\"on\">\n<tbody>\n<div id=\"attachment_7845\" style=\"width: 3087px\" class=\"wp-caption alignleft\"><img loading=\"lazy\" decoding=\"async\" aria-describedby=\"caption-attachment-7845\" src=\"https:\/\/www.poetamatusel.org\/wp-content\/uploads\/2023\/12\/prato-fiorito-brandeburgo-02.jpg\" alt=\"Colle fiorito nel Brandeburgo - Foto Guido Comin PoetaMatus\u00e8l\" width=\"3077\" height=\"1978\" class=\"size-full wp-image-7845\" \/><p id=\"caption-attachment-7845\" class=\"wp-caption-text\">Colle fiorito in Brandeburgo &#8211; Foto Guido Comin PoetaMatus\u00e8l<\/p><\/div>\n<tr>\n<td  valign=\"top\" width=\"999\"><\/td>\n<\/tr>\n<\/tbody>\n<\/table>\n<p>&nbsp;<\/p>\n<p style=\"padding-left:12px;\"> <em>A Silvia M.<\/em><\/p>\n<p>&nbsp;<\/p>\n<p style=\"padding-left:12px;\">Se una sera di luglio,<br \/>\nvagando per prati<br \/>\normai troppo noti,<br \/>\nquando i maschi di<br \/>\ncapinera e fringuello,<br \/>\nraggiunto lo scopo,<br \/>\nnon cantano pi\u00f9<br \/>\ne i cardi hanno perso<br \/>\nla loro chioma violetta<br \/>\ned alta la segale<br \/>\ntrepida attende la falce,<br \/>\nlievi pensieri di Te<br \/>\nmi accarezzano come<br \/>\nuna brezza leggera<br \/>\ndi un tepido marzo.   <\/p>\n<p>&nbsp;<\/p>\n<table width=\"999\" border=\"0\" cellpadding=\"2\" cellspacing=\"0\" unselectable=\"on\">\n<tbody>\n<div id=\"attachment_7839\" style=\"width: 4527px\" class=\"wp-caption alignleft\"><img loading=\"lazy\" decoding=\"async\" aria-describedby=\"caption-attachment-7839\" src=\"https:\/\/www.poetamatusel.org\/wp-content\/uploads\/2023\/12\/cardi-in-fiore.jpg\" alt=\"Cardi sfiorenti a Berlino - Foto Guido Comin PoetaMatus\u00e8l\" width=\"4517\" height=\"3365\" class=\"size-full wp-image-7839\" \/><p id=\"caption-attachment-7839\" class=\"wp-caption-text\">Cardi sfiorenti a Berlino &#8211; Foto Guido Comin PoetaMatus\u00e8l<\/p><\/div>\n<tr>\n<td  valign=\"top\" width=\"999\"><\/td>\n<\/tr>\n<\/tbody>\n<\/table>\n<p>&nbsp;<br \/>\n&nbsp;<br \/>\n&nbsp;<\/p>\n<p><img loading=\"lazy\" decoding=\"async\" src=\"http:\/\/www.poetamatusel.org\/wp-content\/uploads\/2017\/01\/Viole-di-marzo-Foto-Guido-Comin-150x150.jpg\" title=\"Profumo di quasi-primavera - Foto Guido Comin PoetaMatus\u00e8l\" width=\"100\" height=\"100\" class=\"alignleft size-thumbnail wp-image-6930\" \/>&nbsp;&nbsp;<\/p>\n<p style=\"padding-left:40px;\"><em>Prezioso Visitatore che mi leggi, un breve commento, anche solo un saluto, non ti costa che un piccolissimo sforzo, per\u00f2 far\u00e0 un enorme piacere a me, quando lo legger\u00f2! Grazie di cuore!! <\/em> &nbsp; :O)<\/p>\n<p>&nbsp;<\/p>\n<p style=\"padding-top:30px;\">\n<p><span style=\"font-family:'Arial Narrow Special G1';font-size:small;\">Copyright  \u00a9 2023 Guido Comin PoetaMatus\u00e8l &#8211;  Belluno, Italy. All rights reserved.<\/span><\/p>\n<p>&nbsp;<\/p>\n<p>.<\/p>\n","protected":false},"excerpt":{"rendered":"<p>&nbsp; &nbsp; A Silvia M. &nbsp; Se una sera di luglio, vagando per prati ormai troppo noti, quando i maschi di capinera e fringuello, raggiunto lo scopo, non cantano pi\u00f9 e i cardi hanno perso la loro chioma violetta ed alta la segale trepida attende la falce, lievi pensieri di Te mi accarezzano come una [&hellip;]<\/p>\n","protected":false},"author":1,"featured_media":0,"comment_status":"open","ping_status":"open","sticky":false,"template":"","format":"standard","meta":{"footnotes":""},"categories":[5,13,6],"tags":[3337,370,3372,3371,474,3373,2230,2251,2312,3370,2682],"class_list":["post-7837","post","type-post","status-publish","format-standard","hentry","category-poesia-contemporanea-2","category-poesia-italiana","category-poetry-poesia","tag-brandeburgo","tag-brezza","tag-capinera","tag-cardi","tag-carezze","tag-fringuello","tag-poesia-damore","tag-poesia-lirica","tag-prato","tag-segale","tag-sera"],"_links":{"self":[{"href":"https:\/\/www.poetamatusel.org\/index.php?rest_route=\/wp\/v2\/posts\/7837","targetHints":{"allow":["GET"]}}],"collection":[{"href":"https:\/\/www.poetamatusel.org\/index.php?rest_route=\/wp\/v2\/posts"}],"about":[{"href":"https:\/\/www.poetamatusel.org\/index.php?rest_route=\/wp\/v2\/types\/post"}],"author":[{"embeddable":true,"href":"https:\/\/www.poetamatusel.org\/index.php?rest_route=\/wp\/v2\/users\/1"}],"replies":[{"embeddable":true,"href":"https:\/\/www.poetamatusel.org\/index.php?rest_route=%2Fwp%2Fv2%2Fcomments&post=7837"}],"version-history":[{"count":9,"href":"https:\/\/www.poetamatusel.org\/index.php?rest_route=\/wp\/v2\/posts\/7837\/revisions"}],"predecessor-version":[{"id":7844,"href":"https:\/\/www.poetamatusel.org\/index.php?rest_route=\/wp\/v2\/posts\/7837\/revisions\/7844"}],"wp:attachment":[{"href":"https:\/\/www.poetamatusel.org\/index.php?rest_route=%2Fwp%2Fv2%2Fmedia&parent=7837"}],"wp:term":[{"taxonomy":"category","embeddable":true,"href":"https:\/\/www.poetamatusel.org\/index.php?rest_route=%2Fwp%2Fv2%2Fcategories&post=7837"},{"taxonomy":"post_tag","embeddable":true,"href":"https:\/\/www.poetamatusel.org\/index.php?rest_route=%2Fwp%2Fv2%2Ftags&post=7837"}],"curies":[{"name":"wp","href":"https:\/\/api.w.org\/{rel}","templated":true}]}}