{"id":7782,"date":"2023-12-01T14:38:53","date_gmt":"2023-12-01T13:38:53","guid":{"rendered":"https:\/\/www.poetamatusel.org\/?p=7782"},"modified":"2023-12-06T01:01:21","modified_gmt":"2023-12-06T00:01:21","slug":"fatidica-fata-di-montagna","status":"publish","type":"post","link":"https:\/\/www.poetamatusel.org\/?p=7782","title":{"rendered":"FATIDICA FATA DI MONTAGNA"},"content":{"rendered":"<p>&nbsp;<\/p>\n<table width=\"999\" border=\"0\" cellpadding=\"2\" cellspacing=\"0\" unselectable=\"on\">\n<tbody>\n<div id=\"attachment_7786\" style=\"width: 3999px\" class=\"wp-caption alignleft\"><img loading=\"lazy\" decoding=\"async\" aria-describedby=\"caption-attachment-7786\" src=\"https:\/\/www.poetamatusel.org\/wp-content\/uploads\/2023\/12\/yak-02.jpg\" alt=\"Yak sul Monte Rite - Foto Guido Comin PoetaMatus\u00e8l\" width=\"3989\" height=\"2590\" class=\"size-full wp-image-7786\" \/><p id=\"caption-attachment-7786\" class=\"wp-caption-text\">Yak sul Monte Rite &#8211; Foto Guido Comin PoetaMatus\u00e8l<\/p><\/div>\n<tr>\n<td  valign=\"top\" width=\"999\"><\/td>\n<\/tr>\n<\/tbody>\n<\/table>\n<p>&nbsp;<\/p>\n<p style=\"padding-left:13px;\"> <em>A Silvia M.<\/em><\/p>\n<p>&nbsp;<\/p>\n<p style=\"padding-left:13px;\">Anni dopo, ancora oggi,<br \/>\nse ti penso, io mi libro<br \/>\n(inaspettatamente!)<br \/>\nsopra le alte vette<br \/>\ndei nostri cari monti,<br \/>\nl\u00e0, dove ti sognavo,<br \/>\ntra i sonnecchianti yak<br \/>\ne i miei garruli, giocosi<br \/>\ngracchi, matti; dove fischi<br \/>\ndi marmotte avvisavano<br \/>\ndi passaggi d\u2019aquile<br \/>\ne il corvo imperiale,<br \/>\nvedovo, vagava senza<br \/>\nuna meta apparente<br \/>\ntra nubi meringate\u2026  <\/p>\n<p style=\"padding-left:13px;\">E ancora oggi Tu<br \/>\nsai sempre far volare,<br \/>\nsognare a perdifiato!  <\/p>\n<p>&nbsp;<\/p>\n<table width=\"999\" border=\"0\" cellpadding=\"2\" cellspacing=\"0\" unselectable=\"on\">\n<tbody>\n<div id=\"attachment_7787\" style=\"width: 2546px\" class=\"wp-caption alignleft\"><img loading=\"lazy\" decoding=\"async\" aria-describedby=\"caption-attachment-7787\" src=\"https:\/\/www.poetamatusel.org\/wp-content\/uploads\/2023\/12\/gracchi-02.jpg\" alt=\"Gracchi alpini (Pyrrhocorax graculus) sul Monte Rite - Foto Guido Comin PoetaMatus\u00e8l\" width=\"2536\" height=\"1738\" class=\"size-full wp-image-7787\" \/><p id=\"caption-attachment-7787\" class=\"wp-caption-text\">Gracchi alpini (Pyrrhocorax graculus) sul Monte Rite &#8211; Foto Guido Comin PoetaMatus\u00e8l<\/p><\/div>\n<tr>\n<td  valign=\"top\" width=\"999\"><\/td>\n<\/tr>\n<\/tbody>\n<\/table>\n<p>&nbsp;<br \/>\n&nbsp;<br \/>\n&nbsp;<\/p>\n<p><img loading=\"lazy\" decoding=\"async\" src=\"http:\/\/www.poetamatusel.org\/wp-content\/uploads\/2017\/01\/Viole-di-marzo-Foto-Guido-Comin-150x150.jpg\" title=\"Profumo di quasi-primavera - Foto Guido Comin PoetaMatus\u00e8l\" width=\"100\" height=\"100\" class=\"alignleft size-thumbnail wp-image-6930\" \/><\/p>\n<p style=\"padding-left:10px;\"><em>Prezioso Visitatore che mi leggi, un breve commento, anche solo un saluto, non ti costa che un piccolissimo sforzo, per\u00f2 far\u00e0 un enorme piacere a me, quando lo legger\u00f2! Grazie di cuore!! <\/em> &nbsp; :O)<\/p>\n<p>&nbsp;<\/p>\n<p style=\"padding-top:30px;\">\n<p><span style=\"font-family:'Arial Narrow Special G1';font-size:small;\">Copyright  \u00a9 2020-2023 Guido Comin PoetaMatus\u00e8l &#8211;  Belluno, Italy. All rights reserved.<\/span><\/p>\n<p>&nbsp;<\/p>\n<p>.<\/p>\n","protected":false},"excerpt":{"rendered":"<p>&nbsp; &nbsp; A Silvia M. &nbsp; Anni dopo, ancora oggi, se ti penso, io mi libro (inaspettatamente!) sopra le alte vette dei nostri cari monti, l\u00e0, dove ti sognavo, tra i sonnecchianti yak e i miei garruli, giocosi gracchi, matti; dove fischi di marmotte avvisavano di passaggi d\u2019aquile e il corvo imperiale, vedovo, vagava senza [&hellip;]<\/p>\n","protected":false},"author":1,"featured_media":0,"comment_status":"open","ping_status":"open","sticky":false,"template":"","format":"standard","meta":{"footnotes":""},"categories":[5,13,6],"tags":[124,3366,3365,839,3364,1276,1277,1387,1639,1665,1704,1794,1803,1925,1940,2230,2479,2738,3199],"class_list":["post-7782","post","type-post","status-publish","format-standard","hentry","category-poesia-contemporanea-2","category-poesia-italiana","category-poetry-poesia","tag-amore","tag-aquila","tag-corvo-imperiale","tag-dolomiti","tag-fata","tag-gracchi-alpini","tag-gracchio","tag-incantesimo","tag-maga","tag-malia","tag-marmotte","tag-montagna","tag-monti","tag-nostalgia","tag-nubi","tag-poesia-damore","tag-ricordi","tag-sogni","tag-yak"],"_links":{"self":[{"href":"https:\/\/www.poetamatusel.org\/index.php?rest_route=\/wp\/v2\/posts\/7782","targetHints":{"allow":["GET"]}}],"collection":[{"href":"https:\/\/www.poetamatusel.org\/index.php?rest_route=\/wp\/v2\/posts"}],"about":[{"href":"https:\/\/www.poetamatusel.org\/index.php?rest_route=\/wp\/v2\/types\/post"}],"author":[{"embeddable":true,"href":"https:\/\/www.poetamatusel.org\/index.php?rest_route=\/wp\/v2\/users\/1"}],"replies":[{"embeddable":true,"href":"https:\/\/www.poetamatusel.org\/index.php?rest_route=%2Fwp%2Fv2%2Fcomments&post=7782"}],"version-history":[{"count":15,"href":"https:\/\/www.poetamatusel.org\/index.php?rest_route=\/wp\/v2\/posts\/7782\/revisions"}],"predecessor-version":[{"id":7792,"href":"https:\/\/www.poetamatusel.org\/index.php?rest_route=\/wp\/v2\/posts\/7782\/revisions\/7792"}],"wp:attachment":[{"href":"https:\/\/www.poetamatusel.org\/index.php?rest_route=%2Fwp%2Fv2%2Fmedia&parent=7782"}],"wp:term":[{"taxonomy":"category","embeddable":true,"href":"https:\/\/www.poetamatusel.org\/index.php?rest_route=%2Fwp%2Fv2%2Fcategories&post=7782"},{"taxonomy":"post_tag","embeddable":true,"href":"https:\/\/www.poetamatusel.org\/index.php?rest_route=%2Fwp%2Fv2%2Ftags&post=7782"}],"curies":[{"name":"wp","href":"https:\/\/api.w.org\/{rel}","templated":true}]}}