{"id":7773,"date":"2023-11-30T04:55:45","date_gmt":"2023-11-30T03:55:45","guid":{"rendered":"https:\/\/www.poetamatusel.org\/?p=7773"},"modified":"2023-12-01T15:26:56","modified_gmt":"2023-12-01T14:26:56","slug":"un-pettirosso-contro-la-guerra","status":"publish","type":"post","link":"https:\/\/www.poetamatusel.org\/?p=7773","title":{"rendered":"UN PETTIROSSO CONTRO LA GUERRA?"},"content":{"rendered":"<p>&nbsp;<\/p>\n<table width=\"999\" border=\"0\" cellpadding=\"2\" cellspacing=\"0\" unselectable=\"on\">\n<tbody>\n<div id=\"attachment_7799\" style=\"width: 2304px\" class=\"wp-caption alignleft\"><img loading=\"lazy\" decoding=\"async\" aria-describedby=\"caption-attachment-7799\" src=\"https:\/\/www.poetamatusel.org\/wp-content\/uploads\/2023\/11\/robin-02.jpg\" alt=\"Pettirosso sul tetto (Erithacus rubecula) - Foto Guido Comin PoetaMatus\u00e8l\" width=\"2294\" height=\"1539\" class=\"size-full wp-image-7799\" \/><p id=\"caption-attachment-7799\" class=\"wp-caption-text\">Pettirosso sul tetto (Erithacus rubecula) &#8211; Foto Guido Comin PoetaMatus\u00e8l<\/p><\/div>\n<tr>\n<td  valign=\"top\" width=\"999\"><\/td>\n<\/tr>\n<\/tbody>\n<\/table>\n<p>&nbsp;<\/p>\n<p style=\"padding-left:0px;\"><em>Ad Annalisa<\/em> <\/p>\n<p>&nbsp;<\/p>\n<p style=\"padding-left:0px;\">Cos\u00ec perfino il canto<br \/>\ndi un mero pettirosso<br \/>\nperfora il frastuono<br \/>\ndel traffico incessante,<br \/>\nmentre aspetto, impaziente,<br \/>\nl\u2019alba tardiva,<br \/>\nin questa nostra e strana<br \/>\nfetta di esistenza,<br \/>\nin cui ormai \u201cchi grida<br \/>\npi\u00f9 forte ha ragione\u201d;<br \/>\nin questo mondo marcio<br \/>\ndove \u00e8 consentito<br \/>\nperfino sterminare<br \/>\ninteri popoli, impotenti!<\/p>\n<p>Per\u00f2 mi sovvengono<br \/>\nnozioni ornitologiche:<br \/>\nil \u2018robin\u2019 degli inglesi,<br \/>\nsimbolo invernalizio,<br \/>\n\u00e8 un uccelletto fiero e<br \/>\nbellicoso, assai geloso<br \/>\ndel proprio territorio,<br \/>\nche bene sa difendere,<br \/>\ndunque, in tutto questo,<br \/>\nun simbolo di che?<\/p>\n<p>Smetto subito di elucubrare<br \/>\ne mi sovvieni Tu,<br \/>\nTu, un tiepido sussurro<br \/>\ndi venti inesistenti,<br \/>\nin questa notte artica,<br \/>\nche sembra non finire.<br \/>\nTu che, inconsapevole,<br \/>\npuoi salvare la partita!  <\/p>\n<p>&nbsp;<br \/>\n&nbsp;<\/p>\n<table width=\"999\" border=\"0\" cellpadding=\"2\" cellspacing=\"0\" unselectable=\"on\">\n<tbody>\n<div id=\"attachment_7803\" style=\"width: 4823px\" class=\"wp-caption alignleft\"><img loading=\"lazy\" decoding=\"async\" aria-describedby=\"caption-attachment-7803\" src=\"https:\/\/www.poetamatusel.org\/wp-content\/uploads\/2023\/11\/helicopter-02.jpg\" alt=\"Elicottero militare sopra la Piave (TV) - Foto Guido Comin PoetaMatus\u00e8l\" width=\"4813\" height=\"3687\" class=\"size-full wp-image-7803\" \/><p id=\"caption-attachment-7803\" class=\"wp-caption-text\">Elicottero militare sopra la Piave al tramonto (TV) &#8211; Foto Guido Comin PoetaMatus\u00e8l<\/p><\/div>\n<tr>\n<td  valign=\"top\" width=\"999\"><\/td>\n<\/tr>\n<\/tbody>\n<\/table>\n<p>&nbsp;<br \/>\n&nbsp;<br \/>\n&nbsp;<\/p>\n<p><img loading=\"lazy\" decoding=\"async\" src=\"http:\/\/www.poetamatusel.org\/wp-content\/uploads\/2017\/01\/Viole-di-marzo-Foto-Guido-Comin-150x150.jpg\" title=\"Profumo di quasi-primavera - Foto Guido Comin PoetaMatus\u00e8l\" width=\"100\" height=\"100\" class=\"alignleft size-thumbnail wp-image-6930\" \/><\/p>\n<p style=\"padding-left:10px;\"><em>Prezioso Visitatore che mi leggi, un breve commento, anche solo un saluto, non ti costa che un piccolissimo sforzo, per\u00f2 far\u00e0 un enorme piacere a me, quando lo legger\u00f2! Grazie di cuore!! <\/em> &nbsp; :O)<\/p>\n<p>&nbsp;<\/p>\n<p style=\"padding-top:30px;\">\n<p><span style=\"font-family:'Arial Narrow Special G1';font-size:small;\">Copyright  \u00a9 2023 Guido Comin PoetaMatus\u00e8l &#8211;  Belluno, Italy. All rights reserved.<\/span><\/p>\n<p>&nbsp;<\/p>\n<p>.\u2003<\/p>\n","protected":false},"excerpt":{"rendered":"<p>&nbsp; &nbsp; Ad Annalisa &nbsp; Cos\u00ec perfino il canto di un mero pettirosso perfora il frastuono del traffico incessante, mentre aspetto, impaziente, l\u2019alba tardiva, in questa nostra e strana fetta di esistenza, in cui ormai \u201cchi grida pi\u00f9 forte ha ragione\u201d; in questo mondo marcio dove \u00e8 consentito perfino sterminare interi popoli, impotenti! Per\u00f2 mi [&hellip;]<\/p>\n","protected":false},"author":1,"featured_media":0,"comment_status":"open","ping_status":"open","sticky":false,"template":"","format":"standard","meta":{"footnotes":""},"categories":[5,13,6],"tags":[76,124,3369,3368,3367,3362,3358,3363,3360,3359,2586,2687,2779,3361],"class_list":["post-7773","post","type-post","status-publish","format-standard","hentry","category-poesia-contemporanea-2","category-poesia-italiana","category-poetry-poesia","tag-alba","tag-amore","tag-armamenti","tag-elicottero","tag-erithacus-rubecula","tag-genocidio","tag-guerra","tag-impotenza","tag-mondo-marcio","tag-pettirosso","tag-salvezza","tag-serenita","tag-speranza","tag-sterminio"],"_links":{"self":[{"href":"https:\/\/www.poetamatusel.org\/index.php?rest_route=\/wp\/v2\/posts\/7773","targetHints":{"allow":["GET"]}}],"collection":[{"href":"https:\/\/www.poetamatusel.org\/index.php?rest_route=\/wp\/v2\/posts"}],"about":[{"href":"https:\/\/www.poetamatusel.org\/index.php?rest_route=\/wp\/v2\/types\/post"}],"author":[{"embeddable":true,"href":"https:\/\/www.poetamatusel.org\/index.php?rest_route=\/wp\/v2\/users\/1"}],"replies":[{"embeddable":true,"href":"https:\/\/www.poetamatusel.org\/index.php?rest_route=%2Fwp%2Fv2%2Fcomments&post=7773"}],"version-history":[{"count":12,"href":"https:\/\/www.poetamatusel.org\/index.php?rest_route=\/wp\/v2\/posts\/7773\/revisions"}],"predecessor-version":[{"id":7779,"href":"https:\/\/www.poetamatusel.org\/index.php?rest_route=\/wp\/v2\/posts\/7773\/revisions\/7779"}],"wp:attachment":[{"href":"https:\/\/www.poetamatusel.org\/index.php?rest_route=%2Fwp%2Fv2%2Fmedia&parent=7773"}],"wp:term":[{"taxonomy":"category","embeddable":true,"href":"https:\/\/www.poetamatusel.org\/index.php?rest_route=%2Fwp%2Fv2%2Fcategories&post=7773"},{"taxonomy":"post_tag","embeddable":true,"href":"https:\/\/www.poetamatusel.org\/index.php?rest_route=%2Fwp%2Fv2%2Ftags&post=7773"}],"curies":[{"name":"wp","href":"https:\/\/api.w.org\/{rel}","templated":true}]}}