{"id":7605,"date":"2021-05-12T21:37:27","date_gmt":"2021-05-12T19:37:27","guid":{"rendered":"https:\/\/www.poetamatusel.org\/?p=7605"},"modified":"2023-12-01T19:48:45","modified_gmt":"2023-12-01T18:48:45","slug":"the-great-reset-lazzeramento-totale","status":"publish","type":"post","link":"https:\/\/www.poetamatusel.org\/?p=7605","title":{"rendered":"THE GREAT RESET (L\u2019Azzeramento Totale)"},"content":{"rendered":"<p>&nbsp;<\/p>\n<table width=\"999\" border=\"0\" cellpadding=\"2\" cellspacing=\"0\" unselectable=\"on\">\n<tbody>\n<div id=\"attachment_7619\" style=\"width: 455px\" class=\"wp-caption alignleft\"><img loading=\"lazy\" decoding=\"async\" aria-describedby=\"caption-attachment-7619\" src=\"https:\/\/www.poetamatusel.org\/wp-content\/uploads\/2021\/05\/Rane-v2.png\" alt=\"Le arcinote &quot;rane di Chomsky&quot; - Schizzo originale di Silva Cattarin\" width=\"445\" height=\"591\" class=\"size-full wp-image-7619\" \/><p id=\"caption-attachment-7619\" class=\"wp-caption-text\">Le arcinote &#8220;rane di Chomsky&#8221; &#8211; Schizzo originale di Silva Cattarin<\/p><\/div>\n<tr>\n<td  valign=\"top\" width=\"999\"><\/td>\n<\/tr>\n<\/tbody>\n<\/table>\n<p>&nbsp;<\/p>\n<p style=\"padding-left:115px;\"> <em> A Brigida <\/em><\/p>\n<p>&nbsp;<\/p>\n<p style=\"padding-left:10px;\">\nNoam aveva ragione,<br \/>\nlui, Grande Profeta!<br \/>\nAi popoli viene mentito,<br \/>\nspudoratamente, e poi<br \/>\nquei popoli stavano<br \/>\ntroppo bene, immersi<br \/>\nin acque balsamiche,<br \/>\ntiepide o appena calde<br \/>\ncome un abbraccio.<br \/>\nMa era un amplesso<br \/>\ndi mantide femmina,<br \/>\nche ora, vorace divora<br \/>\nle rane, precotte a puntino,<br \/>\nignare di tutto e perfino<br \/>\nfelici davvero di essere tali;<br \/>\nmentre pasciuti, cinici,<br \/>\nincompetenti, venduti,<br \/>\nindifferenti e dannati<br \/>\npoliticanti giocano ancora<br \/>\nad insulsi giochini a colori,<br \/>\ncon pedine che siamo noi<br \/>\ntutti, in questo immenso,<br \/>\nnuovissimo lager globale,<br \/>\nimmersi nel brodo di Chomsky!  <\/p>\n<p>&nbsp;<\/p>\n<p>&nbsp;<\/p>\n<p><img loading=\"lazy\" decoding=\"async\" src=\"http:\/\/www.poetamatusel.org\/wp-content\/uploads\/2012\/10\/icon-for-audio-files.jpg\" alt=\"AUDIO * FILE * AUDIO\" width=\"35\" height=\"35\" class=\"alignleft wp-image-2897\" \/><strong> PoetaMatus\u00e8l legge THE GREAT RESET (L\u2019Azzeramento Totale) <\/strong>  <\/p>\n<audio class=\"wp-audio-shortcode\" id=\"audio-7605-1\" preload=\"none\" style=\"width: 100%;\" controls=\"controls\"><source type=\"audio\/mpeg\" src=\"https:\/\/www.poetamatusel.org\/wp-content\/uploads\/2021\/05\/THE-GREAT-RESET.mp3?_=1\" \/><a href=\"https:\/\/www.poetamatusel.org\/wp-content\/uploads\/2021\/05\/THE-GREAT-RESET.mp3\">https:\/\/www.poetamatusel.org\/wp-content\/uploads\/2021\/05\/THE-GREAT-RESET.mp3<\/a><\/audio>\n<p>&nbsp;<br \/>\n&nbsp;<br \/>\n&nbsp;<\/p>\n<p><img loading=\"lazy\" decoding=\"async\" src=\"http:\/\/www.poetamatusel.org\/wp-content\/uploads\/2017\/01\/Viole-di-marzo-Foto-Guido-Comin-150x150.jpg\" title=\"Profumo di quasi-primavera - Foto Guido Comin PoetaMatus\u00e8l\" width=\"100\" height=\"100\" class=\"alignleft size-thumbnail wp-image-6930\" \/><\/p>\n<p style=\"padding-left:10px;\"><em>Prezioso Visitatore che mi leggi, un breve commento, anche solo un saluto, non ti costa che un piccolissimo sforzo, per\u00f2 far\u00e0 un enorme piacere a me, quando lo legger\u00f2! Grazie di cuore!! <\/em> &nbsp; :O)<\/p>\n<p>&nbsp;<\/p>\n<p style=\"padding-top:30px;\">\n<p><span style=\"font-family:'Arial Narrow Special G1';font-size:small;\">Copyright \u00a9 2021 Guido Comin PoetaMatus\u00e8l &#8211;  Berlin, Germany. All rights reserved.<\/span><\/p>\n<p>&nbsp;<\/p>\n<p>.<\/p>\n","protected":false},"excerpt":{"rendered":"<p>&nbsp; &nbsp; A Brigida &nbsp; Noam aveva ragione, lui, Grande Profeta! Ai popoli viene mentito, spudoratamente, e poi quei popoli stavano troppo bene, immersi in acque balsamiche, tiepide o appena calde come un abbraccio. Ma era un amplesso di mantide femmina, che ora, vorace divora le rane, precotte a puntino, ignare di tutto e perfino [&hellip;]<\/p>\n","protected":false},"author":1,"featured_media":0,"comment_status":"open","ping_status":"open","sticky":false,"template":"","format":"standard","meta":{"footnotes":""},"categories":[5,13,6],"tags":[3340,503,3330,3342,1099,1164,3341,3338,3339,3331,2316,3333,2460,2467,2468,2779,3343,3335,3332],"class_list":["post-7605","post","type-post","status-publish","format-standard","hentry","category-poesia-contemporanea-2","category-poesia-italiana","category-poetry-poesia","tag-assurdita","tag-catastrofe","tag-covid19","tag-dittatura","tag-follia","tag-futuro","tag-ingiustizia","tag-lager","tag-lockdown","tag-pandemia","tag-precarieta","tag-resilienza","tag-resistenza","tag-ribelle","tag-ribellione","tag-speranza","tag-tirannia","tag-umanita","tag-virus"],"_links":{"self":[{"href":"https:\/\/www.poetamatusel.org\/index.php?rest_route=\/wp\/v2\/posts\/7605","targetHints":{"allow":["GET"]}}],"collection":[{"href":"https:\/\/www.poetamatusel.org\/index.php?rest_route=\/wp\/v2\/posts"}],"about":[{"href":"https:\/\/www.poetamatusel.org\/index.php?rest_route=\/wp\/v2\/types\/post"}],"author":[{"embeddable":true,"href":"https:\/\/www.poetamatusel.org\/index.php?rest_route=\/wp\/v2\/users\/1"}],"replies":[{"embeddable":true,"href":"https:\/\/www.poetamatusel.org\/index.php?rest_route=%2Fwp%2Fv2%2Fcomments&post=7605"}],"version-history":[{"count":9,"href":"https:\/\/www.poetamatusel.org\/index.php?rest_route=\/wp\/v2\/posts\/7605\/revisions"}],"predecessor-version":[{"id":7810,"href":"https:\/\/www.poetamatusel.org\/index.php?rest_route=\/wp\/v2\/posts\/7605\/revisions\/7810"}],"wp:attachment":[{"href":"https:\/\/www.poetamatusel.org\/index.php?rest_route=%2Fwp%2Fv2%2Fmedia&parent=7605"}],"wp:term":[{"taxonomy":"category","embeddable":true,"href":"https:\/\/www.poetamatusel.org\/index.php?rest_route=%2Fwp%2Fv2%2Fcategories&post=7605"},{"taxonomy":"post_tag","embeddable":true,"href":"https:\/\/www.poetamatusel.org\/index.php?rest_route=%2Fwp%2Fv2%2Ftags&post=7605"}],"curies":[{"name":"wp","href":"https:\/\/api.w.org\/{rel}","templated":true}]}}