{"id":7554,"date":"2019-08-12T14:26:06","date_gmt":"2019-08-12T12:26:06","guid":{"rendered":"https:\/\/www.poetamatusel.org\/?p=7554"},"modified":"2023-12-01T19:50:10","modified_gmt":"2023-12-01T18:50:10","slug":"le-muse-svegliano-troppo-presto","status":"publish","type":"post","link":"https:\/\/www.poetamatusel.org\/?p=7554","title":{"rendered":"LE MUSE SVEGLIANO TROPPO PRESTO!"},"content":{"rendered":"<p>&nbsp;<\/p>\n<table width=\"999\" border=\"0\" cellpadding=\"2\" cellspacing=\"0\" unselectable=\"on\">\n<tbody>\n<div id=\"attachment_7555\" style=\"width: 650px\" class=\"wp-caption alignleft\"><img loading=\"lazy\" decoding=\"async\" aria-describedby=\"caption-attachment-7555\" src=\"https:\/\/www.poetamatusel.org\/wp-content\/uploads\/2019\/08\/sparuta-tortora-1024x768.jpg\" alt=\"Qualche sparuta tortora - Foto Guido Comin PoetaMatus\u00e8l\" width=\"640\" height=\"480\" class=\"size-large wp-image-7555\" srcset=\"https:\/\/www.poetamatusel.org\/wp-content\/uploads\/2019\/08\/sparuta-tortora-1024x768.jpg 1024w, https:\/\/www.poetamatusel.org\/wp-content\/uploads\/2019\/08\/sparuta-tortora-300x225.jpg 300w, https:\/\/www.poetamatusel.org\/wp-content\/uploads\/2019\/08\/sparuta-tortora-768x576.jpg 768w\" sizes=\"auto, (max-width: 640px) 100vw, 640px\" \/><p id=\"caption-attachment-7555\" class=\"wp-caption-text\">Qualche sparuta tortora &#8211; Foto Guido Comin PoetaMatus\u00e8l<\/p><\/div>\n<tr>\n<td  valign=\"top\" width=\"999\"><\/td>\n<\/tr>\n<\/tbody>\n<\/table>\n<p>&nbsp;<\/p>\n<p style=\"padding-left:160px;\"><em>A Martina<\/em><\/p>\n<p>&nbsp;<\/p>\n<p style=\"padding-left:10px;\"> Il nibbio ancora non si fa vivo, n\u00e9<br \/>\ni rondoni pazzerelli, che zigzagando<br \/>\ntrafiggono questo mio stanco cuore,<br \/>\nstrapazzandolo come le mie uova al<br \/>\npomodoro che Tu apprezzasti, tra un<br \/>\n\u201cno\u201d, un \u201cma\u201d e un sorriso assai dolce.<br \/>\nStamani solo aeroplani, che cupe nubi<br \/>\nmi nascondono ma non all\u2019udito, e poi<br \/>\nquelle pettegole, rauche cornacchie, e<br \/>\ni miei passeri che vivono nei fori della<br \/>\nmuratura e qualche sparuta tortora;<br \/>\nnonch\u00e9, tra i due tappeti di grano, un<br \/>\ncane, che porta a spasso il suo padrone.<br \/>\nMa in compenso ci sei Tu, eccome ci sei,<br \/>\nTu che piacevolmente mi scombussoli<br \/>\nun\u2019esistenza un po\u2019 troppo ordinata,<br \/>\nTu che porti una raffica d\u2019aria fresca<br \/>\na spazzare via le ragnatele dalla mente!<br \/>\nTu, di cui molto presto dovr\u00f2 purtroppo<br \/>\nimparare nuovamente a fare a meno\u2026  <\/p>\n<p>&nbsp;<\/p>\n<p>&nbsp;<\/p>\n<table width=\"999\" border=\"0\" cellpadding=\"2\" cellspacing=\"0\" unselectable=\"on\">\n<tbody>\n<div id=\"attachment_7556\" style=\"width: 650px\" class=\"wp-caption alignleft\"><img loading=\"lazy\" decoding=\"async\" aria-describedby=\"caption-attachment-7556\" src=\"https:\/\/www.poetamatusel.org\/wp-content\/uploads\/2019\/08\/TAPPETI-DI-GRANO-1024x539.jpg\" alt=\"Tappeti di grano - Foto Guido Comin PoetaMatus\u00e8l\" width=\"640\" height=\"337\" class=\"size-large wp-image-7556\" srcset=\"https:\/\/www.poetamatusel.org\/wp-content\/uploads\/2019\/08\/TAPPETI-DI-GRANO-1024x539.jpg 1024w, https:\/\/www.poetamatusel.org\/wp-content\/uploads\/2019\/08\/TAPPETI-DI-GRANO-300x158.jpg 300w, https:\/\/www.poetamatusel.org\/wp-content\/uploads\/2019\/08\/TAPPETI-DI-GRANO-768x404.jpg 768w, https:\/\/www.poetamatusel.org\/wp-content\/uploads\/2019\/08\/TAPPETI-DI-GRANO.jpg 1196w\" sizes=\"auto, (max-width: 640px) 100vw, 640px\" \/><p id=\"caption-attachment-7556\" class=\"wp-caption-text\">Tappeti di grano &#8211; Foto Guido Comin PoetaMatus\u00e8l<\/p><\/div>\n<tr>\n<td  valign=\"top\" width=\"999\"><\/td>\n<\/tr>\n<\/tbody>\n<\/table>\n<p>&nbsp;<\/p>\n<p>&nbsp;<\/p>\n<p><img loading=\"lazy\" decoding=\"async\" src=\"http:\/\/www.poetamatusel.org\/wp-content\/uploads\/2012\/10\/icon-for-audio-files.jpg\" alt=\"AUDIO * FILE * AUDIO\" width=\"35\" height=\"35\" class=\"alignleft wp-image-2897\" \/><strong> PoetaMatus\u00e8l legge<br \/>\nLE MUSE SVEGLIANO TROPPO PRESTO!<\/strong>  <\/p>\n<audio class=\"wp-audio-shortcode\" id=\"audio-7554-1\" preload=\"none\" style=\"width: 100%;\" controls=\"controls\"><source type=\"audio\/mpeg\" src=\"https:\/\/www.poetamatusel.org\/wp-content\/uploads\/2019\/08\/LE-MUSE-SVEGLIANO-TROPPO-PRESTO.mp3?_=1\" \/><a href=\"https:\/\/www.poetamatusel.org\/wp-content\/uploads\/2019\/08\/LE-MUSE-SVEGLIANO-TROPPO-PRESTO.mp3\">https:\/\/www.poetamatusel.org\/wp-content\/uploads\/2019\/08\/LE-MUSE-SVEGLIANO-TROPPO-PRESTO.mp3<\/a><\/audio>\n<p>&nbsp;<br \/>\n&nbsp;<br \/>\n&nbsp;<\/p>\n<p><img loading=\"lazy\" decoding=\"async\" src=\"http:\/\/www.poetamatusel.org\/wp-content\/uploads\/2017\/01\/Viole-di-marzo-Foto-Guido-Comin-150x150.jpg\" title=\"Profumo di quasi-primavera - Foto Guido Comin PoetaMatus\u00e8l\" width=\"100\" height=\"100\" class=\"alignleft size-thumbnail wp-image-6930\" \/><\/p>\n<p style=\"padding-left:10px;\"><em>Prezioso Visitatore che mi leggi, un breve commento, anche solo un saluto, non ti costa che un piccolissimo sforzo, per\u00f2 far\u00e0 un enorme piacere a me, quando lo legger\u00f2! Grazie di cuore!! <\/em> &nbsp; :O)<\/p>\n<p>&nbsp;<\/p>\n<p style=\"padding-top:30px;\">\n<p><span style=\"font-family:'Arial Narrow Special G1';font-size:small;\">Copyright  \u00a9 2019 Guido Comin PoetaMatus\u00e8l &#8211;  Belluno, Italy. All rights reserved.<\/span><\/p>\n<p>&nbsp;<\/p>\n<p>.<\/p>\n","protected":false},"excerpt":{"rendered":"<p>&nbsp; &nbsp; A Martina &nbsp; Il nibbio ancora non si fa vivo, n\u00e9 i rondoni pazzerelli, che zigzagando trafiggono questo mio stanco cuore, strapazzandolo come le mie uova al pomodoro che Tu apprezzasti, tra un \u201cno\u201d, un \u201cma\u201d e un sorriso assai dolce. Stamani solo aeroplani, che cupe nubi mi nascondono ma non all\u2019udito, e [&hellip;]<\/p>\n","protected":false},"author":1,"featured_media":0,"comment_status":"open","ping_status":"open","sticky":false,"template":"","format":"standard","meta":{"footnotes":""},"categories":[2,5,13,6],"tags":[76,3328,1599,1845,1850,3329,1925,2104,2505,2518,2950],"class_list":["post-7554","post","type-post","status-publish","format-standard","hentry","category-contemporary-poetry-2","category-poesia-contemporanea-2","category-poesia-italiana","category-poetry-poesia","tag-alba","tag-grano","tag-lontananza","tag-musa","tag-muse","tag-nibbio","tag-nostalgia","tag-passeri","tag-rinuncia","tag-risveglio","tag-tortore"],"_links":{"self":[{"href":"https:\/\/www.poetamatusel.org\/index.php?rest_route=\/wp\/v2\/posts\/7554","targetHints":{"allow":["GET"]}}],"collection":[{"href":"https:\/\/www.poetamatusel.org\/index.php?rest_route=\/wp\/v2\/posts"}],"about":[{"href":"https:\/\/www.poetamatusel.org\/index.php?rest_route=\/wp\/v2\/types\/post"}],"author":[{"embeddable":true,"href":"https:\/\/www.poetamatusel.org\/index.php?rest_route=\/wp\/v2\/users\/1"}],"replies":[{"embeddable":true,"href":"https:\/\/www.poetamatusel.org\/index.php?rest_route=%2Fwp%2Fv2%2Fcomments&post=7554"}],"version-history":[{"count":6,"href":"https:\/\/www.poetamatusel.org\/index.php?rest_route=\/wp\/v2\/posts\/7554\/revisions"}],"predecessor-version":[{"id":7812,"href":"https:\/\/www.poetamatusel.org\/index.php?rest_route=\/wp\/v2\/posts\/7554\/revisions\/7812"}],"wp:attachment":[{"href":"https:\/\/www.poetamatusel.org\/index.php?rest_route=%2Fwp%2Fv2%2Fmedia&parent=7554"}],"wp:term":[{"taxonomy":"category","embeddable":true,"href":"https:\/\/www.poetamatusel.org\/index.php?rest_route=%2Fwp%2Fv2%2Fcategories&post=7554"},{"taxonomy":"post_tag","embeddable":true,"href":"https:\/\/www.poetamatusel.org\/index.php?rest_route=%2Fwp%2Fv2%2Ftags&post=7554"}],"curies":[{"name":"wp","href":"https:\/\/api.w.org\/{rel}","templated":true}]}}