{"id":7506,"date":"2019-06-03T17:16:32","date_gmt":"2019-06-03T15:16:32","guid":{"rendered":"https:\/\/www.poetamatusel.org\/?p=7506"},"modified":"2022-08-15T20:40:06","modified_gmt":"2022-08-15T18:40:06","slug":"7506","status":"publish","type":"post","link":"https:\/\/www.poetamatusel.org\/?p=7506","title":{"rendered":"Tutti i Libri di PoetaMatus\u00e8l!"},"content":{"rendered":"<p>&nbsp;<\/p>\n<table width=\"999\" border=\"0\" cellpadding=\"2\" cellspacing=\"0\" unselectable=\"on\">\n<tbody>\n<p><img loading=\"lazy\" decoding=\"async\" src=\"https:\/\/www.poetamatusel.org\/wp-content\/uploads\/2019\/06\/banner.jpg\" alt=\"\" width=\"5557\" height=\"2886\" class=\"alignleft size-full wp-image-7623\" \/><\/p>\n<tr>\n<td  valign=\"top\" width=\"999\"><\/td>\n<\/tr>\n<\/tbody>\n<\/table>\n<p style=\"text-align: center;\"><strong><em>* NOVIT\u00c0 LUGLIO 2021 * <\/em>  <\/p>\n<p><\/strong><\/p>\n<p style=\"text-align: center;\"><strong>Care Amiche &#038; cari Amici,<br \/>\nspero di rivedervi numerosi<br \/>\na Belluno, finalmente, ora che<br \/>\nhanno riaperto la gabbia!!<br \/>\nE prima che la richiudano<br \/>\nnuovamente&#8230;  Vi presenter\u00f2<br \/>\nil secondo volume della mia<br \/>\nstoria, sicuro che vi piacer\u00e0<br \/>\nalmeno quanto il primo,<br \/>\nforse anche di pi\u00f9! <\/p>\n<p><\/strong><\/p>\n<p style=\"text-align: center;\"><strong><em>Il Vostro PoetaMatus\u00e8l<br \/>\n(alias Guido)<\/p>\n<p><\/strong><\/em><\/p>\n<p>&nbsp;<\/p>\n<p style=\"text-align: center;\"><strong><a href=\"https:\/\/www.amazon.it\/SOGNAVA-CORINNA-Storie-randagio-paneuropeo\/dp\/B08VYLT9DN\/ref=sr_1_1?__mk_it_IT=\u00c5M\u00c5\u017d\u00d5\u00d1&#038;crid=36TC65QZ44A0T&#038;dchild=1&#038;keywords=sognava+corinna&#038;qid=1612786506&#038;s=books&#038;sprefix=sognava+corinna%2Cstripbooks%2C201&#038;sr=1-1\" rel=\"noopener\" target=\"_blank\">Basta cliccare<br \/>\nsu questo link,<br \/>\nper trovare subito<br \/>\nSOGNAVA CORINNA!<\/a>  <\/p>\n<p><\/strong><\/p>\n<p>&nbsp;<\/p>\n<p>&nbsp;<\/p>\n<p style=\"text-align: center;\"><em>PoetaMatus\u00e8l<br \/>\npotete contattarlo<br \/>\nvia email:<\/em><br \/>\n<strong>poetamatusel@gmail.com<\/a><\/strong><\/p>\n<p>&nbsp;<\/p>\n<p style=\"text-align: left;\"><strong>RECENSIONI<\/strong> <em><br \/>\n[Di questo libro hanno scritto&#8230;] <\/em><\/p>\n<p><strong>Libro da leggere per comprendere le cose che veramente contano nella vita<\/strong> &#8211; Autobiografia intensa, vera, ricca di eventi, dove non mancano i colpi di scena e i momenti commoventi. Insomma un calderone pieno zeppo di personaggi interessanti, in primis ovviamente l&#8217;autore, alcuni dei quali con tratteggiature quasi mitiche! Attendiamo con ansia il sequel! <em>(Matteo Corallo, Berlino)<\/em> <\/p>\n<p><strong>Avvincente, mai scontato, sempre una sorpresa.<\/strong> &#8211; Finita oggi la lettura del tuo libro, ho seguito le tue indicazioni di non leggerlo tutto d\u2019un fiato. Avvincente in quanto, sin dall\u2019inizio, a causa della tua situazione non proprio \u201cnormale\u201d, per usare un eufemismo, si capisce che il \u201ccolpo di scena\u201d \u00e8 sempre dietro l\u2019angolo, vista anche la risolutezza che hai nel cambiare la tua vita, quando questa non ti comoda pi\u00f9. Le pagine in cui parli dei ricordi del paesello natio o in quello in cui hai trascorso la tua giovinezza e degli amici che l\u00ec avevi e di ci\u00f2 che facevate hanno riportato pure me al passato. <em>(Fabcato, Montebelluna, Treviso)<\/em> <\/p>\n<p><strong>Un libro dove ritroverai pezzi di te<\/strong> &#8211; Una lettura molto piacevole, scorrevole, sembra di vedere un film, immaginando tutte le scene che tu hai descritto cos\u00ec bene. Bellissime le foto, complimenti, messe al punto giusto danno ancora di pi\u00f9 l\u2019idea di formarti questo film mentale. Mi \u00e8 piaciuta la prefazione: cos\u00ec hai fatto centro nel coinvolgere il lettore, perch\u00e9 ognuno di noi si ritrover\u00e0 in un pezzetto della tua storia. <em>(Rebecca Pra Mio, Val di Zoldo, Belluno)<\/em> <\/p>\n<p><strong>Un racconto intenso! Finito!!! Proprio d&#8217;un fiato!<\/strong> &#8211; Sono stata letteralmente trasportata dal tuo racconto. Ti ho ascoltato. Conoscendo i luoghi, ogni tanto mi sono fermata e ad occhi chiusi ho visto un film. Ho potuto immaginare visi, gesti, emozioni. Un vita cos\u00ec va raccontata. Spero tu stia gi\u00e0 lavorando al prossimo libro! Ho seguito il suggerimento nella premessa e ho &#8220;ascoltato&#8221; l&#8217;autore. Sono stata letteralmente trasportata dal suo racconto. Attendo di poter leggere il seguito di questo viaggio! <em>(Michela B., Belluno)<\/em> <\/p>\n<p><strong>Ricami del tempo sulle pagine<\/strong> &#8211; Il mio caro amico Guido PoetaMatus\u00e8l ha scritto questo &#8220;Sognava Corinna&#8221; precisando che, nonostante lui sia poeta, il libro sia in prosa. No, non \u00e8 cos\u00ec. La poesia del passato, dei ricordi in bianco e nero o, al massimo, in color seppia, pervadono le pagine con un senso di tenera e dolente nostalgia, come una lacrima sospesa sulla guancia d&#8217;un bambino. Bello, da respirarne la dolcezza e il profumo. <em>(Patrizia A., Roma)<\/em> <\/p>\n<p><strong>Buon libro, scritto bene, scorrevole e mai palloso,<\/strong> nonostante sia una autobiografia che, tra le altre cose, ben conoscevo. \u00c8 uno spaccato geografico e culturale di una Europa e di un&#8217;epoca conclusa. Ben dosati i rimandi letterari citati. Buona l\u2019idea del lettore che ascolta, invece di leggere. Mi ricorda certe serate, seduti dentro freddi tuboni di cemento. La poesia \u00e8 sicuramente pi\u00f9 metafisica, ma il racconto vince sempre. Bel  lavoro! <em>(Franco M., Ravenna)<\/em> <\/p>\n<p><strong>Molto bello, scorrevole, si legge davvero molto volentieri.<\/strong> Per di pi\u00f9, si rimane coinvolti da questa storia. Si riesce ad immaginare i posti, perci\u00f2 si \u00e8 molto presi  e avrei potuto continuare ancora un bel po\u2019.  Mi sarebbe piaciuto leggere ancora di pi\u00f9! <em>(Anna Maria M., Sanremo)<\/em> <\/p>\n<p><strong>Perfect!!! Beautiful beautiful beautiful!!!<\/strong> For a moment, when you talk about your mum, a little sad&#8230; Scorrevole, interessante, molto piacevole la lettura&#8230; ti viene voglia di saperne di pi\u00f9&#8230; mi piace. I think you need to write more books to talk about your life. <em>(Lia Z., Brighton, Regno Unito)<\/em> <\/p>\n<p><strong>Bene, concluso. Si legge d&#8217;un fiato.<\/strong> Buon ritmo di narrazione, che cala un poco un paio di volte quando parli di ricordi generici: la gente vuole arrosto, fatti. Bene anche il linguaggio, soffuso di gentile humour. Gradevolissimo insomma. Che dirti oltre a BRAVO e COMPLIMENTONI? <em>(Antonella G., Meda, MB)<\/em> <\/p>\n<p><strong>Bello, bello, scorrevole, mi piace.<\/strong> Lo leggi velocemente e ti incuriosisce. <em>(Silva C., Treviso)<\/em> <\/p>\n<p>&nbsp;<\/p>\n<table width=\"999\" border=\"0\" cellpadding=\"2\" cellspacing=\"0\" unselectable=\"on\">\n<tbody>\n<p><img loading=\"lazy\" decoding=\"async\" src=\"https:\/\/www.poetamatusel.org\/wp-content\/uploads\/2019\/06\/ME-with-BOOK-2.jpg\" alt=\"\" width=\"1067\" height=\"1068\" class=\"aligncenter size-full wp-image-7617\" \/><\/p>\n<tr>\n<td  valign=\"top\" width=\"999\"><\/td>\n<\/tr>\n<\/tbody>\n<\/table>\n<p style=\"text-align: center;\"><strong>Quattro dei miei cinque libri<br \/>\ndi POESIA sono invece<br \/>\ngi\u00e0 disponibili<br \/>\nda AMAZON! <\/p>\n<p><\/strong><\/p>\n<p>&nbsp;<\/p>\n<table width=\"999\" border=\"0\" cellpadding=\"2\" cellspacing=\"0\" unselectable=\"on\">\n<tbody>\n<p><img loading=\"lazy\" decoding=\"async\" src=\"https:\/\/www.poetamatusel.org\/wp-content\/uploads\/2019\/06\/Banner-updated-1024x520.jpg\" alt=\"\" width=\"640\" height=\"325\" class=\"aligncenter size-large wp-image-7537\" srcset=\"https:\/\/www.poetamatusel.org\/wp-content\/uploads\/2019\/06\/Banner-updated-1024x520.jpg 1024w, https:\/\/www.poetamatusel.org\/wp-content\/uploads\/2019\/06\/Banner-updated-300x152.jpg 300w, https:\/\/www.poetamatusel.org\/wp-content\/uploads\/2019\/06\/Banner-updated-768x390.jpg 768w\" sizes=\"auto, (max-width: 640px) 100vw, 640px\" \/><\/p>\n<tr>\n<td  valign=\"top\" width=\"999\"><\/td>\n<\/tr>\n<\/tbody>\n<\/table>\n<p>&nbsp;<\/p>\n<p style=\"padding-top:50px;\">\n<p><span style=\"font-family:'Arial Narrow Special G1';font-size:small;\">Copyright  \u00a9 2019-2021 Guido Comin PoetaMatus\u00e8l &#8211;  Belluno, Italy \/ Berlin, Germany. All rights reserved.<\/span><\/p>\n<p>&nbsp;<\/p>\n<p>.<\/p>\n","protected":false},"excerpt":{"rendered":"<p>&nbsp; * NOVIT\u00c0 LUGLIO 2021 * Care Amiche &#038; cari Amici, spero di rivedervi numerosi a Belluno, finalmente, ora che hanno riaperto la gabbia!! E prima che la richiudano nuovamente&#8230; Vi presenter\u00f2 il secondo volume della mia storia, sicuro che vi piacer\u00e0 almeno quanto il primo, forse anche di pi\u00f9! Il Vostro PoetaMatus\u00e8l (alias Guido) [&hellip;]<\/p>\n","protected":false},"author":1,"featured_media":0,"comment_status":"open","ping_status":"open","sticky":false,"template":"","format":"standard","meta":{"footnotes":""},"categories":[4,5,13,6,7],"tags":[321,1561,3324,2223,3325],"class_list":["post-7506","post","type-post","status-publish","format-standard","hentry","category-eventi-poetici-2","category-poesia-contemporanea-2","category-poesia-italiana","category-poetry-poesia","category-prose-prosa","tag-belluno","tag-lettura","tag-libro","tag-poesia","tag-presentazione"],"_links":{"self":[{"href":"https:\/\/www.poetamatusel.org\/index.php?rest_route=\/wp\/v2\/posts\/7506","targetHints":{"allow":["GET"]}}],"collection":[{"href":"https:\/\/www.poetamatusel.org\/index.php?rest_route=\/wp\/v2\/posts"}],"about":[{"href":"https:\/\/www.poetamatusel.org\/index.php?rest_route=\/wp\/v2\/types\/post"}],"author":[{"embeddable":true,"href":"https:\/\/www.poetamatusel.org\/index.php?rest_route=\/wp\/v2\/users\/1"}],"replies":[{"embeddable":true,"href":"https:\/\/www.poetamatusel.org\/index.php?rest_route=%2Fwp%2Fv2%2Fcomments&post=7506"}],"version-history":[{"count":42,"href":"https:\/\/www.poetamatusel.org\/index.php?rest_route=\/wp\/v2\/posts\/7506\/revisions"}],"predecessor-version":[{"id":7515,"href":"https:\/\/www.poetamatusel.org\/index.php?rest_route=\/wp\/v2\/posts\/7506\/revisions\/7515"}],"wp:attachment":[{"href":"https:\/\/www.poetamatusel.org\/index.php?rest_route=%2Fwp%2Fv2%2Fmedia&parent=7506"}],"wp:term":[{"taxonomy":"category","embeddable":true,"href":"https:\/\/www.poetamatusel.org\/index.php?rest_route=%2Fwp%2Fv2%2Fcategories&post=7506"},{"taxonomy":"post_tag","embeddable":true,"href":"https:\/\/www.poetamatusel.org\/index.php?rest_route=%2Fwp%2Fv2%2Ftags&post=7506"}],"curies":[{"name":"wp","href":"https:\/\/api.w.org\/{rel}","templated":true}]}}