{"id":7487,"date":"2019-04-14T15:15:45","date_gmt":"2019-04-14T13:15:45","guid":{"rendered":"https:\/\/www.poetamatusel.org\/?p=7487"},"modified":"2023-12-01T19:51:33","modified_gmt":"2023-12-01T18:51:33","slug":"primavera-e-primavera","status":"publish","type":"post","link":"https:\/\/www.poetamatusel.org\/?p=7487","title":{"rendered":"PRIMAVERA E \u2026 PRIMAVERA"},"content":{"rendered":"<p>&nbsp;<\/p>\n<table width=\"999\" border=\"0\" cellpadding=\"2\" cellspacing=\"0\" unselectable=\"on\">\n<tbody>\n<div id=\"attachment_7488\" style=\"width: 650px\" class=\"wp-caption alignleft\"><img loading=\"lazy\" decoding=\"async\" aria-describedby=\"caption-attachment-7488\" src=\"https:\/\/www.poetamatusel.org\/wp-content\/uploads\/2019\/04\/Primavera-002-1024x566.jpg\" alt=\"Azzurro improbabile - Foto Guido Comin PoetaMatus\u00e8l\" width=\"640\" height=\"354\" class=\"size-large wp-image-7488\" srcset=\"https:\/\/www.poetamatusel.org\/wp-content\/uploads\/2019\/04\/Primavera-002-1024x566.jpg 1024w, https:\/\/www.poetamatusel.org\/wp-content\/uploads\/2019\/04\/Primavera-002-300x166.jpg 300w, https:\/\/www.poetamatusel.org\/wp-content\/uploads\/2019\/04\/Primavera-002-768x425.jpg 768w, https:\/\/www.poetamatusel.org\/wp-content\/uploads\/2019\/04\/Primavera-002.jpg 1280w\" sizes=\"auto, (max-width: 640px) 100vw, 640px\" \/><p id=\"caption-attachment-7488\" class=\"wp-caption-text\">Azzurro improbabile &#8211; Foto Guido Comin PoetaMatus\u00e8l<\/p><\/div>\n<tr>\n<td  valign=\"top\" width=\"999\"><\/td>\n<\/tr>\n<\/tbody>\n<\/table>\n<p>&nbsp;<\/p>\n<p style=\"padding-left:203px;\"><em>A Silva<\/em> <\/p>\n<p style=\"padding-left:10px;\">Dopo ciliegi, forsizie e biancospini,<br \/>\nora incontro crochi e narcisi<br \/>\nun poco ovunque. Poi, verranno<br \/>\nacacie ed ippocastani, e, prima<br \/>\no dopo, gronder\u00e0 di luce dorata<br \/>\nil maggiociondolo. Nei cespugli,<br \/>\ngi\u00e0 fremono alucce di passeri,<br \/>\ne a breve ritorneranno i folli<br \/>\nrondoni \u2013 frecce che trafiggono<br \/>\ncuori \u2013 a rattoppare precarie,<br \/>\nlogore nuvole, in cieli di azzurri<br \/>\nalquanto improbabili. Sebbene<br \/>\na latitudini assai diverse, rimane<br \/>\ntuttavia sempre amica quella sola,<br \/>\nvera divinit\u00e0, imprescindibile Diva:<br \/>\nNatura. Eppure di nuovo cercher\u00f2,<br \/>\nbench\u00e9 passata la prima fioritura,<br \/>\naltrove la mia sola, unica, sincera,<br \/>\nvera ed impareggiabile Primavera!  <\/p>\n<p>&nbsp;<\/p>\n<p>&nbsp;<\/p>\n<table width=\"999\" border=\"0\" cellpadding=\"2\" cellspacing=\"0\" unselectable=\"on\">\n<tbody>\n<div id=\"attachment_7489\" style=\"width: 650px\" class=\"wp-caption alignleft\"><img loading=\"lazy\" decoding=\"async\" aria-describedby=\"caption-attachment-7489\" src=\"https:\/\/www.poetamatusel.org\/wp-content\/uploads\/2019\/04\/Primavera-001-1024x522.jpg\" alt=\"Esplode Primavera - Foto Guido Comin PoetaMatus\u00e8l\" width=\"640\" height=\"326\" class=\"size-large wp-image-7489\" srcset=\"https:\/\/www.poetamatusel.org\/wp-content\/uploads\/2019\/04\/Primavera-001-1024x522.jpg 1024w, https:\/\/www.poetamatusel.org\/wp-content\/uploads\/2019\/04\/Primavera-001-300x153.jpg 300w, https:\/\/www.poetamatusel.org\/wp-content\/uploads\/2019\/04\/Primavera-001-768x391.jpg 768w, https:\/\/www.poetamatusel.org\/wp-content\/uploads\/2019\/04\/Primavera-001.jpg 1280w\" sizes=\"auto, (max-width: 640px) 100vw, 640px\" \/><p id=\"caption-attachment-7489\" class=\"wp-caption-text\">Esplode Primavera &#8211; Foto Guido Comin PoetaMatus\u00e8l<\/p><\/div>\n<tr>\n<td  valign=\"top\" width=\"999\"><\/td>\n<\/tr>\n<\/tbody>\n<\/table>\n<p>&nbsp;<\/p>\n<p>&nbsp;<\/p>\n<p><img loading=\"lazy\" decoding=\"async\" src=\"http:\/\/www.poetamatusel.org\/wp-content\/uploads\/2012\/10\/icon-for-audio-files.jpg\" alt=\"AUDIO * FILE * AUDIO\" width=\"35\" height=\"35\" class=\"alignleft wp-image-2897\" \/><strong> PoetaMatus\u00e8l legge<br \/>\nPRIMAVERA E\u2026 PRIMAVERA<\/strong>  <\/p>\n<audio class=\"wp-audio-shortcode\" id=\"audio-7487-1\" preload=\"none\" style=\"width: 100%;\" controls=\"controls\"><source type=\"audio\/mpeg\" src=\"https:\/\/www.poetamatusel.org\/wp-content\/uploads\/2019\/04\/PRIMAVERA-E-PRIMAVERA.mp3?_=1\" \/><a href=\"https:\/\/www.poetamatusel.org\/wp-content\/uploads\/2019\/04\/PRIMAVERA-E-PRIMAVERA.mp3\">https:\/\/www.poetamatusel.org\/wp-content\/uploads\/2019\/04\/PRIMAVERA-E-PRIMAVERA.mp3<\/a><\/audio>\n<p style=\"padding-left:10px;\"><strong>Il sottofondo musicale \u00e8 &#8220;Primavera&#8221;, un pezzo originale,<br \/>\n scritto ed eseguito da Guido Comin PoetaMatus\u00e8l.<\/strong><\/p>\n<p>&nbsp;<br \/>\n&nbsp;<br \/>\n&nbsp;<\/p>\n<p><img loading=\"lazy\" decoding=\"async\" src=\"http:\/\/www.poetamatusel.org\/wp-content\/uploads\/2017\/01\/Viole-di-marzo-Foto-Guido-Comin-150x150.jpg\" title=\"Profumo di quasi-primavera - Foto Guido Comin PoetaMatus\u00e8l\" width=\"100\" height=\"100\" class=\"alignleft size-thumbnail wp-image-6930\" \/><\/p>\n<p style=\"padding-left:10px;\"><em>Prezioso Visitatore che mi leggi, un breve commento, anche solo un saluto, non ti costa che un piccolissimo sforzo, per\u00f2 far\u00e0 un enorme piacere a me, quando lo legger\u00f2! Grazie di cuore!! <\/em> &nbsp; :O)<\/p>\n<p>&nbsp;<\/p>\n<p style=\"padding-top:30px;\">\n<p><span style=\"font-family:'Arial Narrow Special G1';font-size:small;\">Copyright  \u00a9 2019 Guido Comin PoetaMatus\u00e8l &#8211;  Belluno, Italy. All rights reserved.<\/span><\/p>\n<p>&nbsp;<\/p>\n<p>.<\/p>\n","protected":false},"excerpt":{"rendered":"<p>&nbsp; &nbsp; A Silva Dopo ciliegi, forsizie e biancospini, ora incontro crochi e narcisi un poco ovunque. Poi, verranno acacie ed ippocastani, e, prima o dopo, gronder\u00e0 di luce dorata il maggiociondolo. Nei cespugli, gi\u00e0 fremono alucce di passeri, e a breve ritorneranno i folli rondoni \u2013 frecce che trafiggono cuori \u2013 a rattoppare precarie, [&hellip;]<\/p>\n","protected":false},"author":1,"featured_media":0,"comment_status":"open","ping_status":"open","sticky":false,"template":"","format":"standard","meta":{"footnotes":""},"categories":[5,13],"tags":[264,3322,3323,3321,1462,1643,1869,1877,2104,2344,2541],"class_list":["post-7487","post","type-post","status-publish","format-standard","hentry","category-poesia-contemporanea-2","category-poesia-italiana","tag-azzurro","tag-biancospino","tag-crochi","tag-forsizia","tag-ippocastano","tag-maggiociondolo","tag-narcisi","tag-natura","tag-passeri","tag-primavera","tag-rondoni"],"_links":{"self":[{"href":"https:\/\/www.poetamatusel.org\/index.php?rest_route=\/wp\/v2\/posts\/7487","targetHints":{"allow":["GET"]}}],"collection":[{"href":"https:\/\/www.poetamatusel.org\/index.php?rest_route=\/wp\/v2\/posts"}],"about":[{"href":"https:\/\/www.poetamatusel.org\/index.php?rest_route=\/wp\/v2\/types\/post"}],"author":[{"embeddable":true,"href":"https:\/\/www.poetamatusel.org\/index.php?rest_route=\/wp\/v2\/users\/1"}],"replies":[{"embeddable":true,"href":"https:\/\/www.poetamatusel.org\/index.php?rest_route=%2Fwp%2Fv2%2Fcomments&post=7487"}],"version-history":[{"count":11,"href":"https:\/\/www.poetamatusel.org\/index.php?rest_route=\/wp\/v2\/posts\/7487\/revisions"}],"predecessor-version":[{"id":7814,"href":"https:\/\/www.poetamatusel.org\/index.php?rest_route=\/wp\/v2\/posts\/7487\/revisions\/7814"}],"wp:attachment":[{"href":"https:\/\/www.poetamatusel.org\/index.php?rest_route=%2Fwp%2Fv2%2Fmedia&parent=7487"}],"wp:term":[{"taxonomy":"category","embeddable":true,"href":"https:\/\/www.poetamatusel.org\/index.php?rest_route=%2Fwp%2Fv2%2Fcategories&post=7487"},{"taxonomy":"post_tag","embeddable":true,"href":"https:\/\/www.poetamatusel.org\/index.php?rest_route=%2Fwp%2Fv2%2Ftags&post=7487"}],"curies":[{"name":"wp","href":"https:\/\/api.w.org\/{rel}","templated":true}]}}