{"id":7475,"date":"2019-03-24T13:47:09","date_gmt":"2019-03-24T12:47:09","guid":{"rendered":"https:\/\/www.poetamatusel.org\/?p=7475"},"modified":"2023-12-01T19:52:19","modified_gmt":"2023-12-01T18:52:19","slug":"primavera-diversa-e-piu-vera","status":"publish","type":"post","link":"https:\/\/www.poetamatusel.org\/?p=7475","title":{"rendered":"PRIMAVERA DIVERSA &#8230; E PI\u00d9 VERA!"},"content":{"rendered":"<p>&nbsp;<\/p>\n<table width=\"999\" border=\"0\" cellpadding=\"2\" cellspacing=\"0\" unselectable=\"on\">\n<tbody>\n<div id=\"attachment_7477\" style=\"width: 650px\" class=\"wp-caption alignleft\"><img loading=\"lazy\" decoding=\"async\" aria-describedby=\"caption-attachment-7477\" src=\"https:\/\/www.poetamatusel.org\/wp-content\/uploads\/2019\/03\/Primavera-01-1024x498.jpg\" alt=\"Rami spogli di tristi alberi - Foto Guido Comin PoetaMatus\u00e8l\" width=\"640\" height=\"311\" class=\"size-large wp-image-7477\" srcset=\"https:\/\/www.poetamatusel.org\/wp-content\/uploads\/2019\/03\/Primavera-01-1024x498.jpg 1024w, https:\/\/www.poetamatusel.org\/wp-content\/uploads\/2019\/03\/Primavera-01-300x146.jpg 300w, https:\/\/www.poetamatusel.org\/wp-content\/uploads\/2019\/03\/Primavera-01-768x373.jpg 768w, https:\/\/www.poetamatusel.org\/wp-content\/uploads\/2019\/03\/Primavera-01.jpg 1280w\" sizes=\"auto, (max-width: 640px) 100vw, 640px\" \/><p id=\"caption-attachment-7477\" class=\"wp-caption-text\">Rami spogli di tristi alberi &#8211; Foto Guido Comin PoetaMatus\u00e8l<\/p><\/div>\n<tr>\n<td  valign=\"top\" width=\"999\"><\/td>\n<\/tr>\n<\/tbody>\n<\/table>\n<p>&nbsp;<\/p>\n<p style=\"padding-left:100px;\"><em>\u201cd\u00e0ime la man, put\u00e8la, comp\u00e0gna \u2018l m\u00e8 sint\u00e9r<br \/>\ngh\u2019\u00e8 i zir\u00e9si \u2018n pel pu p\u00e0lidi, i se str\u00f9ssia armelin\u00e0ri<br \/>\ne tut i fiori \u2018ntorn i \u2018nd\u00f2ra \u2018l bosch che sb\u00f2gia \u2026\u201d <\/em><br \/>\nDiaolin Giuliano Natali   <\/p>\n<p>&nbsp;<\/p>\n<p style=\"padding-left:100px;\"><em>A Silva <\/em>  <\/p>\n<p>&nbsp;<\/p>\n<p style=\"padding-left:0px;\"> Un sole pallidissimo,<br \/>\nche appena si fa strada<br \/>\ntra i rami scuri e ancora spogli<br \/>\ndi tristi alberi,<br \/>\nnon fa certo una primavera<br \/>\ndegna del nome.<br \/>\nRallegrano per\u00f2 altri alberi,<br \/>\ntutti ricoperti gi\u00e0<br \/>\ndi fiori; e merli e passeri<br \/>\nsi danno un gran da fare,<br \/>\nad azzuffarsi ferocemente<br \/>\nper poche femmine.  <\/p>\n<p style=\"padding-left:0px;\"> Pi\u00f9 discrete, cornacchie<br \/>\ne gazze lo fanno, ma<br \/>\nlontano da occhi umani<br \/>\ntroppo invadenti.<br \/>\nCrochi e narcisi scoppiano<br \/>\normai ovunque,<br \/>\nincuranti del folle traffico<br \/>\nche tutto inquina;<br \/>\npersino forsizie, laggi\u00f9<br \/>\ntrovate gi\u00e0 sfiorite,<br \/>\nora sfoggiano qui le splendide<br \/>\nlivree gialle.  <\/p>\n<p style=\"padding-left:0px;\"> Ma la nostra primavera<br \/>\n\u00e8 ben altra cosa,<br \/>\nse ci ritroviamo a quel bivio,<br \/>\ndove allora<br \/>\nci lasciammo, nel bosco,<br \/>\nper seguire strade diverse,<br \/>\neppure di rado troppo divergenti.<br \/>\nE vorrei ora prenderti la<br \/>\nmano, per mai pi\u00f9<br \/>\nlasciarla e fare in modo<br \/>\nche ogni minuto,<br \/>\nche ancora ci sar\u00e0 dato,<br \/>\nnon duri per meri,<br \/>\nmiseri secondi, bens\u00ec una<br \/>\npiccola, preziosa Eternit\u00e0!  <\/p>\n<p>&nbsp;<\/p>\n<p>&nbsp;<\/p>\n<table width=\"999\" border=\"0\" cellpadding=\"2\" cellspacing=\"0\" unselectable=\"on\">\n<tbody>\n<div id=\"attachment_7478\" style=\"width: 650px\" class=\"wp-caption alignleft\"><img loading=\"lazy\" decoding=\"async\" aria-describedby=\"caption-attachment-7478\" src=\"https:\/\/www.poetamatusel.org\/wp-content\/uploads\/2019\/03\/Primavera-02-1024x487.jpg\" alt=\"Rallegrano altri alberi... - Foto Guido Comin PoetaMatus\u00e8l\" width=\"640\" height=\"304\" class=\"size-large wp-image-7478\" srcset=\"https:\/\/www.poetamatusel.org\/wp-content\/uploads\/2019\/03\/Primavera-02-1024x487.jpg 1024w, https:\/\/www.poetamatusel.org\/wp-content\/uploads\/2019\/03\/Primavera-02-300x143.jpg 300w, https:\/\/www.poetamatusel.org\/wp-content\/uploads\/2019\/03\/Primavera-02-768x365.jpg 768w, https:\/\/www.poetamatusel.org\/wp-content\/uploads\/2019\/03\/Primavera-02.jpg 1213w\" sizes=\"auto, (max-width: 640px) 100vw, 640px\" \/><p id=\"caption-attachment-7478\" class=\"wp-caption-text\">Rallegrano altri alberi&#8230; &#8211; Foto Guido Comin PoetaMatus\u00e8l<\/p><\/div>\n<tr>\n<td  valign=\"top\" width=\"999\"><\/td>\n<\/tr>\n<\/tbody>\n<\/table>\n<p>&nbsp;<\/p>\n<p>&nbsp;<\/p>\n<p><img loading=\"lazy\" decoding=\"async\" src=\"http:\/\/www.poetamatusel.org\/wp-content\/uploads\/2012\/10\/icon-for-audio-files.jpg\" alt=\"AUDIO * FILE * AUDIO\" width=\"35\" height=\"35\" class=\"alignleft wp-image-2897\" \/><strong> PoetaMatus\u00e8l legge<br \/>\nPRIMAVERA DIVERSA&#8230; E PI\u00d9 VERA!<\/strong>  <\/p>\n<audio class=\"wp-audio-shortcode\" id=\"audio-7475-1\" preload=\"none\" style=\"width: 100%;\" controls=\"controls\"><source type=\"audio\/mpeg\" src=\"https:\/\/www.poetamatusel.org\/wp-content\/uploads\/2019\/03\/PRIMAVERA-DIVERSA-PIU-VERA.mp3?_=1\" \/><a href=\"https:\/\/www.poetamatusel.org\/wp-content\/uploads\/2019\/03\/PRIMAVERA-DIVERSA-PIU-VERA.mp3\">https:\/\/www.poetamatusel.org\/wp-content\/uploads\/2019\/03\/PRIMAVERA-DIVERSA-PIU-VERA.mp3<\/a><\/audio>\n<p style=\"padding-left:10px;\"><strong>Musica: Jules Massenet, M\u00e9ditation, dall&#8217;opera &#8216;Tha\u00efs&#8217;<br \/>\nViolino: Steven Cheng<\/strong> <\/p>\n<p>&nbsp;<br \/>\n&nbsp;<br \/>\n&nbsp;<\/p>\n<p><img loading=\"lazy\" decoding=\"async\" src=\"http:\/\/www.poetamatusel.org\/wp-content\/uploads\/2017\/01\/Viole-di-marzo-Foto-Guido-Comin-150x150.jpg\" title=\"Profumo di quasi-primavera - Foto Guido Comin PoetaMatus\u00e8l\" width=\"100\" height=\"100\" class=\"alignleft size-thumbnail wp-image-6930\" \/><\/p>\n<p style=\"padding-left:10px;\"><em>Prezioso Visitatore che mi leggi, un breve commento, anche solo un saluto, non ti costa che un piccolissimo sforzo, per\u00f2 far\u00e0 un enorme piacere a me, quando lo legger\u00f2! Grazie di cuore!! <\/em> &nbsp; :O)<\/p>\n<p>&nbsp;<\/p>\n<p style=\"padding-top:30px;\">\n<p><span style=\"font-family:'Arial Narrow Special G1';font-size:small;\">Copyright  \u00a9 2019 Guido Comin PoetaMatus\u00e8l &#8211;  Belluno, Italy. All rights reserved.<\/span><\/p>\n<p>&nbsp;<\/p>\n<p>.<\/p>\n","protected":false},"excerpt":{"rendered":"<p>&nbsp; &nbsp; \u201cd\u00e0ime la man, put\u00e8la, comp\u00e0gna \u2018l m\u00e8 sint\u00e9r gh\u2019\u00e8 i zir\u00e9si \u2018n pel pu p\u00e0lidi, i se str\u00f9ssia armelin\u00e0ri e tut i fiori \u2018ntorn i \u2018nd\u00f2ra \u2018l bosch che sb\u00f2gia \u2026\u201d Diaolin Giuliano Natali &nbsp; A Silva &nbsp; Un sole pallidissimo, che appena si fa strada tra i rami scuri e ancora spogli [&hellip;]<\/p>\n","protected":false},"author":1,"featured_media":0,"comment_status":"open","ping_status":"open","sticky":false,"template":"","format":"standard","meta":{"footnotes":""},"categories":[5,13,6],"tags":[3320,1115,1191,3318,3319,1744,2104,2344,2501,2518,2523],"class_list":["post-7475","post","type-post","status-publish","format-standard","hentry","category-poesia-contemporanea-2","category-poesia-italiana","category-poetry-poesia","tag-cornacchie","tag-forsizie","tag-gazze","tag-massenet","tag-meditation","tag-merli","tag-passeri","tag-primavera","tag-rinnovamento","tag-risveglio","tag-ritorno"],"_links":{"self":[{"href":"https:\/\/www.poetamatusel.org\/index.php?rest_route=\/wp\/v2\/posts\/7475","targetHints":{"allow":["GET"]}}],"collection":[{"href":"https:\/\/www.poetamatusel.org\/index.php?rest_route=\/wp\/v2\/posts"}],"about":[{"href":"https:\/\/www.poetamatusel.org\/index.php?rest_route=\/wp\/v2\/types\/post"}],"author":[{"embeddable":true,"href":"https:\/\/www.poetamatusel.org\/index.php?rest_route=\/wp\/v2\/users\/1"}],"replies":[{"embeddable":true,"href":"https:\/\/www.poetamatusel.org\/index.php?rest_route=%2Fwp%2Fv2%2Fcomments&post=7475"}],"version-history":[{"count":12,"href":"https:\/\/www.poetamatusel.org\/index.php?rest_route=\/wp\/v2\/posts\/7475\/revisions"}],"predecessor-version":[{"id":7815,"href":"https:\/\/www.poetamatusel.org\/index.php?rest_route=\/wp\/v2\/posts\/7475\/revisions\/7815"}],"wp:attachment":[{"href":"https:\/\/www.poetamatusel.org\/index.php?rest_route=%2Fwp%2Fv2%2Fmedia&parent=7475"}],"wp:term":[{"taxonomy":"category","embeddable":true,"href":"https:\/\/www.poetamatusel.org\/index.php?rest_route=%2Fwp%2Fv2%2Fcategories&post=7475"},{"taxonomy":"post_tag","embeddable":true,"href":"https:\/\/www.poetamatusel.org\/index.php?rest_route=%2Fwp%2Fv2%2Ftags&post=7475"}],"curies":[{"name":"wp","href":"https:\/\/api.w.org\/{rel}","templated":true}]}}