{"id":7424,"date":"2018-10-17T12:57:00","date_gmt":"2018-10-17T10:57:00","guid":{"rendered":"http:\/\/www.poetamatusel.org\/?p=7424"},"modified":"2023-12-01T19:53:02","modified_gmt":"2023-12-01T18:53:02","slug":"tra-pioppi-ginkgo-e-betulle","status":"publish","type":"post","link":"https:\/\/www.poetamatusel.org\/?p=7424","title":{"rendered":"TRA PIOPPI, GINKGO E BETULLE"},"content":{"rendered":"<p>&nbsp;<\/p>\n<table width=\"999\" border=\"0\" cellpadding=\"2\" cellspacing=\"0\" unselectable=\"on\">\n<tbody>\n<div id=\"attachment_7425\" style=\"width: 810px\" class=\"wp-caption alignleft\"><img loading=\"lazy\" decoding=\"async\" aria-describedby=\"caption-attachment-7425\" src=\"https:\/\/www.poetamatusel.org\/wp-content\/uploads\/2018\/10\/2018-10-17-12.33.17.jpg\" alt=\"Nuvole, come panna montata a casaccio - Foto Guido Comin PoetaMatus\u00e8l\" width=\"800\" height=\"600\" class=\"size-full wp-image-7425\" srcset=\"https:\/\/www.poetamatusel.org\/wp-content\/uploads\/2018\/10\/2018-10-17-12.33.17.jpg 800w, https:\/\/www.poetamatusel.org\/wp-content\/uploads\/2018\/10\/2018-10-17-12.33.17-300x225.jpg 300w, https:\/\/www.poetamatusel.org\/wp-content\/uploads\/2018\/10\/2018-10-17-12.33.17-768x576.jpg 768w\" sizes=\"auto, (max-width: 800px) 100vw, 800px\" \/><p id=\"caption-attachment-7425\" class=\"wp-caption-text\">Nuvole, come panna montata a casaccio &#8211; Foto Guido Comin PoetaMatus\u00e8l<\/p><\/div>\n<tr>\n<td  valign=\"top\" width=\"999\"><\/td>\n<\/tr>\n<\/tbody>\n<\/table>\n<p>&nbsp;<\/p>\n<p style=\"padding-left:150px;\"><em>A Silva<\/em><\/p>\n<p>&nbsp;<\/p>\n<p style=\"padding-left:10px;\">Stasera ti cerco tra nuvole<br \/>\ndi panna montata a casaccio,<br \/>\ntra foglie che il vento disperde;<br \/>\ne intanto penso a quei magici<br \/>\npassi tra cani, capre e cavalli.  <\/p>\n<p style=\"padding-left:10px;\"> O ancora ti cerco tra foglie<br \/>\nmorte che molto bene conosco<br \/>\ne tra quelle, ancor verdi ma<br \/>\nanche ingiallite, del ginkgo,<br \/>\nche, sacro, fu l\u2019albero nostro,<br \/>\normai sconsacrato anche lui.  <\/p>\n<p style=\"padding-left:10px;\"> Oppure ti cerco tra quelle<br \/>\npochissime foglie rimaste,<br \/>\nassai precarie, su rami secchi.<br \/>\nPer\u00f2 laggi\u00f9, oltre il fiume,<br \/>\ndalla parte che fu quella \u201cgiusta\u201d<br \/>\n(dove prima era l\u2019Ovest),<br \/>\nil tiepido sole \u00e8 sparito gi\u00e0.<br \/>\nTroppo tardi per oggi, ma<br \/>\nforse, chiss\u00e0 che domani non<br \/>\ntorni e non porti anche Te?   <\/p>\n<p style=\"padding-left:10px;\">A casa, scopro assassini che,<br \/>\na tradimento, hanno abbattuto<br \/>\nle miti betulle che dondolavano<br \/>\nliete le molli chiome sotto le<br \/>\nmie altrimenti tristi finestre!<br \/>\nLe betulle che sanno di storie<br \/>\ndi scaltre volpi e lesti conigli,<br \/>\nquando chiari di luna eccessivi<br \/>\ntradiscono tutti, nel sapido vento.  <\/p>\n<p style=\"padding-left:10px;\">Allora ricordo un simile stupro<br \/>\ndi sogni di pioppi, da bambino,<br \/>\nquando tutto sembr\u00f2 perduto,<br \/>\nin quel grigio, mesto mattino;<br \/>\ncome sembra anche oggi, eppure &#8230;&#8230;  <\/p>\n<p>&nbsp;<\/p>\n<p>&nbsp;<\/p>\n<table width=\"999\" border=\"0\" cellpadding=\"2\" cellspacing=\"0\" unselectable=\"on\">\n<tbody>\n<div id=\"attachment_7426\" style=\"width: 810px\" class=\"wp-caption alignleft\"><img loading=\"lazy\" decoding=\"async\" aria-describedby=\"caption-attachment-7426\" src=\"https:\/\/www.poetamatusel.org\/wp-content\/uploads\/2018\/10\/2018-10-17-12.35.19.jpg\" alt=\"Precariet\u00e0 su rami secchi - Foto Guido Comin PoetaMatus\u00e8l\" width=\"800\" height=\"600\" class=\"size-full wp-image-7426\" srcset=\"https:\/\/www.poetamatusel.org\/wp-content\/uploads\/2018\/10\/2018-10-17-12.35.19.jpg 800w, https:\/\/www.poetamatusel.org\/wp-content\/uploads\/2018\/10\/2018-10-17-12.35.19-300x225.jpg 300w, https:\/\/www.poetamatusel.org\/wp-content\/uploads\/2018\/10\/2018-10-17-12.35.19-768x576.jpg 768w\" sizes=\"auto, (max-width: 800px) 100vw, 800px\" \/><p id=\"caption-attachment-7426\" class=\"wp-caption-text\">Precariet\u00e0 su rami secchi &#8211; Foto Guido Comin PoetaMatus\u00e8l<\/p><\/div>\n<tr>\n<td  valign=\"top\" width=\"999\"><\/td>\n<\/tr>\n<\/tbody>\n<\/table>\n<p>&nbsp;<\/p>\n<p>&nbsp;<\/p>\n<p><img loading=\"lazy\" decoding=\"async\" src=\"https:\/\/www.poetamatusel.org\/wp-content\/uploads\/2012\/10\/icon-for-audio-files.jpg\" alt=\"AUDIO * FILE * AUDIO\" width=\"35\" height=\"35\" class=\"alignleft wp-image-2897\" \/><strong> PoetaMatus\u00e8l legge<br \/>\nTRA PIOPPI, GINKGO E BETULLE<\/strong>  <\/p>\n<audio class=\"wp-audio-shortcode\" id=\"audio-7424-1\" preload=\"none\" style=\"width: 100%;\" controls=\"controls\"><source type=\"audio\/mpeg\" src=\"https:\/\/www.poetamatusel.org\/wp-content\/uploads\/2018\/10\/TRA-PIOPPI-GINKGO-E-BETULLE.mp3?_=1\" \/><a href=\"https:\/\/www.poetamatusel.org\/wp-content\/uploads\/2018\/10\/TRA-PIOPPI-GINKGO-E-BETULLE.mp3\">https:\/\/www.poetamatusel.org\/wp-content\/uploads\/2018\/10\/TRA-PIOPPI-GINKGO-E-BETULLE.mp3<\/a><\/audio>\n<p>&nbsp;<br \/>\n&nbsp;<br \/>\n&nbsp;<\/p>\n<p><img loading=\"lazy\" decoding=\"async\" src=\"http:\/\/www.poetamatusel.org\/wp-content\/uploads\/2017\/01\/Viole-di-marzo-Foto-Guido-Comin-150x150.jpg\" title=\"Profumo di quasi-primavera - Foto Guido Comin PoetaMatus\u00e8l\" width=\"100\" height=\"100\" class=\"alignleft size-thumbnail wp-image-6930\" \/><\/p>\n<p style=\"padding-left:10px;\"><em>Prezioso Visitatore che mi leggi, un breve commento, anche solo un saluto, non ti costa che un piccolissimo sforzo, per\u00f2 far\u00e0 un enorme piacere a me, quando lo legger\u00f2! Grazie di cuore!! <\/em> &nbsp; :O)<\/p>\n<p>&nbsp;<\/p>\n<p style=\"padding-top:30px;\">\n<p><span style=\"font-family:'Arial Narrow Special G1';font-size:small;\">Copyright  \u00a9 2018 Guido Comin PoetaMatus\u00e8l &#8211;  Belluno, Italy. All rights reserved.<\/span><\/p>\n<p>&nbsp;<\/p>\n<p>.<\/p>\n","protected":false},"excerpt":{"rendered":"<p>&nbsp; &nbsp; A Silva &nbsp; Stasera ti cerco tra nuvole di panna montata a casaccio, tra foglie che il vento disperde; e intanto penso a quei magici passi tra cani, capre e cavalli. O ancora ti cerco tra foglie morte che molto bene conosco e tra quelle, ancor verdi ma anche ingiallite, del ginkgo, che, [&hellip;]<\/p>\n","protected":false},"author":1,"featured_media":0,"comment_status":"open","ping_status":"open","sticky":false,"template":"","format":"standard","meta":{"footnotes":""},"categories":[5,13,6],"tags":[256,331,3254,1093,3311,1618,2212,2316,2779,3087,3169],"class_list":["post-7424","post","type-post","status-publish","format-standard","hentry","category-poesia-contemporanea-2","category-poesia-italiana","category-poetry-poesia","tag-autunno","tag-betulle","tag-conigli","tag-foglie","tag-ginkgo","tag-luna","tag-pioppi","tag-precarieta","tag-speranza","tag-vento","tag-volpe"],"_links":{"self":[{"href":"https:\/\/www.poetamatusel.org\/index.php?rest_route=\/wp\/v2\/posts\/7424","targetHints":{"allow":["GET"]}}],"collection":[{"href":"https:\/\/www.poetamatusel.org\/index.php?rest_route=\/wp\/v2\/posts"}],"about":[{"href":"https:\/\/www.poetamatusel.org\/index.php?rest_route=\/wp\/v2\/types\/post"}],"author":[{"embeddable":true,"href":"https:\/\/www.poetamatusel.org\/index.php?rest_route=\/wp\/v2\/users\/1"}],"replies":[{"embeddable":true,"href":"https:\/\/www.poetamatusel.org\/index.php?rest_route=%2Fwp%2Fv2%2Fcomments&post=7424"}],"version-history":[{"count":4,"href":"https:\/\/www.poetamatusel.org\/index.php?rest_route=\/wp\/v2\/posts\/7424\/revisions"}],"predecessor-version":[{"id":7816,"href":"https:\/\/www.poetamatusel.org\/index.php?rest_route=\/wp\/v2\/posts\/7424\/revisions\/7816"}],"wp:attachment":[{"href":"https:\/\/www.poetamatusel.org\/index.php?rest_route=%2Fwp%2Fv2%2Fmedia&parent=7424"}],"wp:term":[{"taxonomy":"category","embeddable":true,"href":"https:\/\/www.poetamatusel.org\/index.php?rest_route=%2Fwp%2Fv2%2Fcategories&post=7424"},{"taxonomy":"post_tag","embeddable":true,"href":"https:\/\/www.poetamatusel.org\/index.php?rest_route=%2Fwp%2Fv2%2Ftags&post=7424"}],"curies":[{"name":"wp","href":"https:\/\/api.w.org\/{rel}","templated":true}]}}