{"id":7383,"date":"2018-08-05T13:02:19","date_gmt":"2018-08-05T11:02:19","guid":{"rendered":"http:\/\/www.poetamatusel.org\/?p=7383"},"modified":"2018-10-17T12:59:03","modified_gmt":"2018-10-17T10:59:03","slug":"per-amor-della-terra-non-del-cielo","status":"publish","type":"post","link":"https:\/\/www.poetamatusel.org\/?p=7383","title":{"rendered":"Per amor della Terra&#8230; (non del Cielo!)"},"content":{"rendered":"<p>&nbsp;<\/p>\n<table width=\"999\" border=\"0\" cellpadding=\"2\" cellspacing=\"0\" unselectable=\"on\">\n<tbody>\n<div id=\"attachment_7384\" style=\"width: 650px\" class=\"wp-caption alignleft\"><img loading=\"lazy\" decoding=\"async\" aria-describedby=\"caption-attachment-7384\" src=\"https:\/\/www.poetamatusel.org\/wp-content\/uploads\/2018\/08\/PerAmorDellaTerra-TEXT-1024x659.jpg\" alt=\"Campagna trevigiana - Foto Guido Comin PoetaMatus\u00e8l\" width=\"640\" height=\"412\" class=\"size-large wp-image-7384\" srcset=\"https:\/\/www.poetamatusel.org\/wp-content\/uploads\/2018\/08\/PerAmorDellaTerra-TEXT-1024x659.jpg 1024w, https:\/\/www.poetamatusel.org\/wp-content\/uploads\/2018\/08\/PerAmorDellaTerra-TEXT-300x193.jpg 300w, https:\/\/www.poetamatusel.org\/wp-content\/uploads\/2018\/08\/PerAmorDellaTerra-TEXT-768x494.jpg 768w\" sizes=\"auto, (max-width: 640px) 100vw, 640px\" \/><p id=\"caption-attachment-7384\" class=\"wp-caption-text\">Campagna trevigiana &#8211; Foto Guido Comin PoetaMatus\u00e8l<\/p><\/div>\n<tr>\n<td  valign=\"top\" width=\"999\"><\/td>\n<\/tr>\n<\/tbody>\n<\/table>\n<p>&nbsp;<\/p>\n<p style=\"text-align: center;\"><strong>POESIA &#038; MUSICA<\/strong><br \/>\na parte, sar\u00e0 anche una<br \/>\nBELLA OCCASIONE<br \/>\nper ritrovare, numerosi,<br \/>\ngli AMICI!<br \/>\nMancano ancora<br \/>\n6 settimane,<br \/>\nma cos\u00ec nessuno<br \/>\npotr\u00e0 dire di<br \/>\nnon averlo saputo<br \/>\nper tempo!<br \/>\nE vi saranno<br \/>\ncomunque frequenti<br \/>\nPROMEMORIA&#8230; <\/p>\n<p>&nbsp;<br \/>\n&nbsp;<\/p>\n<p><img loading=\"lazy\" decoding=\"async\" src=\"https:\/\/www.poetamatusel.org\/wp-content\/uploads\/2016\/12\/facebook-logo-very-small.jpg\" alt=\"\" width=\"35\" height=\"35\" class=\"aligncenter wp-image-5232\" \/><\/p>\n<p style=\"text-align: center;\"><a href=\"https:\/\/www.facebook.com\/events\/2155698711386546\/\" rel=\"noopener\" target=\"_blank\"><strong><em>Clicca qui, per visitare<br \/>\nla pagina dell&#8217;evento,<br \/>\nsu<\/em> facebook!<\/strong> <\/a> <\/p>\n<p>&nbsp;<\/p>\n<p style=\"text-align: center;\"><strong>Non usi facebook?<br \/>\nNessun problema!<br \/>\nChiedi informazioni a: <\/p>\n<p><\/strong><\/p>\n<p style=\"text-align: center;\"><strong>poetamatusel@gmail.com<\/strong><\/p>\n<p>&nbsp;<\/p>\n<p>&nbsp;<\/p>\n<p>.<\/p>\n","protected":false},"excerpt":{"rendered":"<p>&nbsp; &nbsp; POESIA &#038; MUSICA a parte, sar\u00e0 anche una BELLA OCCASIONE per ritrovare, numerosi, gli AMICI! Mancano ancora 6 settimane, ma cos\u00ec nessuno potr\u00e0 dire di non averlo saputo per tempo! E vi saranno comunque frequenti PROMEMORIA&#8230; &nbsp; &nbsp; Clicca qui, per visitare la pagina dell&#8217;evento, su facebook! &nbsp; Non usi facebook? Nessun problema! [&hellip;]<\/p>\n","protected":false},"author":1,"featured_media":0,"comment_status":"open","ping_status":"open","sticky":false,"template":"","format":"standard","meta":{"footnotes":""},"categories":[3,4,5,6],"tags":[],"class_list":["post-7383","post","type-post","status-publish","format-standard","hentry","category-eventi","category-eventi-poetici-2","category-poesia-contemporanea-2","category-poetry-poesia"],"_links":{"self":[{"href":"https:\/\/www.poetamatusel.org\/index.php?rest_route=\/wp\/v2\/posts\/7383","targetHints":{"allow":["GET"]}}],"collection":[{"href":"https:\/\/www.poetamatusel.org\/index.php?rest_route=\/wp\/v2\/posts"}],"about":[{"href":"https:\/\/www.poetamatusel.org\/index.php?rest_route=\/wp\/v2\/types\/post"}],"author":[{"embeddable":true,"href":"https:\/\/www.poetamatusel.org\/index.php?rest_route=\/wp\/v2\/users\/1"}],"replies":[{"embeddable":true,"href":"https:\/\/www.poetamatusel.org\/index.php?rest_route=%2Fwp%2Fv2%2Fcomments&post=7383"}],"version-history":[{"count":13,"href":"https:\/\/www.poetamatusel.org\/index.php?rest_route=\/wp\/v2\/posts\/7383\/revisions"}],"predecessor-version":[{"id":7397,"href":"https:\/\/www.poetamatusel.org\/index.php?rest_route=\/wp\/v2\/posts\/7383\/revisions\/7397"}],"wp:attachment":[{"href":"https:\/\/www.poetamatusel.org\/index.php?rest_route=%2Fwp%2Fv2%2Fmedia&parent=7383"}],"wp:term":[{"taxonomy":"category","embeddable":true,"href":"https:\/\/www.poetamatusel.org\/index.php?rest_route=%2Fwp%2Fv2%2Fcategories&post=7383"},{"taxonomy":"post_tag","embeddable":true,"href":"https:\/\/www.poetamatusel.org\/index.php?rest_route=%2Fwp%2Fv2%2Ftags&post=7383"}],"curies":[{"name":"wp","href":"https:\/\/api.w.org\/{rel}","templated":true}]}}