{"id":7353,"date":"2018-04-28T15:49:42","date_gmt":"2018-04-28T13:49:42","guid":{"rendered":"http:\/\/www.poetamatusel.org\/?p=7353"},"modified":"2024-03-29T21:44:19","modified_gmt":"2024-03-29T20:44:19","slug":"nel-liquido-cielo-allodole","status":"publish","type":"post","link":"https:\/\/www.poetamatusel.org\/?p=7353","title":{"rendered":"NEL LIQUIDO CIELO, ALLODOLE"},"content":{"rendered":"<p>&nbsp;<\/p>\n<table width=\"999\" border=\"0\" cellpadding=\"2\" cellspacing=\"0\" unselectable=\"on\">\n<tbody>\n<div id=\"attachment_7354\" style=\"width: 810px\" class=\"wp-caption alignleft\"><img loading=\"lazy\" decoding=\"async\" aria-describedby=\"caption-attachment-7354\" src=\"https:\/\/www.poetamatusel.org\/wp-content\/uploads\/2018\/04\/Allodole-ricamano-cieli-Foto-Guido-Comin-PoetaMatus\u00e8l-.jpg\" alt=\"Allodole ricamano cieli - Foto Guido Comin PoetaMatus\u00e8l\" width=\"800\" height=\"563\" class=\"size-full wp-image-7354\" srcset=\"https:\/\/www.poetamatusel.org\/wp-content\/uploads\/2018\/04\/Allodole-ricamano-cieli-Foto-Guido-Comin-PoetaMatus\u00e8l-.jpg 800w, https:\/\/www.poetamatusel.org\/wp-content\/uploads\/2018\/04\/Allodole-ricamano-cieli-Foto-Guido-Comin-PoetaMatus\u00e8l--300x211.jpg 300w, https:\/\/www.poetamatusel.org\/wp-content\/uploads\/2018\/04\/Allodole-ricamano-cieli-Foto-Guido-Comin-PoetaMatus\u00e8l--768x540.jpg 768w\" sizes=\"auto, (max-width: 800px) 100vw, 800px\" \/><p id=\"caption-attachment-7354\" class=\"wp-caption-text\">Quando allodole ricamano cieli &#8230; &#8211; Foto Guido Comin PoetaMatus\u00e8l<\/p><\/div>\n<tr>\n<td  valign=\"top\" width=\"999\"><\/td>\n<\/tr>\n<\/tbody>\n<\/table>\n<p>&nbsp;<\/p>\n<p style=\"padding-left:0px;\"> <em>Dedicata a tutti i Poeti e a quei pochi<br \/>\nche ancora li ascoltano! <\/em>  <\/p>\n<p>&nbsp;<\/p>\n<p style=\"padding-left:0px;\"> Non ha forse nemmeno troppo torto<br \/>\nquest\u2019allodola, che futilmente sembra<br \/>\nsalutare il nostro languido tramonto,<br \/>\nche di lei comunque se ne strafotte.<br \/>\nPer\u00f2 se ne infischia pure lei di chi<br \/>\npassa e non l\u2019ascolta, quasi fossero<br \/>\ntutti sordi, testa bassa, indifferenti;<br \/>\ntranne, magari, simpatico cagnetto.    <\/p>\n<p style=\"padding-left:0px;\"> Quello del Poeta \u00e8 un destino simile,<br \/>\nmentre lui\/lei sempre si affanna ancora<br \/>\na voler raccontare storie in versi che<br \/>\nnessuno o quasi vuole pi\u00f9 ascoltare.<br \/>\nPeccato, perch\u00e9, se ascoltassero, forse<br \/>\npotrebbero anche ricredersi, o addirittura,<br \/>\nin casi assai estremi, perfino convertirsi.   <\/p>\n<p style=\"padding-left:0px;\"> Che cosa ci guadagna allora, da tanta<br \/>\napparentemente inutile, terribile fatica?<br \/>\nChe lui \u2013 Poeta \u2013 guarda sempre anche<br \/>\nverso l\u2019alto e non solo ascolta il canto della<br \/>\nmite allodola, ma anche ne rimira il folle<br \/>\nricamare, nel librarsi, quel terso cielo liquido,<br \/>\nsospeso a lampadario sopra la brughiera!   <\/p>\n<p style=\"padding-left:0px;\"> \u00c8 questo per voi, forse, compenso inadeguato?   <\/p>\n<p>&nbsp;<\/p>\n<p>&nbsp;<\/p>\n<table width=\"999\" border=\"0\" cellpadding=\"2\" cellspacing=\"0\" unselectable=\"on\">\n<tbody>\n<div id=\"attachment_7355\" style=\"width: 810px\" class=\"wp-caption alignleft\"><img loading=\"lazy\" decoding=\"async\" aria-describedby=\"caption-attachment-7355\" src=\"https:\/\/www.poetamatusel.org\/wp-content\/uploads\/2018\/04\/Desolata-ma-allegra-brughiera-Foto-Guido-Comin-PoetaMatus\u00e8l-.jpg\" alt=\"Desolata ma allegra brughiera - Foto Guido Comin PoetaMatus\u00e8l\" width=\"800\" height=\"562\" class=\"size-full wp-image-7355\" srcset=\"https:\/\/www.poetamatusel.org\/wp-content\/uploads\/2018\/04\/Desolata-ma-allegra-brughiera-Foto-Guido-Comin-PoetaMatus\u00e8l-.jpg 800w, https:\/\/www.poetamatusel.org\/wp-content\/uploads\/2018\/04\/Desolata-ma-allegra-brughiera-Foto-Guido-Comin-PoetaMatus\u00e8l--300x211.jpg 300w, https:\/\/www.poetamatusel.org\/wp-content\/uploads\/2018\/04\/Desolata-ma-allegra-brughiera-Foto-Guido-Comin-PoetaMatus\u00e8l--768x540.jpg 768w\" sizes=\"auto, (max-width: 800px) 100vw, 800px\" \/><p id=\"caption-attachment-7355\" class=\"wp-caption-text\">Desolata ma allegra brughiera &#8211; Foto Guido Comin PoetaMatus\u00e8l<\/p><\/div>\n<tr>\n<td  valign=\"top\" width=\"999\"><\/td>\n<\/tr>\n<\/tbody>\n<\/table>\n<p>&nbsp;<\/p>\n<p>&nbsp;<\/p>\n<p><img loading=\"lazy\" decoding=\"async\" src=\"https:\/\/www.poetamatusel.org\/wp-content\/uploads\/2012\/10\/icon-for-audio-files.jpg\" alt=\"AUDIO * FILE * AUDIO\" width=\"35\" height=\"35\" class=\"alignleft wp-image-2897\" \/><strong> PoetaMatus\u00e8l legge<br \/>\nNEL LIQUIDO CIELO, ALLODOLE <\/strong>  <\/p>\n<audio class=\"wp-audio-shortcode\" id=\"audio-7353-1\" preload=\"none\" style=\"width: 100%;\" controls=\"controls\"><source type=\"audio\/mpeg\" src=\"https:\/\/www.poetamatusel.org\/wp-content\/uploads\/2018\/04\/NEL-LIQUIDO-CIELO-ALLODOLE.mp3?_=1\" \/><a href=\"https:\/\/www.poetamatusel.org\/wp-content\/uploads\/2018\/04\/NEL-LIQUIDO-CIELO-ALLODOLE.mp3\">https:\/\/www.poetamatusel.org\/wp-content\/uploads\/2018\/04\/NEL-LIQUIDO-CIELO-ALLODOLE.mp3<\/a><\/audio>\n<p>&nbsp;<br \/>\n&nbsp;<br \/>\n&nbsp;<\/p>\n<p><img loading=\"lazy\" decoding=\"async\" src=\"http:\/\/www.poetamatusel.org\/wp-content\/uploads\/2017\/01\/Viole-di-marzo-Foto-Guido-Comin-150x150.jpg\" title=\"Profumo di quasi-primavera - Foto Guido Comin PoetaMatus\u00e8l\" width=\"100\" height=\"100\" class=\"alignleft size-thumbnail wp-image-6930\" \/><\/p>\n<p style=\"padding-left:10px;\"><em>Prezioso Visitatore che mi leggi, un breve commento, anche solo un saluto, non ti costa che un piccolissimo sforzo, per\u00f2 far\u00e0 un enorme piacere a me, quando lo legger\u00f2! Grazie di cuore!! <\/em> &nbsp; :O)<\/p>\n<p>&nbsp;<\/p>\n<p style=\"padding-top:30px;\">\n<p><span style=\"font-family:'Arial Narrow Special G1';font-size:small;\">Copyright  \u00a9 2017 Guido Comin PoetaMatus\u00e8l &#8211;  Belluno, Italy. All rights reserved.<\/span><\/p>\n<p>&nbsp;<\/p>\n<p>.<\/p>\n","protected":false},"excerpt":{"rendered":"<p>&nbsp; &nbsp; Dedicata a tutti i Poeti e a quei pochi che ancora li ascoltano! &nbsp; Non ha forse nemmeno troppo torto quest\u2019allodola, che futilmente sembra salutare il nostro languido tramonto, che di lei comunque se ne strafotte. Per\u00f2 se ne infischia pure lei di chi passa e non l\u2019ascolta, quasi fossero tutti sordi, testa [&hellip;]<\/p>\n","protected":false},"author":1,"featured_media":0,"comment_status":"open","ping_status":"open","sticky":false,"template":"","format":"standard","meta":{"footnotes":""},"categories":[5,13,6],"tags":[3308,3309,561,2223,2262,3157],"class_list":["post-7353","post","type-post","status-publish","format-standard","hentry","category-poesia-contemporanea-2","category-poesia-italiana","category-poetry-poesia","tag-allodole","tag-brughiera","tag-cielo","tag-poesia","tag-poeta","tag-vocazione"],"_links":{"self":[{"href":"https:\/\/www.poetamatusel.org\/index.php?rest_route=\/wp\/v2\/posts\/7353","targetHints":{"allow":["GET"]}}],"collection":[{"href":"https:\/\/www.poetamatusel.org\/index.php?rest_route=\/wp\/v2\/posts"}],"about":[{"href":"https:\/\/www.poetamatusel.org\/index.php?rest_route=\/wp\/v2\/types\/post"}],"author":[{"embeddable":true,"href":"https:\/\/www.poetamatusel.org\/index.php?rest_route=\/wp\/v2\/users\/1"}],"replies":[{"embeddable":true,"href":"https:\/\/www.poetamatusel.org\/index.php?rest_route=%2Fwp%2Fv2%2Fcomments&post=7353"}],"version-history":[{"count":6,"href":"https:\/\/www.poetamatusel.org\/index.php?rest_route=\/wp\/v2\/posts\/7353\/revisions"}],"predecessor-version":[{"id":7891,"href":"https:\/\/www.poetamatusel.org\/index.php?rest_route=\/wp\/v2\/posts\/7353\/revisions\/7891"}],"wp:attachment":[{"href":"https:\/\/www.poetamatusel.org\/index.php?rest_route=%2Fwp%2Fv2%2Fmedia&parent=7353"}],"wp:term":[{"taxonomy":"category","embeddable":true,"href":"https:\/\/www.poetamatusel.org\/index.php?rest_route=%2Fwp%2Fv2%2Fcategories&post=7353"},{"taxonomy":"post_tag","embeddable":true,"href":"https:\/\/www.poetamatusel.org\/index.php?rest_route=%2Fwp%2Fv2%2Ftags&post=7353"}],"curies":[{"name":"wp","href":"https:\/\/api.w.org\/{rel}","templated":true}]}}