{"id":7293,"date":"2017-12-26T14:32:40","date_gmt":"2017-12-26T13:32:40","guid":{"rendered":"http:\/\/www.poetamatusel.org\/?p=7293"},"modified":"2023-12-01T19:55:32","modified_gmt":"2023-12-01T18:55:32","slug":"forse-meno-testarda-la-pietra","status":"publish","type":"post","link":"https:\/\/www.poetamatusel.org\/?p=7293","title":{"rendered":"FORSE MENO TESTARDA LA PIETRA"},"content":{"rendered":"<p>&nbsp;<\/p>\n<table width=\"999\" border=\"0\" cellpadding=\"2\" cellspacing=\"0\" unselectable=\"on\">\n<tbody>\n<div id=\"attachment_7294\" style=\"width: 650px\" class=\"wp-caption alignleft\"><img loading=\"lazy\" decoding=\"async\" aria-describedby=\"caption-attachment-7294\" src=\"https:\/\/www.poetamatusel.org\/wp-content\/uploads\/2017\/12\/Anime-urlano-fra-le-betulle-Foto-Guido-Comin-PoetaMatusel-1024x699.jpg\" alt=\"Anime urlano fra le betulle - Foto Guido Comin PoetaMatus\u00e8l\" width=\"640\" height=\"437\" class=\"size-large wp-image-7294\" srcset=\"https:\/\/www.poetamatusel.org\/wp-content\/uploads\/2017\/12\/Anime-urlano-fra-le-betulle-Foto-Guido-Comin-PoetaMatusel-1024x699.jpg 1024w, https:\/\/www.poetamatusel.org\/wp-content\/uploads\/2017\/12\/Anime-urlano-fra-le-betulle-Foto-Guido-Comin-PoetaMatusel-300x205.jpg 300w, https:\/\/www.poetamatusel.org\/wp-content\/uploads\/2017\/12\/Anime-urlano-fra-le-betulle-Foto-Guido-Comin-PoetaMatusel-768x525.jpg 768w\" sizes=\"auto, (max-width: 640px) 100vw, 640px\" \/><p id=\"caption-attachment-7294\" class=\"wp-caption-text\">Anime urlano fra le betulle &#8211; Foto Guido Comin PoetaMatus\u00e8l<\/p><\/div>\n<tr>\n<td  valign=\"top\" width=\"999\"><\/td>\n<\/tr>\n<\/tbody>\n<\/table>\n<p>&nbsp;<\/p>\n<p style=\"padding-left:10px;\">Fuori, tempo da lupi, che qui non ci sono,<br \/>\nma ulula il vento dal nord, che sembra<br \/>\nil lamento di anime perse, troppo dannate.<br \/>\nE a volte ti sembra perfino di non sapere<br \/>\nnon solo perch\u00e9 sei dove sei, ma dove<br \/>\nsia quel <em>dove-ti-trovi<\/em>, sperduto anche tu<br \/>\ncome quelle fasulle anime, che tra fronde<br \/>\ndi molli betulle ti urlano ancora la notte<br \/>\ne a poco servono i tappi di cera, visto<br \/>\nche l\u2019urlo o ululato ti viene da dentro.<br \/>\nAllora che fai, prenderai decisioni epocali,<br \/>\npartirai per quell\u2019ultimo viaggio, magari<br \/>\n<em>inutillimo<\/em>, come tante altre cose che tu,<br \/>\nilludendoti, ancora intraprendi? Perch\u00e9<br \/>\n<em>Testa di Pietra<\/em> era un eroe di fanciullesche<br \/>\ngrandi avventure, lette, rilette e poi ricreate;<br \/>\nma una testa-di-pietra sai anche essere tu,<br \/>\nquando a nessun costo ti arrendi davanti<br \/>\nalla fin troppo ovvia realt\u00e0 di ci\u00f2 che ormai<br \/>\nnon esiste, non c\u2019\u00e8 pi\u00f9, \u00e8 morto e sepolto!   <\/p>\n<p>&nbsp;<\/p>\n<p>&nbsp;<\/p>\n<table width=\"999\" border=\"0\" cellpadding=\"2\" cellspacing=\"0\" unselectable=\"on\">\n<tbody>\n<div id=\"attachment_7295\" style=\"width: 650px\" class=\"wp-caption alignleft\"><img loading=\"lazy\" decoding=\"async\" aria-describedby=\"caption-attachment-7295\" src=\"https:\/\/www.poetamatusel.org\/wp-content\/uploads\/2017\/12\/Notte-senza-lupi-Foto-Guido-Comin-PoetaMatusel-1024x719.jpg\" alt=\"Notte senza lupi - Foto Guido Comin PoetaMatus\u00e8l\" width=\"640\" height=\"449\" class=\"size-large wp-image-7295\" srcset=\"https:\/\/www.poetamatusel.org\/wp-content\/uploads\/2017\/12\/Notte-senza-lupi-Foto-Guido-Comin-PoetaMatusel-1024x719.jpg 1024w, https:\/\/www.poetamatusel.org\/wp-content\/uploads\/2017\/12\/Notte-senza-lupi-Foto-Guido-Comin-PoetaMatusel-300x211.jpg 300w, https:\/\/www.poetamatusel.org\/wp-content\/uploads\/2017\/12\/Notte-senza-lupi-Foto-Guido-Comin-PoetaMatusel-768x540.jpg 768w\" sizes=\"auto, (max-width: 640px) 100vw, 640px\" \/><p id=\"caption-attachment-7295\" class=\"wp-caption-text\">Notte senza lupi &#8211; Foto Guido Comin PoetaMatus\u00e8l<\/p><\/div>\n<tr>\n<td  valign=\"top\" width=\"999\"><\/td>\n<\/tr>\n<\/tbody>\n<\/table>\n<p>&nbsp;<\/p>\n<p>&nbsp;<\/p>\n<p><img loading=\"lazy\" decoding=\"async\" src=\"https:\/\/www.poetamatusel.org\/wp-content\/uploads\/2012\/10\/icon-for-audio-files.jpg\" alt=\"AUDIO * FILE * AUDIO\" width=\"35\" height=\"35\" class=\"alignleft wp-image-2897\" \/><strong> PoetaMatus\u00e8l legge<br \/>\nFORSE MENO TESTARDA LA PIETRA<\/strong>  <\/p>\n<audio class=\"wp-audio-shortcode\" id=\"audio-7293-1\" preload=\"none\" style=\"width: 100%;\" controls=\"controls\"><source type=\"audio\/mpeg\" src=\"https:\/\/www.poetamatusel.org\/wp-content\/uploads\/2017\/12\/FORSE-MENO-TESTARDA-LA-PIETRA.mp3?_=1\" \/><a href=\"https:\/\/www.poetamatusel.org\/wp-content\/uploads\/2017\/12\/FORSE-MENO-TESTARDA-LA-PIETRA.mp3\">https:\/\/www.poetamatusel.org\/wp-content\/uploads\/2017\/12\/FORSE-MENO-TESTARDA-LA-PIETRA.mp3<\/a><\/audio>\n<p>&nbsp;<br \/>\n&nbsp;<br \/>\n&nbsp;<\/p>\n<p><img loading=\"lazy\" decoding=\"async\" src=\"http:\/\/www.poetamatusel.org\/wp-content\/uploads\/2017\/01\/Viole-di-marzo-Foto-Guido-Comin-150x150.jpg\" title=\"Profumo di quasi-primavera - Foto Guido Comin PoetaMatus\u00e8l\" width=\"100\" height=\"100\" class=\"alignleft size-thumbnail wp-image-6930\" \/><\/p>\n<p style=\"padding-left:10px;\"><em>Prezioso Visitatore che mi leggi, un breve commento, anche solo un saluto, non ti costa che un piccolissimo sforzo, per\u00f2 far\u00e0 un enorme piacere a me, quando lo legger\u00f2! Grazie di cuore!! <\/em> &nbsp; :O)<\/p>\n<p>&nbsp;<\/p>\n<p style=\"padding-top:30px;\">\n<p><span style=\"font-family:'Arial Narrow Special G1';font-size:small;\">Copyright  \u00a9 2017 Guido Comin PoetaMatus\u00e8l &#8211;  Belluno, Italy. All rights reserved.<\/span><\/p>\n<p>&nbsp;<\/p>\n<p>.<\/p>\n","protected":false},"excerpt":{"rendered":"<p>&nbsp; &nbsp; Fuori, tempo da lupi, che qui non ci sono, ma ulula il vento dal nord, che sembra il lamento di anime perse, troppo dannate. E a volte ti sembra perfino di non sapere non solo perch\u00e9 sei dove sei, ma dove sia quel dove-ti-trovi, sperduto anche tu come quelle fasulle anime, che tra [&hellip;]<\/p>\n","protected":false},"author":1,"featured_media":0,"comment_status":"open","ping_status":"open","sticky":false,"template":"","format":"standard","meta":{"footnotes":""},"categories":[5,13,6],"tags":[3252,331,3297,3300,3301,1927,3299,3298,3302,3048,3087],"class_list":["post-7293","post","type-post","status-publish","format-standard","hentry","category-poesia-contemporanea-2","category-poesia-italiana","category-poetry-poesia","tag-anime","tag-betulle","tag-caparbieta","tag-lupi","tag-nord","tag-notte","tag-salgari","tag-testardaggine","tag-ululato","tag-urlo","tag-vento"],"_links":{"self":[{"href":"https:\/\/www.poetamatusel.org\/index.php?rest_route=\/wp\/v2\/posts\/7293","targetHints":{"allow":["GET"]}}],"collection":[{"href":"https:\/\/www.poetamatusel.org\/index.php?rest_route=\/wp\/v2\/posts"}],"about":[{"href":"https:\/\/www.poetamatusel.org\/index.php?rest_route=\/wp\/v2\/types\/post"}],"author":[{"embeddable":true,"href":"https:\/\/www.poetamatusel.org\/index.php?rest_route=\/wp\/v2\/users\/1"}],"replies":[{"embeddable":true,"href":"https:\/\/www.poetamatusel.org\/index.php?rest_route=%2Fwp%2Fv2%2Fcomments&post=7293"}],"version-history":[{"count":5,"href":"https:\/\/www.poetamatusel.org\/index.php?rest_route=\/wp\/v2\/posts\/7293\/revisions"}],"predecessor-version":[{"id":7819,"href":"https:\/\/www.poetamatusel.org\/index.php?rest_route=\/wp\/v2\/posts\/7293\/revisions\/7819"}],"wp:attachment":[{"href":"https:\/\/www.poetamatusel.org\/index.php?rest_route=%2Fwp%2Fv2%2Fmedia&parent=7293"}],"wp:term":[{"taxonomy":"category","embeddable":true,"href":"https:\/\/www.poetamatusel.org\/index.php?rest_route=%2Fwp%2Fv2%2Fcategories&post=7293"},{"taxonomy":"post_tag","embeddable":true,"href":"https:\/\/www.poetamatusel.org\/index.php?rest_route=%2Fwp%2Fv2%2Ftags&post=7293"}],"curies":[{"name":"wp","href":"https:\/\/api.w.org\/{rel}","templated":true}]}}