{"id":7255,"date":"2017-11-23T23:31:30","date_gmt":"2017-11-23T22:31:30","guid":{"rendered":"http:\/\/www.poetamatusel.org\/?p=7255"},"modified":"2023-12-01T19:56:54","modified_gmt":"2023-12-01T18:56:54","slug":"der-alte-narr","status":"publish","type":"post","link":"https:\/\/www.poetamatusel.org\/?p=7255","title":{"rendered":"DER ALTE NARR * IL VECCHIO FOLLE"},"content":{"rendered":"<p>&nbsp;<\/p>\n<table width=\"999\" border=\"0\" cellpadding=\"2\" cellspacing=\"0\" unselectable=\"on\">\n<tbody>\n<div id=\"attachment_7257\" style=\"width: 650px\" class=\"wp-caption alignleft\"><img loading=\"lazy\" decoding=\"async\" aria-describedby=\"caption-attachment-7257\" src=\"https:\/\/www.poetamatusel.org\/wp-content\/uploads\/2017\/11\/Durch-die-nasse-kalte-Stadt-Foto-Guido-Comin-PoetaMatus\u00e8l-1024x768.jpg\" alt=\"Durch die nasse, kalte Stadt - Bild Guido Comin PoetaMatus\u00e8l\" width=\"640\" height=\"480\" class=\"size-large wp-image-7257\" srcset=\"https:\/\/www.poetamatusel.org\/wp-content\/uploads\/2017\/11\/Durch-die-nasse-kalte-Stadt-Foto-Guido-Comin-PoetaMatus\u00e8l-1024x768.jpg 1024w, https:\/\/www.poetamatusel.org\/wp-content\/uploads\/2017\/11\/Durch-die-nasse-kalte-Stadt-Foto-Guido-Comin-PoetaMatus\u00e8l-300x225.jpg 300w, https:\/\/www.poetamatusel.org\/wp-content\/uploads\/2017\/11\/Durch-die-nasse-kalte-Stadt-Foto-Guido-Comin-PoetaMatus\u00e8l-768x576.jpg 768w\" sizes=\"auto, (max-width: 640px) 100vw, 640px\" \/><p id=\"caption-attachment-7257\" class=\"wp-caption-text\">Durch die nasse, kalte Stadt &#8230; &#8211; Bild Guido Comin PoetaMatus\u00e8l<\/p><\/div>\n<tr>\n<td  valign=\"top\" width=\"999\"><\/td>\n<\/tr>\n<\/tbody>\n<\/table>\n<p>&nbsp;<\/p>\n<p style=\"padding-left:140px;\"><em>(Um Natalie<br \/>\nzu am\u00fcsieren!)<\/em> <\/p>\n<p>&nbsp;<\/p>\n<p style=\"padding-left:20px;\">Er schleppt seine m\u00fcden Knochen<br \/>\ndurch die nasse, kalte Stadt, f\u00fcr ihn<br \/>\nneue Mutter schon geworden; denn<br \/>\nWaise war er immer, obwohl weise<br \/>\nnoch gar nicht. Ansonsten h\u00e4tte er<br \/>\nsogar vor dem Anfang mit dieser<br \/>\nTr\u00e4umerei aufh\u00f6ren k\u00f6nnen, nein,<br \/>\nbesser: m\u00fcssen! Er ist zwar ein<br \/>\nalter Narr, doch wei\u00df er ganz genau,<br \/>\ndass manche Sterne zu weit entfernt<br \/>\nund viel zu brennend jung sind, f\u00fcr<br \/>\nalten, grauen, sterbenden Planeten. <\/p>\n<p>&nbsp;<\/p>\n<p style=\"padding-left:70px;\"><strong>* * * <\/strong><\/p>\n<p>&nbsp;<\/p>\n<p style=\"padding-left:70px;\"><em>(Per divertire Natalie!)<\/em> <\/p>\n<p>&nbsp;<\/p>\n<p style=\"padding-left:20px;\">Trascina le ossa stanche per<br \/>\ntutta la citt\u00e0, piovosa e fredda,<br \/>\nche gi\u00e0 gli fa da madre; perch\u00e9<br \/>\nlui s\u00ec, da sempre orfano, saggio<br \/>\nneanche un poco, fino ad ora.<br \/>\nSe lo fosse, l\u2019avrebbe smessa,<br \/>\nprima ancora di cominciare,<br \/>\ncon questo assurdo sogno. E<br \/>\nsarebbe davvero atto dovuto!<br \/>\nMa lui \u00e8 un vecchio folle,<br \/>\nbench\u00e9 sappia troppo bene che<br \/>\ncerte stelle troppo remote sono<br \/>\ne troppo ardentemente giovani,<br \/>\nper vecchi pianeti grigi, ormai<br \/>\nin estinzione \u2026 <\/p>\n<p>&nbsp;<\/p>\n<p>&nbsp;<\/p>\n<table width=\"999\" border=\"0\" cellpadding=\"2\" cellspacing=\"0\" unselectable=\"on\">\n<tbody>\n<div id=\"attachment_7258\" style=\"width: 650px\" class=\"wp-caption alignleft\"><img loading=\"lazy\" decoding=\"async\" aria-describedby=\"caption-attachment-7258\" src=\"https:\/\/www.poetamatusel.org\/wp-content\/uploads\/2017\/11\/Der-alte-Narre-Foto-Guido-Comin-PoetaMatus\u00e8l-1024x622.jpg\" alt=\"Der alte Narr - Bild Guido Comin PoetaMatus\u00e8l\" width=\"640\" height=\"389\" class=\"size-large wp-image-7258\" srcset=\"https:\/\/www.poetamatusel.org\/wp-content\/uploads\/2017\/11\/Der-alte-Narre-Foto-Guido-Comin-PoetaMatus\u00e8l-1024x622.jpg 1024w, https:\/\/www.poetamatusel.org\/wp-content\/uploads\/2017\/11\/Der-alte-Narre-Foto-Guido-Comin-PoetaMatus\u00e8l-300x182.jpg 300w, https:\/\/www.poetamatusel.org\/wp-content\/uploads\/2017\/11\/Der-alte-Narre-Foto-Guido-Comin-PoetaMatus\u00e8l-768x467.jpg 768w\" sizes=\"auto, (max-width: 640px) 100vw, 640px\" \/><p id=\"caption-attachment-7258\" class=\"wp-caption-text\">Der alte Narr, vielleicht &#8211; Bild Guido Comin PoetaMatus\u00e8l<\/p><\/div>\n<tr>\n<td  valign=\"top\" width=\"999\"><\/td>\n<\/tr>\n<\/tbody>\n<\/table>\n<p>&nbsp;<\/p>\n<p>&nbsp;<\/p>\n<p><img loading=\"lazy\" decoding=\"async\" src=\"https:\/\/www.poetamatusel.org\/wp-content\/uploads\/2012\/10\/icon-for-audio-files.jpg\" alt=\"AUDIO * FILE * AUDIO\" width=\"35\" height=\"35\" class=\"alignleft wp-image-2897\" \/><strong> PoetaMatus\u00e8l liest<br \/>\nDER ALTE NARR<\/strong>  <\/p>\n<audio class=\"wp-audio-shortcode\" id=\"audio-7255-1\" preload=\"none\" style=\"width: 100%;\" controls=\"controls\"><source type=\"audio\/mpeg\" src=\"https:\/\/www.poetamatusel.org\/wp-content\/uploads\/2017\/11\/DER-ALTE-NARR-1.mp3?_=1\" \/><a href=\"https:\/\/www.poetamatusel.org\/wp-content\/uploads\/2017\/11\/DER-ALTE-NARR-1.mp3\">https:\/\/www.poetamatusel.org\/wp-content\/uploads\/2017\/11\/DER-ALTE-NARR-1.mp3<\/a><\/audio>\n<p>&nbsp;<\/p>\n<p><img loading=\"lazy\" decoding=\"async\" src=\"https:\/\/www.poetamatusel.org\/wp-content\/uploads\/2012\/10\/icon-for-audio-files.jpg\" alt=\"AUDIO * FILE * AUDIO\" width=\"35\" height=\"35\" class=\"alignleft wp-image-2897\" \/><strong> PoetaMatus\u00e8l legge<br \/>\nIL VECCHIO FOLLE <\/strong> <\/p>\n<audio class=\"wp-audio-shortcode\" id=\"audio-7255-2\" preload=\"none\" style=\"width: 100%;\" controls=\"controls\"><source type=\"audio\/mpeg\" src=\"https:\/\/www.poetamatusel.org\/wp-content\/uploads\/2017\/11\/IL-VECCHIO-FOLLE.mp3?_=2\" \/><a href=\"https:\/\/www.poetamatusel.org\/wp-content\/uploads\/2017\/11\/IL-VECCHIO-FOLLE.mp3\">https:\/\/www.poetamatusel.org\/wp-content\/uploads\/2017\/11\/IL-VECCHIO-FOLLE.mp3<\/a><\/audio>\n<p>&nbsp;<br \/>\n&nbsp;<br \/>\n&nbsp;<\/p>\n<p><img loading=\"lazy\" decoding=\"async\" src=\"http:\/\/www.poetamatusel.org\/wp-content\/uploads\/2017\/01\/Viole-di-marzo-Foto-Guido-Comin-150x150.jpg\" title=\"Profumo di quasi-primavera - Foto Guido Comin PoetaMatus\u00e8l\" width=\"100\" height=\"100\" class=\"alignleft size-thumbnail wp-image-6930\" \/><\/p>\n<p style=\"padding-left:10px;\"><em>Prezioso Visitatore che mi leggi, un breve commento, anche solo un saluto, non ti costa che un piccolissimo sforzo, per\u00f2 far\u00e0 un enorme piacere a me, quando lo legger\u00f2! Grazie di cuore!! <\/em> &nbsp; :O)<\/p>\n<p>&nbsp;<\/p>\n<p style=\"padding-top:30px;\">\n<p><span style=\"font-family:'Arial Narrow Special G1';font-size:small;\">Copyright  \u00a9 2017 Guido Comin PoetaMatus\u00e8l &#8211;  Belluno, Italy. All rights reserved.<\/span><\/p>\n<p>&nbsp;<\/p>\n<p>.<\/p>\n","protected":false},"excerpt":{"rendered":"<p>&nbsp; &nbsp; (Um Natalie zu am\u00fcsieren!) &nbsp; Er schleppt seine m\u00fcden Knochen durch die nasse, kalte Stadt, f\u00fcr ihn neue Mutter schon geworden; denn Waise war er immer, obwohl weise noch gar nicht. Ansonsten h\u00e4tte er sogar vor dem Anfang mit dieser Tr\u00e4umerei aufh\u00f6ren k\u00f6nnen, nein, besser: m\u00fcssen! Er ist zwar ein alter Narr, doch [&hellip;]<\/p>\n","protected":false},"author":1,"featured_media":0,"comment_status":"open","ping_status":"open","sticky":false,"template":"","format":"standard","meta":{"footnotes":""},"categories":[2,3289,9,13,6],"tags":[3295,3291,326,3253,3275,1099,1246,3293,3290,2742,3294,3292,3067],"class_list":["post-7255","post","type-post","status-publish","format-standard","hentry","category-contemporary-poetry-2","category-deutsche-gedichte-2","category-deutsche-gedichte","category-poesia-italiana","category-poetry-poesia","tag-acker-bilk","tag-alt","tag-berlin","tag-berlino","tag-citta","tag-follia","tag-giovane","tag-jung","tag-narr","tag-sogno","tag-stadt","tag-traum","tag-vecchio"],"_links":{"self":[{"href":"https:\/\/www.poetamatusel.org\/index.php?rest_route=\/wp\/v2\/posts\/7255","targetHints":{"allow":["GET"]}}],"collection":[{"href":"https:\/\/www.poetamatusel.org\/index.php?rest_route=\/wp\/v2\/posts"}],"about":[{"href":"https:\/\/www.poetamatusel.org\/index.php?rest_route=\/wp\/v2\/types\/post"}],"author":[{"embeddable":true,"href":"https:\/\/www.poetamatusel.org\/index.php?rest_route=\/wp\/v2\/users\/1"}],"replies":[{"embeddable":true,"href":"https:\/\/www.poetamatusel.org\/index.php?rest_route=%2Fwp%2Fv2%2Fcomments&post=7255"}],"version-history":[{"count":15,"href":"https:\/\/www.poetamatusel.org\/index.php?rest_route=\/wp\/v2\/posts\/7255\/revisions"}],"predecessor-version":[{"id":7821,"href":"https:\/\/www.poetamatusel.org\/index.php?rest_route=\/wp\/v2\/posts\/7255\/revisions\/7821"}],"wp:attachment":[{"href":"https:\/\/www.poetamatusel.org\/index.php?rest_route=%2Fwp%2Fv2%2Fmedia&parent=7255"}],"wp:term":[{"taxonomy":"category","embeddable":true,"href":"https:\/\/www.poetamatusel.org\/index.php?rest_route=%2Fwp%2Fv2%2Fcategories&post=7255"},{"taxonomy":"post_tag","embeddable":true,"href":"https:\/\/www.poetamatusel.org\/index.php?rest_route=%2Fwp%2Fv2%2Ftags&post=7255"}],"curies":[{"name":"wp","href":"https:\/\/api.w.org\/{rel}","templated":true}]}}