{"id":7190,"date":"2017-10-08T15:47:37","date_gmt":"2017-10-08T13:47:37","guid":{"rendered":"http:\/\/www.poetamatusel.org\/?p=7190"},"modified":"2017-10-08T17:20:53","modified_gmt":"2017-10-08T15:20:53","slug":"pasti-potenzialmente-funesti","status":"publish","type":"post","link":"https:\/\/www.poetamatusel.org\/?p=7190","title":{"rendered":"PASTI POTENZIALMENTE FUNESTI"},"content":{"rendered":"<p>&nbsp;<\/p>\n<table width=\"999\" border=\"0\" cellpadding=\"2\" cellspacing=\"0\" unselectable=\"on\">\n<tbody>\n<div id=\"attachment_7191\" style=\"width: 650px\" class=\"wp-caption alignleft\"><img loading=\"lazy\" decoding=\"async\" aria-describedby=\"caption-attachment-7191\" src=\"https:\/\/www.poetamatusel.org\/wp-content\/uploads\/2017\/10\/Spariti-gli-impavidi-passeri-Foto-Guido-Comin-PoetaMatus\u00e8l-1024x803.jpg\" title=\"Spariti gli impavidi passeri - Foto Guido Comin PoetaMatus\u00e8l\" width=\"640\" height=\"502\" class=\"size-large wp-image-7191\" srcset=\"https:\/\/www.poetamatusel.org\/wp-content\/uploads\/2017\/10\/Spariti-gli-impavidi-passeri-Foto-Guido-Comin-PoetaMatus\u00e8l-1024x803.jpg 1024w, https:\/\/www.poetamatusel.org\/wp-content\/uploads\/2017\/10\/Spariti-gli-impavidi-passeri-Foto-Guido-Comin-PoetaMatus\u00e8l-300x235.jpg 300w, https:\/\/www.poetamatusel.org\/wp-content\/uploads\/2017\/10\/Spariti-gli-impavidi-passeri-Foto-Guido-Comin-PoetaMatus\u00e8l-768x602.jpg 768w\" sizes=\"auto, (max-width: 640px) 100vw, 640px\" \/><p id=\"caption-attachment-7191\" class=\"wp-caption-text\">Spariti gli impavidi passeri &#8211; Foto Guido Comin PoetaMatus\u00e8l<\/p><\/div>\n<tr>\n<td  valign=\"top\" width=\"999\"><\/td>\n<\/tr>\n<\/tbody>\n<\/table>\n<p>&nbsp;<\/p>\n<p style=\"padding-left:200px;\"><em>A Dee<\/em> <\/p>\n<p>&nbsp;<\/p>\n<p style=\"padding-left:20px;\"> Il tempo minaccia, con nere nubi<br \/>\ndi pioggia che freme impaziente,<br \/>\ne <em>colazionare<\/em> da solo con quella<br \/>\n(per te) scomoda sedia, da giorni<br \/>\normai anche lei di nuovo orfana,<br \/>\npotrebbe sul serio rivelarsi perfino<br \/>\nquasi fatale, almeno all\u2019umore,<br \/>\nma poi scendi tu \u2013 tuo malgrado<br \/>\nmagari, o inconsapevole almeno \u2013<br \/>\nda montaliana e salvifica nube:<br \/>\nfalco e compagna atterriscono<br \/>\nalucce di impavidi passeri, che<br \/>\ntremano accanto all\u2019erica nuova<br \/>\ndel mio balcone; proprio loro che,<br \/>\nnormalmente davvero tranquilli,<br \/>\nneppure questo omaccione<br \/>\n(quintalata quasi, per\u00f2 leggera!)<br \/>\nin un giorno qualsiasi paventano.<br \/>\nMa, come i falchi, fulminea, Tu<br \/>\nsei gi\u00e0 ripartita, tra nubi sparita,<br \/>\ne in cucina rimane, ridondante,<br \/>\nuna lista di spesa di tua mano<br \/>\n\u2013 ricordi? \u2013 come me, farneticante,<br \/>\normai pure lei totalmente obsoleta.   <\/p>\n<p>&nbsp;<\/p>\n<p>&nbsp;<\/p>\n<table width=\"999\" border=\"0\" cellpadding=\"2\" cellspacing=\"0\" unselectable=\"on\">\n<tbody>\n<div id=\"attachment_7193\" style=\"width: 650px\" class=\"wp-caption alignleft\"><img loading=\"lazy\" decoding=\"async\" aria-describedby=\"caption-attachment-7193\" src=\"https:\/\/www.poetamatusel.org\/wp-content\/uploads\/2017\/10\/Lista-di-spesa-obsoleta-Foto-Guido-Comin-PoetaMatus\u00e8l-709x1024.jpg\" title=\"Lista di spesa obsoleta - Foto Guido Comin PoetaMatus\u00e8l\" width=\"640\" height=\"924\" class=\"size-large wp-image-7193\" srcset=\"https:\/\/www.poetamatusel.org\/wp-content\/uploads\/2017\/10\/Lista-di-spesa-obsoleta-Foto-Guido-Comin-PoetaMatus\u00e8l-709x1024.jpg 709w, https:\/\/www.poetamatusel.org\/wp-content\/uploads\/2017\/10\/Lista-di-spesa-obsoleta-Foto-Guido-Comin-PoetaMatus\u00e8l-208x300.jpg 208w, https:\/\/www.poetamatusel.org\/wp-content\/uploads\/2017\/10\/Lista-di-spesa-obsoleta-Foto-Guido-Comin-PoetaMatus\u00e8l-768x1109.jpg 768w\" sizes=\"auto, (max-width: 640px) 100vw, 640px\" \/><p id=\"caption-attachment-7193\" class=\"wp-caption-text\">Lista di spesa obsoleta &#8211; Foto Guido Comin PoetaMatus\u00e8l<\/p><\/div>\n<tr>\n<td  valign=\"top\" width=\"999\"><\/td>\n<\/tr>\n<\/tbody>\n<\/table>\n<p>&nbsp;<\/p>\n<p>&nbsp;<\/p>\n<p><img loading=\"lazy\" decoding=\"async\" src=\"https:\/\/www.poetamatusel.org\/wp-content\/uploads\/2012\/10\/icon-for-audio-files.jpg\" alt=\"AUDIO * FILE * AUDIO\" width=\"35\" height=\"35\" class=\"alignleft wp-image-2897\" \/><strong> PoetaMatus\u00e8l legge<br \/>\nPASTI POTENZIALMENTE FUNESTI<\/strong>  <\/p>\n<audio class=\"wp-audio-shortcode\" id=\"audio-7190-1\" preload=\"none\" style=\"width: 100%;\" controls=\"controls\"><source type=\"audio\/mpeg\" src=\"https:\/\/www.poetamatusel.org\/wp-content\/uploads\/2017\/10\/PASTI-POTENZIALMENTE-FUNESTI.mp3?_=1\" \/><a href=\"https:\/\/www.poetamatusel.org\/wp-content\/uploads\/2017\/10\/PASTI-POTENZIALMENTE-FUNESTI.mp3\">https:\/\/www.poetamatusel.org\/wp-content\/uploads\/2017\/10\/PASTI-POTENZIALMENTE-FUNESTI.mp3<\/a><\/audio>\n<p>&nbsp;<br \/>\n&nbsp;<br \/>\n&nbsp;<\/p>\n<p><img loading=\"lazy\" decoding=\"async\" src=\"https:\/\/www.poetamatusel.org\/wp-content\/uploads\/2017\/01\/Viole-di-marzo-Foto-Guido-Comin-150x150.jpg\" title=\"Profumo di quasi-primavera - Foto Guido Comin PoetaMatus\u00e8l\" width=\"150\" height=\"150\" class=\"alignleft size-thumbnail wp-image-6930\" \/>&nbsp;&nbsp;<\/p>\n<p style=\"padding-left:40px;\"><em>Prezioso Visitatore che mi leggi, un breve commento, anche solo un saluto, non ti costa che un piccolissimo sforzo, per\u00f2 far\u00e0 un enorme piacere a me, quando lo legger\u00f2! Grazie di cuore!! <\/em> &nbsp; :O)<\/p>\n<p>&nbsp;<\/p>\n<p style=\"padding-top:30px;\">\n<p><span style=\"font-family:'Arial Narrow Special G1';font-size:small;\">Copyright  \u00a9 2017 Guido Comin PoetaMatus\u00e8l &#8211;  Belluno, Italy. All rights reserved.<\/span><\/p>\n<p>&nbsp;<\/p>\n<p>.<\/p>\n","protected":false},"excerpt":{"rendered":"<p>&nbsp; &nbsp; A Dee &nbsp; Il tempo minaccia, con nere nubi di pioggia che freme impaziente, e colazionare da solo con quella (per te) scomoda sedia, da giorni ormai anche lei di nuovo orfana, potrebbe sul serio rivelarsi perfino quasi fatale, almeno all\u2019umore, ma poi scendi tu \u2013 tuo malgrado magari, o inconsapevole almeno \u2013 [&hellip;]<\/p>\n","protected":false},"author":1,"featured_media":0,"comment_status":"open","ping_status":"open","sticky":false,"template":"","format":"standard","meta":{"footnotes":""},"categories":[5,13,6],"tags":[225,815,926,989,1674,2095,2104,2230],"class_list":["post-7190","post","type-post","status-publish","format-standard","hentry","category-poesia-contemporanea-2","category-poesia-italiana","category-poetry-poesia","tag-assenza","tag-distacco","tag-erica","tag-falchi","tag-mancanza","tag-partenza","tag-passeri","tag-poesia-damore"],"_links":{"self":[{"href":"https:\/\/www.poetamatusel.org\/index.php?rest_route=\/wp\/v2\/posts\/7190","targetHints":{"allow":["GET"]}}],"collection":[{"href":"https:\/\/www.poetamatusel.org\/index.php?rest_route=\/wp\/v2\/posts"}],"about":[{"href":"https:\/\/www.poetamatusel.org\/index.php?rest_route=\/wp\/v2\/types\/post"}],"author":[{"embeddable":true,"href":"https:\/\/www.poetamatusel.org\/index.php?rest_route=\/wp\/v2\/users\/1"}],"replies":[{"embeddable":true,"href":"https:\/\/www.poetamatusel.org\/index.php?rest_route=%2Fwp%2Fv2%2Fcomments&post=7190"}],"version-history":[{"count":4,"href":"https:\/\/www.poetamatusel.org\/index.php?rest_route=\/wp\/v2\/posts\/7190\/revisions"}],"predecessor-version":[{"id":7214,"href":"https:\/\/www.poetamatusel.org\/index.php?rest_route=\/wp\/v2\/posts\/7190\/revisions\/7214"}],"wp:attachment":[{"href":"https:\/\/www.poetamatusel.org\/index.php?rest_route=%2Fwp%2Fv2%2Fmedia&parent=7190"}],"wp:term":[{"taxonomy":"category","embeddable":true,"href":"https:\/\/www.poetamatusel.org\/index.php?rest_route=%2Fwp%2Fv2%2Fcategories&post=7190"},{"taxonomy":"post_tag","embeddable":true,"href":"https:\/\/www.poetamatusel.org\/index.php?rest_route=%2Fwp%2Fv2%2Ftags&post=7190"}],"curies":[{"name":"wp","href":"https:\/\/api.w.org\/{rel}","templated":true}]}}