{"id":7162,"date":"2017-09-02T22:51:28","date_gmt":"2017-09-02T20:51:28","guid":{"rendered":"http:\/\/www.poetamatusel.org\/?p=7162"},"modified":"2017-12-15T22:33:26","modified_gmt":"2017-12-15T21:33:26","slug":"negato-per-laritmetica","status":"publish","type":"post","link":"https:\/\/www.poetamatusel.org\/?p=7162","title":{"rendered":"NEGATO PER L\u2019ARITMETICA"},"content":{"rendered":"<p>&nbsp;<\/p>\n<table width=\"999\" border=\"0\" cellpadding=\"2\" cellspacing=\"0\" unselectable=\"on\">\n<tbody>\n<div id=\"attachment_7163\" style=\"width: 650px\" class=\"wp-caption alignleft\"><img loading=\"lazy\" decoding=\"async\" aria-describedby=\"caption-attachment-7163\" src=\"https:\/\/www.poetamatusel.org\/wp-content\/uploads\/2017\/09\/Corte-fra-le-nuvole-Foto-Guido-Comin-PoetaMatus\u00e8l--1024x699.jpg\" alt=\"Corte-fra-le-nuvole-Foto-Guido-Comin-PoetaMatus\u00e8l\" width=\"640\" height=\"437\" class=\"size-large wp-image-7163\" srcset=\"https:\/\/www.poetamatusel.org\/wp-content\/uploads\/2017\/09\/Corte-fra-le-nuvole-Foto-Guido-Comin-PoetaMatus\u00e8l--1024x699.jpg 1024w, https:\/\/www.poetamatusel.org\/wp-content\/uploads\/2017\/09\/Corte-fra-le-nuvole-Foto-Guido-Comin-PoetaMatus\u00e8l--300x205.jpg 300w, https:\/\/www.poetamatusel.org\/wp-content\/uploads\/2017\/09\/Corte-fra-le-nuvole-Foto-Guido-Comin-PoetaMatus\u00e8l--768x524.jpg 768w\" sizes=\"auto, (max-width: 640px) 100vw, 640px\" \/><p id=\"caption-attachment-7163\" class=\"wp-caption-text\">Fantastica corte tra le nuvole &#8211; Foto Guido Comin PoetaMatus\u00e8l<\/p><\/div>\n<tr>\n<td  valign=\"top\" width=\"999\"><\/td>\n<\/tr>\n<\/tbody>\n<\/table>\n<p>&nbsp;<\/p>\n<p style=\"padding-left:150px;\"><em>A Silva<\/em> <\/p>\n<p>&nbsp;<\/p>\n<p style=\"padding-left:10px;\"> Per certi versi tu sei ormai<br \/>\ncome morta, proprio defunta,<br \/>\neppure ti sento dall\u2019aldil\u00e0<br \/>\ne qui, nei miei versi, tu sembri<br \/>\npossibile, vera, vivissima, s\u00ec!   <\/p>\n<p style=\"padding-left:10px;\"> Riconto nei miei troppi minuti<br \/>\ndi solitudini pallide come lune<br \/>\nlasciate a lungo a sbiadire nel<br \/>\nsole, quel sole cocente che brucia<br \/>\ni colori di tutti i ricordi rimasti \u2026   <\/p>\n<p style=\"padding-left:10px;\"> Riconto, dicevo, cento piccoli<br \/>\ngesti preziosi che \u2013 usitati rituali \u2013<br \/>\navrai ripetuto migliaia di volte,<br \/>\nnel prenderti cura, per anni, di me.<br \/>\nDi me, che non sempre capivo.   <\/p>\n<p style=\"padding-left:10px;\"> Ora so che per ogni bacio scansato,<br \/>\ngesto di affetto mancato, errore<br \/>\nd\u2019interpretazione, minuto distratto,<br \/>\ngiorno perduto oppure dimenticato<br \/>\nnon potr\u00f2 pi\u00f9 concedermi sconti.   <\/p>\n<p style=\"padding-left:10px;\"> E poi ci sono i tramonti che<br \/>\nnon rivedremo pi\u00f9 insieme<br \/>\ne i monti che non saliremo,<br \/>\nanche perch\u00e9, senza <em>quel<\/em> cane,<br \/>\nnon avrebbero un senso reale.   <\/p>\n<p style=\"padding-left:10px;\"> E quei frivoli gracchi, giullari<br \/>\ndi quella corte mia tra le nuvole,<br \/>\nmi verrebbero incontro, ma solo<br \/>\na schernirmi: per avere scordato<br \/>\n(mi cito) <em>\u201cla pietra preziosa che sei\u201d<\/em>.   <\/p>\n<p>&nbsp;<\/p>\n<p>&nbsp;<\/p>\n<table width=\"999\" border=\"0\" cellpadding=\"2\" cellspacing=\"0\" unselectable=\"on\">\n<tbody>\n<div id=\"attachment_7164\" style=\"width: 650px\" class=\"wp-caption alignleft\"><img loading=\"lazy\" decoding=\"async\" aria-describedby=\"caption-attachment-7164\" src=\"https:\/\/www.poetamatusel.org\/wp-content\/uploads\/2017\/09\/Pallore-di-luna-Foto-Guido-Comin-PoetaMatus\u00e8l--1024x660.jpg\" alt=\"Pallore di luna - Foto Guido Comin PoetaMatus\u00e8l\" width=\"640\" height=\"413\" class=\"size-large wp-image-7164\" srcset=\"https:\/\/www.poetamatusel.org\/wp-content\/uploads\/2017\/09\/Pallore-di-luna-Foto-Guido-Comin-PoetaMatus\u00e8l--1024x660.jpg 1024w, https:\/\/www.poetamatusel.org\/wp-content\/uploads\/2017\/09\/Pallore-di-luna-Foto-Guido-Comin-PoetaMatus\u00e8l--300x193.jpg 300w, https:\/\/www.poetamatusel.org\/wp-content\/uploads\/2017\/09\/Pallore-di-luna-Foto-Guido-Comin-PoetaMatus\u00e8l--768x495.jpg 768w\" sizes=\"auto, (max-width: 640px) 100vw, 640px\" \/><p id=\"caption-attachment-7164\" class=\"wp-caption-text\">Pallore di languida, diafana Luna &#8211; Foto Guido Comin PoetaMatus\u00e8l<\/p><\/div>\n<tr>\n<td  valign=\"top\" width=\"999\"><\/td>\n<\/tr>\n<\/tbody>\n<\/table>\n<p>&nbsp;<\/p>\n<p>&nbsp;<\/p>\n<p><img loading=\"lazy\" decoding=\"async\" src=\"https:\/\/www.poetamatusel.org\/wp-content\/uploads\/2012\/10\/icon-for-audio-files.jpg\" alt=\"AUDIO * FILE * AUDIO\" width=\"35\" height=\"35\" class=\"alignleft wp-image-2897\" \/><strong> PoetaMatus\u00e8l legge<br \/>\nNEGATO PER L\u2019ARITMETICA<\/strong>  <\/p>\n<audio class=\"wp-audio-shortcode\" id=\"audio-7162-1\" preload=\"none\" style=\"width: 100%;\" controls=\"controls\"><source type=\"audio\/mpeg\" src=\"https:\/\/www.poetamatusel.org\/wp-content\/uploads\/2017\/09\/NEGATO-PER-L-ARITMETICA-1.mp3?_=1\" \/><a href=\"https:\/\/www.poetamatusel.org\/wp-content\/uploads\/2017\/09\/NEGATO-PER-L-ARITMETICA-1.mp3\">https:\/\/www.poetamatusel.org\/wp-content\/uploads\/2017\/09\/NEGATO-PER-L-ARITMETICA-1.mp3<\/a><\/audio>\n<p>&nbsp;<br \/>\n&nbsp;<br \/>\n&nbsp;<\/p>\n<p><img loading=\"lazy\" decoding=\"async\" src=\"https:\/\/www.poetamatusel.org\/wp-content\/uploads\/2017\/01\/Viole-di-marzo-Foto-Guido-Comin-150x150.jpg\" title=\"Profumo di quasi-primavera - Foto Guido Comin PoetaMatus\u00e8l\" width=\"150\" height=\"150\" class=\"alignleft size-thumbnail wp-image-6930\" \/>&nbsp;&nbsp;<\/p>\n<p style=\"padding-left:40px;\"><em>Prezioso Visitatore che mi leggi, un breve commento, anche solo un saluto, non ti costa che un piccolissimo sforzo, per\u00f2 far\u00e0 un enorme piacere a me, quando lo legger\u00f2! Grazie di cuore!! <\/em> &nbsp; :O)<\/p>\n<p>&nbsp;<\/p>\n<p style=\"padding-top:30px;\">\n<p><span style=\"font-family:'Arial Narrow Special G1';font-size:small;\">Copyright  \u00a9 2017 Guido Comin PoetaMatus\u00e8l &#8211;  Belluno, Italy. All rights reserved.<\/span><\/p>\n<p>&nbsp;<\/p>\n<p>.<\/p>\n","protected":false},"excerpt":{"rendered":"<p>&nbsp; &nbsp; A Silva &nbsp; Per certi versi tu sei ormai come morta, proprio defunta, eppure ti sento dall\u2019aldil\u00e0 e qui, nei miei versi, tu sembri possibile, vera, vivissima, s\u00ec! Riconto nei miei troppi minuti di solitudini pallide come lune lasciate a lungo a sbiadire nel sole, quel sole cocente che brucia i colori di [&hellip;]<\/p>\n","protected":false},"author":1,"featured_media":0,"comment_status":"open","ping_status":"open","sticky":false,"template":"","format":"standard","meta":{"footnotes":""},"categories":[5,13,6],"tags":[437,839,1275,1618,1795,1800,1958,2479,3280,2496],"class_list":["post-7162","post","type-post","status-publish","format-standard","hentry","category-poesia-contemporanea-2","category-poesia-italiana","category-poetry-poesia","tag-cani","tag-dolomiti","tag-gracchi","tag-luna","tag-montagne","tag-monte-rite","tag-nuvole","tag-ricordi","tag-rimorso","tag-rimpianto"],"_links":{"self":[{"href":"https:\/\/www.poetamatusel.org\/index.php?rest_route=\/wp\/v2\/posts\/7162","targetHints":{"allow":["GET"]}}],"collection":[{"href":"https:\/\/www.poetamatusel.org\/index.php?rest_route=\/wp\/v2\/posts"}],"about":[{"href":"https:\/\/www.poetamatusel.org\/index.php?rest_route=\/wp\/v2\/types\/post"}],"author":[{"embeddable":true,"href":"https:\/\/www.poetamatusel.org\/index.php?rest_route=\/wp\/v2\/users\/1"}],"replies":[{"embeddable":true,"href":"https:\/\/www.poetamatusel.org\/index.php?rest_route=%2Fwp%2Fv2%2Fcomments&post=7162"}],"version-history":[{"count":12,"href":"https:\/\/www.poetamatusel.org\/index.php?rest_route=\/wp\/v2\/posts\/7162\/revisions"}],"predecessor-version":[{"id":7287,"href":"https:\/\/www.poetamatusel.org\/index.php?rest_route=\/wp\/v2\/posts\/7162\/revisions\/7287"}],"wp:attachment":[{"href":"https:\/\/www.poetamatusel.org\/index.php?rest_route=%2Fwp%2Fv2%2Fmedia&parent=7162"}],"wp:term":[{"taxonomy":"category","embeddable":true,"href":"https:\/\/www.poetamatusel.org\/index.php?rest_route=%2Fwp%2Fv2%2Fcategories&post=7162"},{"taxonomy":"post_tag","embeddable":true,"href":"https:\/\/www.poetamatusel.org\/index.php?rest_route=%2Fwp%2Fv2%2Ftags&post=7162"}],"curies":[{"name":"wp","href":"https:\/\/api.w.org\/{rel}","templated":true}]}}