{"id":7130,"date":"2017-07-11T21:47:56","date_gmt":"2017-07-11T19:47:56","guid":{"rendered":"http:\/\/www.poetamatusel.org\/?p=7130"},"modified":"2017-07-11T21:47:56","modified_gmt":"2017-07-11T19:47:56","slug":"verde-colore-migliore","status":"publish","type":"post","link":"https:\/\/www.poetamatusel.org\/?p=7130","title":{"rendered":"VERDE, COLORE MIGLIORE!"},"content":{"rendered":"<p>&nbsp;<\/p>\n<table width=\"999\" border=\"0\" cellpadding=\"2\" cellspacing=\"0\" unselectable=\"on\">\n<tbody>\n<p><img loading=\"lazy\" decoding=\"async\" src=\"https:\/\/www.poetamatusel.org\/wp-content\/uploads\/2017\/07\/Tramonto-da-morirci-dentro-Foto-Guido-Comin-PoetaMatus\u00e8l-1024x593.jpg\" title=\"Tramonto da morirci dentro - Foto Guido Comin PoetaMatus\u00e8l\" width=\"640\" height=\"371\" class=\"alignleft size-large wp-image-7131\" srcset=\"https:\/\/www.poetamatusel.org\/wp-content\/uploads\/2017\/07\/Tramonto-da-morirci-dentro-Foto-Guido-Comin-PoetaMatus\u00e8l-1024x593.jpg 1024w, https:\/\/www.poetamatusel.org\/wp-content\/uploads\/2017\/07\/Tramonto-da-morirci-dentro-Foto-Guido-Comin-PoetaMatus\u00e8l-300x174.jpg 300w, https:\/\/www.poetamatusel.org\/wp-content\/uploads\/2017\/07\/Tramonto-da-morirci-dentro-Foto-Guido-Comin-PoetaMatus\u00e8l-768x444.jpg 768w\" sizes=\"auto, (max-width: 640px) 100vw, 640px\" \/><\/p>\n<tr>\n<td  valign=\"top\" width=\"999\"><\/td>\n<\/tr>\n<\/tbody>\n<\/table>\n<p>&nbsp;<\/p>\n<p style=\"padding-left:100px;\"> <em>Dedicata a Me Stesso<\/em> <\/p>\n<p>&nbsp;<\/p>\n<p style=\"padding-left:20px;\"> Sul ciliegio degli orsetti lavatori,<br \/>\ngli storni questa sera fanno festa,<br \/>\nmentre penso ad altri storni ormai<br \/>\nlontani, su ciliegi che non rivedr\u00f2<br \/>\nmai pi\u00f9 o, comunque, non domani.  <\/p>\n<p style=\"padding-left:20px;\"> Qui la Vita gi\u00e0 dovrebbe ripartire,<br \/>\ncon nuovi amici, danze, feste, donne;<br \/>\ncon progetti di rinascita e recupero,<br \/>\nsanatorie di tutto ci\u00f2 che \u00e8 marcio,<br \/>\ncome sempre promettono i politici!  <\/p>\n<p style=\"padding-left:20px;\"> La bellezza non manca, tutt\u2019intorno,<br \/>\ncon foreste, colli, laghi e tanti uccelli,<br \/>\ncon tramonti da volerci morir dentro;<br \/>\ncon la musica a rallegrare i tristi treni<br \/>\ne ragazze che in autobus ti lusingano.  <\/p>\n<p style=\"padding-left:20px;\"> Ma incontro anche ragazze ipertatuate,<br \/>\nsedute su scalini ammanettate, tristi<br \/>\nvittime di non-so-quali d\u00e8i, o di un fato<br \/>\nche ha scelto proprio loro, per finire<br \/>\ncos\u00ec: sdentate, abortite a diciott\u2019anni!  <\/p>\n<p style=\"padding-left:20px;\"> Incontro relitti umani gi\u00e0 ubriachi<br \/>\nalle sette del mattino, se gli va bene<br \/>\nche qualcuno gli ha buttato un paio<br \/>\nd\u2019euro, per comprarsi qualche litro<br \/>\ndi oblio puro, completa abolizione \u2026  <\/p>\n<p style=\"padding-left:20px;\"> Cerco allora rifugio dentro il verde,<br \/>\ntra gli alberi che mi videro bambino<br \/>\nfelice di correre sui prati; o un barone,<br \/>\neremita senza chiocciole tra le fronde,<br \/>\no soltanto un bimbo ebbro di solitudine.  <\/p>\n<p style=\"padding-left:20px;\"> Perch\u00e9 <strong>verde<\/strong>, da sempre, il mio cuore!  <\/p>\n<p>&nbsp;<\/p>\n<p>&nbsp;<\/p>\n<table width=\"999\" border=\"0\" cellpadding=\"2\" cellspacing=\"0\" unselectable=\"on\">\n<tbody>\n<p><img loading=\"lazy\" decoding=\"async\" src=\"https:\/\/www.poetamatusel.org\/wp-content\/uploads\/2017\/07\/Cerco-rifugio-nel-verde-Foto-Guido-Comin-PoetaMatus\u00e8l--1024x731.jpg\" title=\"Cercare rifugio nel verde - Foto Guido Comin PoetaMatus\u00e8l\" width=\"640\" height=\"457\" class=\"alignleft size-large wp-image-7132\" srcset=\"https:\/\/www.poetamatusel.org\/wp-content\/uploads\/2017\/07\/Cerco-rifugio-nel-verde-Foto-Guido-Comin-PoetaMatus\u00e8l--1024x731.jpg 1024w, https:\/\/www.poetamatusel.org\/wp-content\/uploads\/2017\/07\/Cerco-rifugio-nel-verde-Foto-Guido-Comin-PoetaMatus\u00e8l--300x214.jpg 300w, https:\/\/www.poetamatusel.org\/wp-content\/uploads\/2017\/07\/Cerco-rifugio-nel-verde-Foto-Guido-Comin-PoetaMatus\u00e8l--768x549.jpg 768w\" sizes=\"auto, (max-width: 640px) 100vw, 640px\" \/><\/p>\n<tr>\n<td  valign=\"top\" width=\"999\"><\/td>\n<\/tr>\n<\/tbody>\n<\/table>\n<p>&nbsp;<\/p>\n<p>&nbsp;<\/p>\n<p><img loading=\"lazy\" decoding=\"async\" src=\"https:\/\/www.poetamatusel.org\/wp-content\/uploads\/2012\/10\/icon-for-audio-files.jpg\" alt=\"AUDIO * FILE * AUDIO\" width=\"35\" height=\"35\" class=\"alignleft wp-image-2897\" \/><strong> PoetaMatus\u00e8l legge<br \/>\nVERDE, COLORE MIGLIORE!  <\/strong>  <\/p>\n<audio class=\"wp-audio-shortcode\" id=\"audio-7130-1\" preload=\"none\" style=\"width: 100%;\" controls=\"controls\"><source type=\"audio\/mpeg\" src=\"https:\/\/www.poetamatusel.org\/wp-content\/uploads\/2017\/07\/VERDE-COLORE-MIGLIORE.mp3?_=1\" \/><a href=\"https:\/\/www.poetamatusel.org\/wp-content\/uploads\/2017\/07\/VERDE-COLORE-MIGLIORE.mp3\">https:\/\/www.poetamatusel.org\/wp-content\/uploads\/2017\/07\/VERDE-COLORE-MIGLIORE.mp3<\/a><\/audio>\n<p>&nbsp;<br \/>\n&nbsp;<br \/>\n&nbsp;<\/p>\n<table width=\"999\" border=\"0\" cellpadding=\"2\" cellspacing=\"0\" unselectable=\"on\">\n<tbody>\n<p><img loading=\"lazy\" decoding=\"async\" src=\"https:\/\/www.poetamatusel.org\/wp-content\/uploads\/2017\/07\/Siano-sempre-verdi-i-miei-spazi-Foto-Guido-Comin-PoetaMatus\u00e8l-1024x630.jpg\" title=\"Possano sempre essere verdi i nostri spazi - Foto Guido Comin PoetaMatus\u00e8l\" width=\"640\" height=\"394\" class=\"alignleft size-large wp-image-7133\" srcset=\"https:\/\/www.poetamatusel.org\/wp-content\/uploads\/2017\/07\/Siano-sempre-verdi-i-miei-spazi-Foto-Guido-Comin-PoetaMatus\u00e8l-1024x630.jpg 1024w, https:\/\/www.poetamatusel.org\/wp-content\/uploads\/2017\/07\/Siano-sempre-verdi-i-miei-spazi-Foto-Guido-Comin-PoetaMatus\u00e8l-300x185.jpg 300w, https:\/\/www.poetamatusel.org\/wp-content\/uploads\/2017\/07\/Siano-sempre-verdi-i-miei-spazi-Foto-Guido-Comin-PoetaMatus\u00e8l-768x473.jpg 768w\" sizes=\"auto, (max-width: 640px) 100vw, 640px\" \/><\/p>\n<tr>\n<td  valign=\"top\" width=\"999\"><\/td>\n<\/tr>\n<\/tbody>\n<\/table>\n<p>&nbsp;<br \/>\n&nbsp;<br \/>\n&nbsp;<\/p>\n<p><img loading=\"lazy\" decoding=\"async\" src=\"https:\/\/www.poetamatusel.org\/wp-content\/uploads\/2017\/01\/Viole-di-marzo-Foto-Guido-Comin-150x150.jpg\" title=\"Profumo di quasi-primavera - Foto Guido Comin PoetaMatus\u00e8l\" width=\"150\" height=\"150\" class=\"alignleft size-thumbnail wp-image-6930\" \/>&nbsp;&nbsp;<\/p>\n<p style=\"padding-left:40px;\"><em>Prezioso Visitatore che mi leggi, un breve commento, anche solo un saluto, non ti costa che un piccolissimo sforzo, per\u00f2 far\u00e0 un enorme piacere a me, quando lo legger\u00f2! Grazie di cuore!! <\/em> &nbsp; :O)<\/p>\n<p>&nbsp;<\/p>\n<p style=\"padding-top:30px;\">\n<p><span style=\"font-family:'Arial Narrow Special G1';font-size:small;\">Copyright  \u00a9 2017 Guido Comin PoetaMatus\u00e8l &#8211;  Belluno, Italy. All rights reserved.<\/span><\/p>\n<p>&nbsp;<\/p>\n<p>.\u2003<\/p>\n","protected":false},"excerpt":{"rendered":"<p>&nbsp; &nbsp; Dedicata a Me Stesso &nbsp; Sul ciliegio degli orsetti lavatori, gli storni questa sera fanno festa, mentre penso ad altri storni ormai lontani, su ciliegi che non rivedr\u00f2 mai pi\u00f9 o, comunque, non domani. Qui la Vita gi\u00e0 dovrebbe ripartire, con nuovi amici, danze, feste, donne; con progetti di rinascita e recupero, sanatorie [&hellip;]<\/p>\n","protected":false},"author":1,"featured_media":0,"comment_status":"open","ping_status":"open","sticky":false,"template":"","format":"standard","meta":{"footnotes":""},"categories":[5,13,6],"tags":[414,3275,1152,1877,2404,2490,2586,2751,3091],"class_list":["post-7130","post","type-post","status-publish","format-standard","hentry","category-poesia-contemporanea-2","category-poesia-italiana","category-poetry-poesia","tag-campagna","tag-citta","tag-fuga","tag-natura","tag-quiete","tag-rifugio","tag-salvezza","tag-solitudine","tag-verde"],"_links":{"self":[{"href":"https:\/\/www.poetamatusel.org\/index.php?rest_route=\/wp\/v2\/posts\/7130","targetHints":{"allow":["GET"]}}],"collection":[{"href":"https:\/\/www.poetamatusel.org\/index.php?rest_route=\/wp\/v2\/posts"}],"about":[{"href":"https:\/\/www.poetamatusel.org\/index.php?rest_route=\/wp\/v2\/types\/post"}],"author":[{"embeddable":true,"href":"https:\/\/www.poetamatusel.org\/index.php?rest_route=\/wp\/v2\/users\/1"}],"replies":[{"embeddable":true,"href":"https:\/\/www.poetamatusel.org\/index.php?rest_route=%2Fwp%2Fv2%2Fcomments&post=7130"}],"version-history":[{"count":5,"href":"https:\/\/www.poetamatusel.org\/index.php?rest_route=\/wp\/v2\/posts\/7130\/revisions"}],"predecessor-version":[{"id":7139,"href":"https:\/\/www.poetamatusel.org\/index.php?rest_route=\/wp\/v2\/posts\/7130\/revisions\/7139"}],"wp:attachment":[{"href":"https:\/\/www.poetamatusel.org\/index.php?rest_route=%2Fwp%2Fv2%2Fmedia&parent=7130"}],"wp:term":[{"taxonomy":"category","embeddable":true,"href":"https:\/\/www.poetamatusel.org\/index.php?rest_route=%2Fwp%2Fv2%2Fcategories&post=7130"},{"taxonomy":"post_tag","embeddable":true,"href":"https:\/\/www.poetamatusel.org\/index.php?rest_route=%2Fwp%2Fv2%2Ftags&post=7130"}],"curies":[{"name":"wp","href":"https:\/\/api.w.org\/{rel}","templated":true}]}}