{"id":7118,"date":"2017-07-08T20:50:48","date_gmt":"2017-07-08T18:50:48","guid":{"rendered":"http:\/\/www.poetamatusel.org\/?p=7118"},"modified":"2017-07-09T12:45:36","modified_gmt":"2017-07-09T10:45:36","slug":"senza-la-maionese","status":"publish","type":"post","link":"https:\/\/www.poetamatusel.org\/?p=7118","title":{"rendered":"SENZA LA MAIONESE"},"content":{"rendered":"<p>&nbsp;<\/p>\n<table width=\"999\" border=\"0\" cellpadding=\"2\" cellspacing=\"0\" unselectable=\"on\">\n<tbody>\n<p><img loading=\"lazy\" decoding=\"async\" src=\"https:\/\/www.poetamatusel.org\/wp-content\/uploads\/2017\/07\/Acqua-passata-Foto-Guido-Comin-PoetaMatusel-1024x584.jpg\" title=\"Acqua passata... - Foto Guido Comin PoetaMatus\u00e8l\" width=\"640\" height=\"365\" class=\"alignleft size-large wp-image-7119\" srcset=\"https:\/\/www.poetamatusel.org\/wp-content\/uploads\/2017\/07\/Acqua-passata-Foto-Guido-Comin-PoetaMatusel-1024x584.jpg 1024w, https:\/\/www.poetamatusel.org\/wp-content\/uploads\/2017\/07\/Acqua-passata-Foto-Guido-Comin-PoetaMatusel-300x171.jpg 300w, https:\/\/www.poetamatusel.org\/wp-content\/uploads\/2017\/07\/Acqua-passata-Foto-Guido-Comin-PoetaMatusel-768x438.jpg 768w\" sizes=\"auto, (max-width: 640px) 100vw, 640px\" \/><\/p>\n<tr>\n<td  valign=\"top\" width=\"999\"><\/td>\n<\/tr>\n<\/tbody>\n<\/table>\n<p>&nbsp;<\/p>\n<p style=\"padding-left:220px;\"><em>A Silva<\/em> <\/p>\n<p>&nbsp;<\/p>\n<p style=\"padding-left:20px;\"> Tu, che ancora riempi i miei respiri,<br \/>\nmentre i rondoni mi ricuciono l\u2019aria,<br \/>\ne intingi i miei pensieri troppo teneri<br \/>\nquasi fossero savoiardi dentro t\u00e8 caldo,<br \/>\nTu non hai forse ancora davvero capito<br \/>\nil grave danno sostenuto da quest\u2019anima<br \/>\n(mentre il corpo era da tempo rassegnato).  <\/p>\n<p style=\"padding-left:20px;\"> E non si tratta del proverbiale vuoto<br \/>\nche dovresti aver creato nei miei spazi,<br \/>\nno, la Vita \u00e8 ancora piena di cose belle:<br \/>\ndi luoghi ameni, balli, musica e poesia,<br \/>\nfiori, prati, foreste, fiumi e freschi laghi,<br \/>\nalberi e cani, cornacchie e corvi e merli,<br \/>\npoi \u2013 <em>dulcis in fundo<\/em> e proprio sopra tutto \u2013<br \/>\nmagici momenti con gli amici, pur lontani.  <\/p>\n<p style=\"padding-left:20px;\"> Ma senza di Te quest\u2019esistenza \u00e8 proprio<br \/>\nun\u2019insalata russa senza l\u2019imprescindibile<br \/>\nsalsa, regina delle salse, mitica maionese!  <\/p>\n<p>&nbsp;<\/p>\n<p>&nbsp;<\/p>\n<table width=\"999\" border=\"0\" cellpadding=\"2\" cellspacing=\"0\" unselectable=\"on\">\n<tbody>\n<p><img loading=\"lazy\" decoding=\"async\" src=\"https:\/\/www.poetamatusel.org\/wp-content\/uploads\/2017\/07\/Collie-diversamente-colorato-Foto-Guido-Comin-PoetaMatusel--1024x666.jpg\" title=\"Collie diversamente colorato - Foto Guido Comin PoetaMatus\u00e8l\" width=\"640\" height=\"416\" class=\"alignleft size-large wp-image-7120\" srcset=\"https:\/\/www.poetamatusel.org\/wp-content\/uploads\/2017\/07\/Collie-diversamente-colorato-Foto-Guido-Comin-PoetaMatusel--1024x666.jpg 1024w, https:\/\/www.poetamatusel.org\/wp-content\/uploads\/2017\/07\/Collie-diversamente-colorato-Foto-Guido-Comin-PoetaMatusel--300x195.jpg 300w, https:\/\/www.poetamatusel.org\/wp-content\/uploads\/2017\/07\/Collie-diversamente-colorato-Foto-Guido-Comin-PoetaMatusel--768x500.jpg 768w\" sizes=\"auto, (max-width: 640px) 100vw, 640px\" \/><\/p>\n<tr>\n<td  valign=\"top\" width=\"999\"><\/td>\n<\/tr>\n<\/tbody>\n<\/table>\n<p>&nbsp;<\/p>\n<p>&nbsp;<\/p>\n<p><img loading=\"lazy\" decoding=\"async\" src=\"https:\/\/www.poetamatusel.org\/wp-content\/uploads\/2012\/10\/icon-for-audio-files.jpg\" alt=\"AUDIO * FILE * AUDIO\" width=\"35\" height=\"35\" class=\"alignleft wp-image-2897\" \/>  <strong>PoetaMatus\u00e8l legge<br \/>\nSENZA LA MAIONESE <\/strong>  <\/p>\n<audio class=\"wp-audio-shortcode\" id=\"audio-7118-1\" preload=\"none\" style=\"width: 100%;\" controls=\"controls\"><source type=\"audio\/mpeg\" src=\"https:\/\/www.poetamatusel.org\/wp-content\/uploads\/2017\/07\/SENZA-LA-MAIONESE.mp3?_=1\" \/><a href=\"https:\/\/www.poetamatusel.org\/wp-content\/uploads\/2017\/07\/SENZA-LA-MAIONESE.mp3\">https:\/\/www.poetamatusel.org\/wp-content\/uploads\/2017\/07\/SENZA-LA-MAIONESE.mp3<\/a><\/audio>\n<p>&nbsp;<br \/>\n&nbsp;<br \/>\n&nbsp;<\/p>\n<p><img loading=\"lazy\" decoding=\"async\" src=\"https:\/\/www.poetamatusel.org\/wp-content\/uploads\/2017\/01\/Viole-di-marzo-Foto-Guido-Comin-150x150.jpg\" title=\"Profumo di quasi-primavera - Foto Guido Comin PoetaMatus\u00e8l\" width=\"150\" height=\"150\" class=\"alignleft size-thumbnail wp-image-6930\" \/>&nbsp;&nbsp;<\/p>\n<p style=\"padding-left:40px;\"><em>Prezioso Visitatore che mi leggi, un breve commento, anche solo un saluto, non ti costa che un piccolissimo sforzo, per\u00f2 far\u00e0 un enorme piacere a me, quando lo legger\u00f2! Grazie di cuore!! <\/em> &nbsp; :O)<\/p>\n<p>&nbsp;<\/p>\n<p style=\"padding-top:30px;\">\n<p><span style=\"font-family:'Arial Narrow Special G1';font-size:small;\">Copyright  \u00a9 2017 Guido Comin PoetaMatus\u00e8l &#8211;  Belluno, Italy. All rights reserved.<\/span><\/p>\n<p>&nbsp;<\/p>\n<p>.<\/p>\n","protected":false},"excerpt":{"rendered":"<p>&nbsp; &nbsp; A Silva &nbsp; Tu, che ancora riempi i miei respiri, mentre i rondoni mi ricuciono l\u2019aria, e intingi i miei pensieri troppo teneri quasi fossero savoiardi dentro t\u00e8 caldo, Tu non hai forse ancora davvero capito il grave danno sostenuto da quest\u2019anima (mentre il corpo era da tempo rassegnato). E non si tratta [&hellip;]<\/p>\n","protected":false},"author":1,"featured_media":0,"comment_status":"open","ping_status":"open","sticky":false,"template":"","format":"standard","meta":{"footnotes":""},"categories":[5,13,6],"tags":[437,1080,1524,1599,3274,1674,1744,1925],"class_list":["post-7118","post","type-post","status-publish","format-standard","hentry","category-poesia-contemporanea-2","category-poesia-italiana","category-poetry-poesia","tag-cani","tag-fiumi","tag-laghi","tag-lontananza","tag-maionese","tag-mancanza","tag-merli","tag-nostalgia"],"_links":{"self":[{"href":"https:\/\/www.poetamatusel.org\/index.php?rest_route=\/wp\/v2\/posts\/7118","targetHints":{"allow":["GET"]}}],"collection":[{"href":"https:\/\/www.poetamatusel.org\/index.php?rest_route=\/wp\/v2\/posts"}],"about":[{"href":"https:\/\/www.poetamatusel.org\/index.php?rest_route=\/wp\/v2\/types\/post"}],"author":[{"embeddable":true,"href":"https:\/\/www.poetamatusel.org\/index.php?rest_route=\/wp\/v2\/users\/1"}],"replies":[{"embeddable":true,"href":"https:\/\/www.poetamatusel.org\/index.php?rest_route=%2Fwp%2Fv2%2Fcomments&post=7118"}],"version-history":[{"count":6,"href":"https:\/\/www.poetamatusel.org\/index.php?rest_route=\/wp\/v2\/posts\/7118\/revisions"}],"predecessor-version":[{"id":7129,"href":"https:\/\/www.poetamatusel.org\/index.php?rest_route=\/wp\/v2\/posts\/7118\/revisions\/7129"}],"wp:attachment":[{"href":"https:\/\/www.poetamatusel.org\/index.php?rest_route=%2Fwp%2Fv2%2Fmedia&parent=7118"}],"wp:term":[{"taxonomy":"category","embeddable":true,"href":"https:\/\/www.poetamatusel.org\/index.php?rest_route=%2Fwp%2Fv2%2Fcategories&post=7118"},{"taxonomy":"post_tag","embeddable":true,"href":"https:\/\/www.poetamatusel.org\/index.php?rest_route=%2Fwp%2Fv2%2Ftags&post=7118"}],"curies":[{"name":"wp","href":"https:\/\/api.w.org\/{rel}","templated":true}]}}