{"id":7108,"date":"2017-07-07T22:56:15","date_gmt":"2017-07-07T20:56:15","guid":{"rendered":"http:\/\/www.poetamatusel.org\/?p=7108"},"modified":"2017-07-07T22:56:15","modified_gmt":"2017-07-07T20:56:15","slug":"sera-di-temporale-a-spandau","status":"publish","type":"post","link":"https:\/\/www.poetamatusel.org\/?p=7108","title":{"rendered":"SERA DI TEMPORALE A SPANDAU"},"content":{"rendered":"<p>&nbsp;<\/p>\n<table width=\"999\" border=\"0\" cellpadding=\"2\" cellspacing=\"0\" unselectable=\"on\">\n<tbody>\n<p><img loading=\"lazy\" decoding=\"async\" src=\"https:\/\/www.poetamatusel.org\/wp-content\/uploads\/2017\/07\/Temporale-a-Spandau-Foto-Guido-Comin-PoetaMatusel--1024x689.jpg\" title=\"Temporale a Spandau - Foto Guido Comin PoetaMatus\u00e8l\" width=\"640\" height=\"431\" class=\"alignleft size-large wp-image-7109\" srcset=\"https:\/\/www.poetamatusel.org\/wp-content\/uploads\/2017\/07\/Temporale-a-Spandau-Foto-Guido-Comin-PoetaMatusel--1024x689.jpg 1024w, https:\/\/www.poetamatusel.org\/wp-content\/uploads\/2017\/07\/Temporale-a-Spandau-Foto-Guido-Comin-PoetaMatusel--300x202.jpg 300w, https:\/\/www.poetamatusel.org\/wp-content\/uploads\/2017\/07\/Temporale-a-Spandau-Foto-Guido-Comin-PoetaMatusel--768x517.jpg 768w\" sizes=\"auto, (max-width: 640px) 100vw, 640px\" \/><\/p>\n<tr>\n<td  valign=\"top\" width=\"999\"><\/td>\n<\/tr>\n<\/tbody>\n<\/table>\n<p>&nbsp;<\/p>\n<p style=\"padding-left:120px;\"> <em>Al mio grande Amico Giuliano,<br \/>\n\u201csurvivor\u201d della mia stessa specie <\/em><\/p>\n<p>&nbsp;<\/p>\n<p style=\"padding-left:20px;\"> I miei corvi sono agitati questa sera,<br \/>\nforse sentono la tempesta imminente.<br \/>\nLa sento anch\u2019io, per\u00f2 magari quella<br \/>\nche premonisco \u00e8 ben altra: tempesta<br \/>\nche dura da una vita intera, non sembra<br \/>\ndebba mai cessare, n\u00e9 dare nemmeno<br \/>\nla pi\u00f9 breve delle tregue concedibili.   <\/p>\n<p style=\"padding-left:20px;\"> Per\u00f2 io sono come questi miei corvi,<br \/>\nche impavidi sfidano tutti i temporali<br \/>\ne sembrano perfino prendersi gioco<br \/>\ndi quegli dei dimenticati che vorrebbero<br \/>\nprovare a spaventarli, vanesie divinit\u00e0.  <\/p>\n<p style=\"padding-left:20px;\"> Come si illudono con me che, rondone<br \/>\nio, anzi di pi\u00f9: perch\u00e9, quando atterrato,<br \/>\nriprendo tosto ogni volta ancora il volo!\n<\/p>\n<p>&nbsp;<\/p>\n<p>&nbsp;<\/p>\n<table width=\"999\" border=\"0\" cellpadding=\"2\" cellspacing=\"0\" unselectable=\"on\">\n<tbody>\n<p><img loading=\"lazy\" decoding=\"async\" src=\"https:\/\/www.poetamatusel.org\/wp-content\/uploads\/2017\/07\/La-tempesta-imminente-Foto-Guido-Comin-PoetaMatusel-1-1-1024x627.jpg\" title=\"La tempesta imminente - Foto Guido Comin PoetaMatus\u00e8l\" width=\"640\" height=\"392\" class=\"size-large wp-image-7111\" srcset=\"https:\/\/www.poetamatusel.org\/wp-content\/uploads\/2017\/07\/La-tempesta-imminente-Foto-Guido-Comin-PoetaMatusel-1-1-1024x627.jpg 1024w, https:\/\/www.poetamatusel.org\/wp-content\/uploads\/2017\/07\/La-tempesta-imminente-Foto-Guido-Comin-PoetaMatusel-1-1-300x184.jpg 300w, https:\/\/www.poetamatusel.org\/wp-content\/uploads\/2017\/07\/La-tempesta-imminente-Foto-Guido-Comin-PoetaMatusel-1-1-768x470.jpg 768w\" sizes=\"auto, (max-width: 640px) 100vw, 640px\" \/><\/p>\n<tr>\n<td  valign=\"top\" width=\"999\"><\/td>\n<\/tr>\n<\/tbody>\n<\/table>\n<p>&nbsp;<\/p>\n<p>&nbsp;<\/p>\n<p><img loading=\"lazy\" decoding=\"async\" src=\"https:\/\/www.poetamatusel.org\/wp-content\/uploads\/2012\/10\/icon-for-audio-files.jpg\" alt=\"AUDIO * FILE * AUDIO\" width=\"35\" height=\"35\" class=\"alignleft wp-image-2897\" \/> <strong>PoetaMatus\u00e8l legge<br \/>\nSERA DI TEMPORALE A SPANDAU <\/strong>  <\/p>\n<audio class=\"wp-audio-shortcode\" id=\"audio-7108-1\" preload=\"none\" style=\"width: 100%;\" controls=\"controls\"><source type=\"audio\/mpeg\" src=\"https:\/\/www.poetamatusel.org\/wp-content\/uploads\/2017\/07\/SERA-DI-TEMPORALE-A-SPANDAU.mp3?_=1\" \/><a href=\"https:\/\/www.poetamatusel.org\/wp-content\/uploads\/2017\/07\/SERA-DI-TEMPORALE-A-SPANDAU.mp3\">https:\/\/www.poetamatusel.org\/wp-content\/uploads\/2017\/07\/SERA-DI-TEMPORALE-A-SPANDAU.mp3<\/a><\/audio>\n<p>&nbsp;<br \/>\n&nbsp;<br \/>\n&nbsp;<\/p>\n<p><img loading=\"lazy\" decoding=\"async\" src=\"https:\/\/www.poetamatusel.org\/wp-content\/uploads\/2017\/01\/Viole-di-marzo-Foto-Guido-Comin-150x150.jpg\" title=\"Profumo di quasi-primavera - Foto Guido Comin PoetaMatus\u00e8l\" width=\"150\" height=\"150\" class=\"alignleft size-thumbnail wp-image-6930\" \/>&nbsp;&nbsp;<\/p>\n<p style=\"padding-left:40px;\"><em>Prezioso Visitatore che mi leggi, un breve commento, anche solo un saluto, non ti costa che un piccolissimo sforzo, per\u00f2 far\u00e0 un enorme piacere a me, quando lo legger\u00f2! Grazie di cuore!! <\/em> &nbsp; :O)<\/p>\n<p>&nbsp;<\/p>\n<p style=\"padding-top:30px;\">\n<p><span style=\"font-family:'Arial Narrow Special G1';font-size:small;\">Copyright  \u00a9 2017 Guido Comin PoetaMatus\u00e8l &#8211;  Belluno, Italy. All rights reserved.<\/span><\/p>\n<p>&nbsp;<\/p>\n<p>.<\/p>\n","protected":false},"excerpt":{"rendered":"<p>&nbsp; &nbsp; Al mio grande Amico Giuliano, \u201csurvivor\u201d della mia stessa specie &nbsp; I miei corvi sono agitati questa sera, forse sentono la tempesta imminente. La sento anch\u2019io, per\u00f2 magari quella che premonisco \u00e8 ben altra: tempesta che dura da una vita intera, non sembra debba mai cessare, n\u00e9 dare nemmeno la pi\u00f9 breve delle [&hellip;]<\/p>\n","protected":false},"author":1,"featured_media":0,"comment_status":"open","ping_status":"open","sticky":false,"template":"","format":"standard","meta":{"footnotes":""},"categories":[5,13,6],"tags":[672,690,2460,2541,2903],"class_list":["post-7108","post","type-post","status-publish","format-standard","hentry","category-poesia-contemporanea-2","category-poesia-italiana","category-poetry-poesia","tag-coraggio","tag-corvi","tag-resistenza","tag-rondoni","tag-temporale"],"_links":{"self":[{"href":"https:\/\/www.poetamatusel.org\/index.php?rest_route=\/wp\/v2\/posts\/7108","targetHints":{"allow":["GET"]}}],"collection":[{"href":"https:\/\/www.poetamatusel.org\/index.php?rest_route=\/wp\/v2\/posts"}],"about":[{"href":"https:\/\/www.poetamatusel.org\/index.php?rest_route=\/wp\/v2\/types\/post"}],"author":[{"embeddable":true,"href":"https:\/\/www.poetamatusel.org\/index.php?rest_route=\/wp\/v2\/users\/1"}],"replies":[{"embeddable":true,"href":"https:\/\/www.poetamatusel.org\/index.php?rest_route=%2Fwp%2Fv2%2Fcomments&post=7108"}],"version-history":[{"count":3,"href":"https:\/\/www.poetamatusel.org\/index.php?rest_route=\/wp\/v2\/posts\/7108\/revisions"}],"predecessor-version":[{"id":7116,"href":"https:\/\/www.poetamatusel.org\/index.php?rest_route=\/wp\/v2\/posts\/7108\/revisions\/7116"}],"wp:attachment":[{"href":"https:\/\/www.poetamatusel.org\/index.php?rest_route=%2Fwp%2Fv2%2Fmedia&parent=7108"}],"wp:term":[{"taxonomy":"category","embeddable":true,"href":"https:\/\/www.poetamatusel.org\/index.php?rest_route=%2Fwp%2Fv2%2Fcategories&post=7108"},{"taxonomy":"post_tag","embeddable":true,"href":"https:\/\/www.poetamatusel.org\/index.php?rest_route=%2Fwp%2Fv2%2Ftags&post=7108"}],"curies":[{"name":"wp","href":"https:\/\/api.w.org\/{rel}","templated":true}]}}