{"id":7070,"date":"2017-05-13T20:35:04","date_gmt":"2017-05-13T18:35:04","guid":{"rendered":"http:\/\/www.poetamatusel.org\/?p=7070"},"modified":"2017-05-13T20:35:04","modified_gmt":"2017-05-13T18:35:04","slug":"per-salvarci-basterebbe","status":"publish","type":"post","link":"https:\/\/www.poetamatusel.org\/?p=7070","title":{"rendered":"PER SALVARCI, BASTEREBBE \u2026"},"content":{"rendered":"<p>&nbsp;<\/p>\n<table width=\"999\" border=\"0\" cellpadding=\"2\" cellspacing=\"0\" unselectable=\"on\">\n<tbody>\n<img loading=\"lazy\" decoding=\"async\" src=\"https:\/\/www.poetamatusel.org\/wp-content\/uploads\/2017\/05\/Groviglio-di-rovi-Foto-Guido-Comin-PoetaMatusel--1024x749.jpg\" title=\"Groviglio di rovi, di vite - Foto Guido Comin PoetaMatus\u00e8l\" width=\"640\" height=\"468\" class=\"size-large wp-image-7071\" srcset=\"https:\/\/www.poetamatusel.org\/wp-content\/uploads\/2017\/05\/Groviglio-di-rovi-Foto-Guido-Comin-PoetaMatusel--1024x749.jpg 1024w, https:\/\/www.poetamatusel.org\/wp-content\/uploads\/2017\/05\/Groviglio-di-rovi-Foto-Guido-Comin-PoetaMatusel--300x219.jpg 300w, https:\/\/www.poetamatusel.org\/wp-content\/uploads\/2017\/05\/Groviglio-di-rovi-Foto-Guido-Comin-PoetaMatusel--768x562.jpg 768w\" sizes=\"auto, (max-width: 640px) 100vw, 640px\" \/>\n<tr>\n<td  valign=\"top\" width=\"999\"><\/td>\n<\/tr>\n<\/tbody>\n<\/table>\n<p>&nbsp;<\/p>\n<p style=\"padding-left:280px;\"><em>A Silva<\/em> <\/p>\n<p>&nbsp;<\/p>\n<p style=\"padding-left:40px;\"> Camminavamo quasi all\u2019unisono noi due,<br \/>\nper strade poco percorse da troppi altri,<br \/>\npur non tenendoci nemmeno per la mano,<br \/>\nche tanto non serviva, perch\u00e9 quella bestia<br \/>\npelosa stava sempre lei fra noi e ci legava.<br \/>\nPoi, mentre raccoglievi lungo siepi di viole<br \/>\nle tue erbe selvatiche, io invece fotografavo.<br \/>\nSembrava che nulla potesse mai separarci,<br \/>\nma, non so dove, ci siamo forse addentrati<br \/>\nin un fitto bosco, con troppi bivi ed incroci;<br \/>\ne l\u00e0, senza nemmeno potercene accorgere,<br \/>\nabbiamo preso due direzioni assai diverse.<br \/>\nForse ora dovremmo provare a ripercorrere<br \/>\nquel sentiero, per ritrovare il bivio fatidico,<br \/>\nper\u00f2 \u00e8 questo un percorso da rifare in due<br \/>\ne invece oggi mi ritrovo a vagare da solo<br \/>\nper un bosco che purtroppo non riconosco.<br \/>\nEppure un merlo, canzonatorio, mi rallegra!  <\/p>\n<p>&nbsp;<\/p>\n<p>&nbsp;<\/p>\n<table width=\"999\" border=\"0\" cellpadding=\"2\" cellspacing=\"0\" unselectable=\"on\">\n<tbody>\n<img loading=\"lazy\" decoding=\"async\" src=\"https:\/\/www.poetamatusel.org\/wp-content\/uploads\/2017\/05\/Sira-un-cane-che-ci-legava-Foto-Guido-Comin-PoetaMatusel--1024x716.jpg\" title=\"Sira, un cane che ci legava- Foto Guido Comin PoetaMatus\u00e8l\" width=\"640\" height=\"448\" class=\"size-large wp-image-7072\" srcset=\"https:\/\/www.poetamatusel.org\/wp-content\/uploads\/2017\/05\/Sira-un-cane-che-ci-legava-Foto-Guido-Comin-PoetaMatusel--1024x716.jpg 1024w, https:\/\/www.poetamatusel.org\/wp-content\/uploads\/2017\/05\/Sira-un-cane-che-ci-legava-Foto-Guido-Comin-PoetaMatusel--300x210.jpg 300w, https:\/\/www.poetamatusel.org\/wp-content\/uploads\/2017\/05\/Sira-un-cane-che-ci-legava-Foto-Guido-Comin-PoetaMatusel--768x537.jpg 768w\" sizes=\"auto, (max-width: 640px) 100vw, 640px\" \/>\n<tr>\n<td  valign=\"top\" width=\"999\"><\/td>\n<\/tr>\n<\/tbody>\n<\/table>\n<p>&nbsp;<\/p>\n<p>&nbsp;<\/p>\n<p><img loading=\"lazy\" decoding=\"async\" src=\"https:\/\/www.poetamatusel.org\/wp-content\/uploads\/2012\/10\/icon-for-audio-files.jpg\" alt=\"AUDIO * FILE * AUDIO\" width=\"35\" height=\"35\" class=\"alignleft wp-image-2897\" \/><strong>PoetaMatus\u00e8l legge<br \/>\nPER SALVARCI, BASTEREBBE \u2026 <\/strong>  <\/p>\n<audio class=\"wp-audio-shortcode\" id=\"audio-7070-1\" preload=\"none\" style=\"width: 100%;\" controls=\"controls\"><source type=\"audio\/mpeg\" src=\"https:\/\/www.poetamatusel.org\/wp-content\/uploads\/2017\/05\/PER-SALVARCI-BASTEREBBE.mp3?_=1\" \/><a href=\"https:\/\/www.poetamatusel.org\/wp-content\/uploads\/2017\/05\/PER-SALVARCI-BASTEREBBE.mp3\">https:\/\/www.poetamatusel.org\/wp-content\/uploads\/2017\/05\/PER-SALVARCI-BASTEREBBE.mp3<\/a><\/audio>\n<p>&nbsp;<br \/>\n&nbsp;<br \/>\n&nbsp;<br \/>\n&nbsp;<\/p>\n<p><img loading=\"lazy\" decoding=\"async\" src=\"https:\/\/www.poetamatusel.org\/wp-content\/uploads\/2017\/01\/Viole-di-marzo-Foto-Guido-Comin-150x150.jpg\" title=\"Profumo di quasi-primavera - Foto Guido Comin PoetaMatus\u00e8l\" width=\"150\" height=\"150\" class=\"alignleft size-thumbnail wp-image-6930\" \/>&nbsp;&nbsp;<\/p>\n<p style=\"padding-left:40px;\"><em>Prezioso Visitatore che mi leggi, un breve commento, anche solo un saluto, non ti costa che un piccolissimo sforzo, per\u00f2 far\u00e0 un enorme piacere a me, quando lo legger\u00f2! Grazie di cuore!! <\/em> &nbsp; :O)<\/p>\n<p>&nbsp;<\/p>\n<p style=\"padding-top:30px;\">\n<p><span style=\"font-family:'Arial Narrow Special G1';font-size:small;\">Copyright  \u00a9 2017 Guido Comin PoetaMatus\u00e8l &#8211;  Belluno, Italy. All rights reserved.<\/span><\/p>\n<p>&nbsp;<\/p>\n<p>.<\/p>\n","protected":false},"excerpt":{"rendered":"<p>&nbsp; &nbsp; A Silva &nbsp; Camminavamo quasi all\u2019unisono noi due, per strade poco percorse da troppi altri, pur non tenendoci nemmeno per la mano, che tanto non serviva, perch\u00e9 quella bestia pelosa stava sempre lei fra noi e ci legava. Poi, mentre raccoglievi lungo siepi di viole le tue erbe selvatiche, io invece fotografavo. Sembrava [&hellip;]<\/p>\n","protected":false},"author":1,"featured_media":0,"comment_status":"open","ping_status":"open","sticky":false,"template":"","format":"standard","meta":{"footnotes":""},"categories":[5,13,6],"tags":[124,362,434,3265,1745,1925,2154,2496,2673,3264],"class_list":["post-7070","post","type-post","status-publish","format-standard","hentry","category-poesia-contemporanea-2","category-poesia-italiana","category-poetry-poesia","tag-amore","tag-bosco","tag-cane","tag-coppia","tag-merlo","tag-nostalgia","tag-perdita","tag-rimpianto","tag-sentiero","tag-strada"],"_links":{"self":[{"href":"https:\/\/www.poetamatusel.org\/index.php?rest_route=\/wp\/v2\/posts\/7070","targetHints":{"allow":["GET"]}}],"collection":[{"href":"https:\/\/www.poetamatusel.org\/index.php?rest_route=\/wp\/v2\/posts"}],"about":[{"href":"https:\/\/www.poetamatusel.org\/index.php?rest_route=\/wp\/v2\/types\/post"}],"author":[{"embeddable":true,"href":"https:\/\/www.poetamatusel.org\/index.php?rest_route=\/wp\/v2\/users\/1"}],"replies":[{"embeddable":true,"href":"https:\/\/www.poetamatusel.org\/index.php?rest_route=%2Fwp%2Fv2%2Fcomments&post=7070"}],"version-history":[{"count":6,"href":"https:\/\/www.poetamatusel.org\/index.php?rest_route=\/wp\/v2\/posts\/7070\/revisions"}],"predecessor-version":[{"id":7079,"href":"https:\/\/www.poetamatusel.org\/index.php?rest_route=\/wp\/v2\/posts\/7070\/revisions\/7079"}],"wp:attachment":[{"href":"https:\/\/www.poetamatusel.org\/index.php?rest_route=%2Fwp%2Fv2%2Fmedia&parent=7070"}],"wp:term":[{"taxonomy":"category","embeddable":true,"href":"https:\/\/www.poetamatusel.org\/index.php?rest_route=%2Fwp%2Fv2%2Fcategories&post=7070"},{"taxonomy":"post_tag","embeddable":true,"href":"https:\/\/www.poetamatusel.org\/index.php?rest_route=%2Fwp%2Fv2%2Ftags&post=7070"}],"curies":[{"name":"wp","href":"https:\/\/api.w.org\/{rel}","templated":true}]}}