{"id":7048,"date":"2017-04-10T22:16:34","date_gmt":"2017-04-10T20:16:34","guid":{"rendered":"http:\/\/www.poetamatusel.org\/?p=7048"},"modified":"2017-04-10T22:40:16","modified_gmt":"2017-04-10T20:40:16","slug":"il-cielo-non-e-piu-con-noi","status":"publish","type":"post","link":"https:\/\/www.poetamatusel.org\/?p=7048","title":{"rendered":"IL CIELO NON \u00c8 PI\u00d9 CON NOI \u2026"},"content":{"rendered":"<p>&nbsp;<\/p>\n<table width=\"999\" border=\"0\" cellpadding=\"2\" cellspacing=\"0\" unselectable=\"on\">\n<tbody>\n<p><img loading=\"lazy\" decoding=\"async\" src=\"https:\/\/www.poetamatusel.org\/wp-content\/uploads\/2017\/04\/Tramonto-di-sogni-sul-Rite-Foto-Guido-Comin-PoetaMatusel-1-1024x696.jpg\" title=\"Tramonto di sogni sul Rite - Foto Guido Comin PoetaMatus\u00e8l\" width=\"640\" height=\"435\" class=\"alignleft size-large wp-image-7062\" srcset=\"https:\/\/www.poetamatusel.org\/wp-content\/uploads\/2017\/04\/Tramonto-di-sogni-sul-Rite-Foto-Guido-Comin-PoetaMatusel-1-1024x696.jpg 1024w, https:\/\/www.poetamatusel.org\/wp-content\/uploads\/2017\/04\/Tramonto-di-sogni-sul-Rite-Foto-Guido-Comin-PoetaMatusel-1-300x204.jpg 300w, https:\/\/www.poetamatusel.org\/wp-content\/uploads\/2017\/04\/Tramonto-di-sogni-sul-Rite-Foto-Guido-Comin-PoetaMatusel-1-768x522.jpg 768w\" sizes=\"auto, (max-width: 640px) 100vw, 640px\" \/><\/p>\n<tr>\n<td  valign=\"top\" width=\"999\"><\/td>\n<\/tr>\n<\/tbody>\n<\/table>\n<p>&nbsp;<\/p>\n<p style=\"padding-left:130px;\"><em>A &nbsp;Silva <\/em> <\/p>\n<p>&nbsp;<\/p>\n<p style=\"padding-left:130px;\"> <em>\u201cIl nostro amore era l\u2019invidia di chi \u00e8 solo,<br \/>\nera il mio orgoglio, la tua allegria \u2026\u201d<\/em><br \/>\nSergio Endrigo, \u2018Canzone per te\u2019  <\/p>\n<p>&nbsp;<\/p>\n<p style=\"padding-left:30px;\"> Noi due camminavamo insieme per montagne,<br \/>\ncomplici da subito e complice anche un cane;<br \/>\ne con te monti ancora ne avrei scalati molti.<br \/>\nPerch\u00e9 era tra i miei monti che iniziava tutto:<br \/>\ncon simpatia, uno sfogo, inattese confidenze.<br \/>\nUn invito a cena tra le nuvole e i miei gracchi,<br \/>\nche giocosi volteggiavano, quasi a festeggiare.<br \/>\nE poi mari troppo caldi per poterci rinfrescare,<br \/>\no note foreste tanto nere da perdercisi dentro;<br \/>\noppure, a sorpresa, una polenta coi tuoi totani<br \/>\nsquisiti, per tentarmi, passato un temporale;<br \/>\no uova con asparagi, <em>bruscandoi<\/em> o <em>s-ciopet\u00ecn<\/em>.<br \/>\nE Sira sempre in mezzo \u2013 <em>come \u2019l xioba!<\/em> \u2013 era<br \/>\nlei il nostro angelo custode, poi mancato troppo.<br \/>\nE intanto, subdola, la Vita ci macchinava sotto<br \/>\nper dividerci, con cento trabocchetti inevitabili.<br \/>\nForse furono, in qualche olimpo, gelose divinit\u00e0?<br \/>\nOra, sul vasto mare, va una nave senza nocchiero<br \/>\ne un nocchiero \u00e8 <em>marinero en tierra<\/em>  \u2013 senza nave.<br \/>\nPoi, quale dei due sia quale, lascio a Te la scelta!   <\/p>\n<p>&nbsp;<\/p>\n<p>&nbsp;<\/p>\n<table width=\"999\" border=\"0\" cellpadding=\"2\" cellspacing=\"0\" unselectable=\"on\">\n<tbody>\n<p><img loading=\"lazy\" decoding=\"async\" src=\"https:\/\/www.poetamatusel.org\/wp-content\/uploads\/2017\/04\/Panchine-orfane-sul-Rite-Foto-Guido-Comin-PoetaMatusel-685x1024.jpg\" title=\"Panchine orfane sul Rite - Foto Guido Comin PoetaMatus\u00e8l\" width=\"640\" height=\"957\" class=\"alignleft size-large wp-image-7050\" srcset=\"https:\/\/www.poetamatusel.org\/wp-content\/uploads\/2017\/04\/Panchine-orfane-sul-Rite-Foto-Guido-Comin-PoetaMatusel-685x1024.jpg 685w, https:\/\/www.poetamatusel.org\/wp-content\/uploads\/2017\/04\/Panchine-orfane-sul-Rite-Foto-Guido-Comin-PoetaMatusel-201x300.jpg 201w, https:\/\/www.poetamatusel.org\/wp-content\/uploads\/2017\/04\/Panchine-orfane-sul-Rite-Foto-Guido-Comin-PoetaMatusel-768x1148.jpg 768w\" sizes=\"auto, (max-width: 640px) 100vw, 640px\" \/><\/p>\n<tr>\n<td  valign=\"top\" width=\"999\"><\/td>\n<\/tr>\n<\/tbody>\n<\/table>\n<p>&nbsp;<\/p>\n<p>&nbsp;<\/p>\n<p><img loading=\"lazy\" decoding=\"async\" src=\"https:\/\/www.poetamatusel.org\/wp-content\/uploads\/2012\/10\/icon-for-audio-files.jpg\" alt=\"AUDIO * FILE * AUDIO\" width=\"35\" height=\"35\" class=\"alignleft wp-image-2897\" \/> <strong>PoetaMatus\u00e8l legge<br \/>\nIL CIELO NON \u00c8 PI\u00d9 CON NOI \u2026 <\/strong>  <\/p>\n<audio class=\"wp-audio-shortcode\" id=\"audio-7048-1\" preload=\"none\" style=\"width: 100%;\" controls=\"controls\"><source type=\"audio\/mpeg\" src=\"https:\/\/www.poetamatusel.org\/wp-content\/uploads\/2017\/04\/IL-CIELO-NON-E-PIU-CON-NOI.mp3?_=1\" \/><a href=\"https:\/\/www.poetamatusel.org\/wp-content\/uploads\/2017\/04\/IL-CIELO-NON-E-PIU-CON-NOI.mp3\">https:\/\/www.poetamatusel.org\/wp-content\/uploads\/2017\/04\/IL-CIELO-NON-E-PIU-CON-NOI.mp3<\/a><\/audio>\n<p>&nbsp;<br \/>\n&nbsp;<\/p>\n<p><strong>NOTA: Quel &#8220;marinero en tierra&#8221;<br \/>\nl&#8217;ho rubato a Rafael Alberti!<\/strong><\/p>\n<p>&nbsp;<br \/>\n&nbsp;<br \/>\n&nbsp;<\/p>\n<p><img loading=\"lazy\" decoding=\"async\" src=\"https:\/\/www.poetamatusel.org\/wp-content\/uploads\/2017\/01\/Viole-di-marzo-Foto-Guido-Comin-150x150.jpg\" title=\"Profumo di quasi-primavera - Foto Guido Comin PoetaMatus\u00e8l\" width=\"150\" height=\"150\" class=\"alignleft size-thumbnail wp-image-6930\" \/>&nbsp;&nbsp;<\/p>\n<p style=\"padding-left:40px;\"><em>Prezioso Visitatore che mi leggi, un breve commento, anche solo un saluto, non ti costa che un piccolissimo sforzo, per\u00f2 far\u00e0 un enorme piacere a me, quando lo legger\u00f2! Grazie di cuore!! <\/em> &nbsp; :O)<\/p>\n<p>&nbsp;<\/p>\n<p style=\"padding-top:30px;\">\n<p><span style=\"font-family:'Arial Narrow Special G1';font-size:small;\">Copyright  \u00a9 2017 Guido Comin PoetaMatus\u00e8l &#8211;  Belluno, Italy. All rights reserved.<\/span><\/p>\n<p>&nbsp;<\/p>\n<p>.<\/p>\n","protected":false},"excerpt":{"rendered":"<p>&nbsp; &nbsp; A &nbsp;Silva &nbsp; \u201cIl nostro amore era l\u2019invidia di chi \u00e8 solo, era il mio orgoglio, la tua allegria \u2026\u201d Sergio Endrigo, \u2018Canzone per te\u2019 &nbsp; Noi due camminavamo insieme per montagne, complici da subito e complice anche un cane; e con te monti ancora ne avrei scalati molti. Perch\u00e9 era tra i [&hellip;]<\/p>\n","protected":false},"author":1,"featured_media":0,"comment_status":"open","ping_status":"open","sticky":false,"template":"","format":"standard","meta":{"footnotes":""},"categories":[5,13,6],"tags":[839,1276,1800,1925,3263,2496,2689],"class_list":["post-7048","post","type-post","status-publish","format-standard","hentry","category-poesia-contemporanea-2","category-poesia-italiana","category-poetry-poesia","tag-dolomiti","tag-gracchi-alpini","tag-monte-rite","tag-nostalgia","tag-rafael-alberti","tag-rimpianto","tag-sergio-endrigo"],"_links":{"self":[{"href":"https:\/\/www.poetamatusel.org\/index.php?rest_route=\/wp\/v2\/posts\/7048","targetHints":{"allow":["GET"]}}],"collection":[{"href":"https:\/\/www.poetamatusel.org\/index.php?rest_route=\/wp\/v2\/posts"}],"about":[{"href":"https:\/\/www.poetamatusel.org\/index.php?rest_route=\/wp\/v2\/types\/post"}],"author":[{"embeddable":true,"href":"https:\/\/www.poetamatusel.org\/index.php?rest_route=\/wp\/v2\/users\/1"}],"replies":[{"embeddable":true,"href":"https:\/\/www.poetamatusel.org\/index.php?rest_route=%2Fwp%2Fv2%2Fcomments&post=7048"}],"version-history":[{"count":11,"href":"https:\/\/www.poetamatusel.org\/index.php?rest_route=\/wp\/v2\/posts\/7048\/revisions"}],"predecessor-version":[{"id":7064,"href":"https:\/\/www.poetamatusel.org\/index.php?rest_route=\/wp\/v2\/posts\/7048\/revisions\/7064"}],"wp:attachment":[{"href":"https:\/\/www.poetamatusel.org\/index.php?rest_route=%2Fwp%2Fv2%2Fmedia&parent=7048"}],"wp:term":[{"taxonomy":"category","embeddable":true,"href":"https:\/\/www.poetamatusel.org\/index.php?rest_route=%2Fwp%2Fv2%2Fcategories&post=7048"},{"taxonomy":"post_tag","embeddable":true,"href":"https:\/\/www.poetamatusel.org\/index.php?rest_route=%2Fwp%2Fv2%2Ftags&post=7048"}],"curies":[{"name":"wp","href":"https:\/\/api.w.org\/{rel}","templated":true}]}}