{"id":7025,"date":"2017-03-07T17:25:39","date_gmt":"2017-03-07T16:25:39","guid":{"rendered":"http:\/\/www.poetamatusel.org\/?p=7025"},"modified":"2017-03-07T17:35:39","modified_gmt":"2017-03-07T16:35:39","slug":"coi-mulini-chisciotte","status":"publish","type":"post","link":"https:\/\/www.poetamatusel.org\/?p=7025","title":{"rendered":"COI MULINI CHISCIOTTE &#8230;"},"content":{"rendered":"<p>&nbsp;<\/p>\n<table width=\"999\" border=\"0\" cellpadding=\"2\" cellspacing=\"0\" unselectable=\"on\">\n<tbody>\n<div id=\"attachment_7026\" style=\"width: 650px\" class=\"wp-caption alignleft\"><img loading=\"lazy\" decoding=\"async\" aria-describedby=\"caption-attachment-7026\" src=\"https:\/\/www.poetamatusel.org\/wp-content\/uploads\/2017\/03\/Windmills-at-Zaanse-Schans-Photo-Desara-Qerimi--1024x549.jpg\" alt=\"\" width=\"640\" height=\"343\" class=\"size-large wp-image-7026\" srcset=\"https:\/\/www.poetamatusel.org\/wp-content\/uploads\/2017\/03\/Windmills-at-Zaanse-Schans-Photo-Desara-Qerimi--1024x549.jpg 1024w, https:\/\/www.poetamatusel.org\/wp-content\/uploads\/2017\/03\/Windmills-at-Zaanse-Schans-Photo-Desara-Qerimi--300x161.jpg 300w, https:\/\/www.poetamatusel.org\/wp-content\/uploads\/2017\/03\/Windmills-at-Zaanse-Schans-Photo-Desara-Qerimi--768x412.jpg 768w, https:\/\/www.poetamatusel.org\/wp-content\/uploads\/2017\/03\/Windmills-at-Zaanse-Schans-Photo-Desara-Qerimi-.jpg 1059w\" sizes=\"auto, (max-width: 640px) 100vw, 640px\" \/><p id=\"caption-attachment-7026\" class=\"wp-caption-text\">Windmills at Zaanse Schans &#8211; Photo Desara Qerimi<\/p><\/div>\n<tr>\n<td  valign=\"top\" width=\"999\"><\/td>\n<\/tr>\n<\/tbody>\n<\/table>\n<p>&nbsp;<\/p>\n<p style=\"padding-left:40px;\">COI MULINI CHISCIOTTE<br \/>\n&#8230; NON LOTTER\u00c0 PI\u00d9! <\/p>\n<p style=\"padding-left:40px;\">E se un giorno,<br \/>\normai vecchio, dipingo mulini<br \/>\n\u2013 malferma la mano \u2013 in un<br \/>\nprato di fiori \u2026 <\/p>\n<p style=\"padding-left:40px;\">se lucido<br \/>\nun attimo avr\u00f2,<br \/>\npensando all&#8217;azzurro degli occhi,<br \/>\nuna lacrima asciutta<br \/>\nmi  <\/p>\n<p style=\"padding-left:40px;\">sorprender\u00e0.  <\/p>\n<p>&nbsp;<br \/>\n&nbsp;<\/p>\n<p style=\"padding-left:40px;\"><strong>* * * * * <\/strong> <\/p>\n<p>&nbsp;<br \/>\n&nbsp;<\/p>\n<p style=\"padding-left:40px;\">DRY, DON QUIXOTE <\/p>\n<p style=\"padding-left:40px;\">And if one day,<br \/>\nold by now, painting windmills<br \/>\n&#8211; hand unsteady &#8211; field<br \/>\nof flowers, <\/p>\n<p style=\"padding-left:40px;\">lucid moments<br \/>\ncome to me, if I should think<br \/>\nblue eyes, then dry<br \/>\na tear <\/p>\n<p style=\"padding-left:40px;\">will catch me<br \/>\nunawares.  <\/p>\n<p>&nbsp;<br \/>\n&nbsp;<br \/>\n&nbsp;<br \/>\n&nbsp;<br \/>\n&nbsp;<\/p>\n<p><img loading=\"lazy\" decoding=\"async\" src=\"https:\/\/www.poetamatusel.org\/wp-content\/uploads\/2017\/01\/Viole-di-marzo-Foto-Guido-Comin-150x150.jpg\" title=\"Profumo di quasi-primavera - Foto Guido Comin PoetaMatus\u00e8l\" width=\"150\" height=\"150\" class=\"alignleft size-thumbnail wp-image-6930\" \/>&nbsp;&nbsp;<\/p>\n<p style=\"padding-left:40px;\"><em>Prezioso Visitatore che mi leggi, un breve commento, anche solo un saluto, non ti costa che un piccolissimo sforzo, per\u00f2 far\u00e0 un enorme piacere a me, quando lo legger\u00f2! Grazie di cuore!! <\/em> &nbsp; :O)<\/p>\n<p>&nbsp;<br \/>\n&nbsp;<br \/>\n&nbsp;<\/p>\n<p style=\"padding-top:30px;\">\n<p><span style=\"font-family:'Arial Narrow Special G1';font-size:small;\">Copyright  \u00a9 2017 Guido Comin PoetaMatus\u00e8l &#8211;  Belluno, Italy. All rights reserved.<\/span><\/p>\n<p>&nbsp;<\/p>\n<p>.<\/p>\n","protected":false},"excerpt":{"rendered":"<p>&nbsp; &nbsp; COI MULINI CHISCIOTTE &#8230; NON LOTTER\u00c0 PI\u00d9! E se un giorno, ormai vecchio, dipingo mulini \u2013 malferma la mano \u2013 in un prato di fiori \u2026 se lucido un attimo avr\u00f2, pensando all&#8217;azzurro degli occhi, una lacrima asciutta mi sorprender\u00e0. &nbsp; &nbsp; * * * * * &nbsp; &nbsp; DRY, DON QUIXOTE And [&hellip;]<\/p>\n","protected":false},"author":1,"featured_media":0,"comment_status":"open","ping_status":"open","sticky":false,"template":"","format":"standard","meta":{"footnotes":""},"categories":[2,10,5,13,6],"tags":[264,3260,3256,3261,1061,1517,3258,1967,2312,3257,3262,3259],"class_list":["post-7025","post","type-post","status-publish","format-standard","hentry","category-contemporary-poetry-2","category-english-poetry","category-poesia-contemporanea-2","category-poesia-italiana","category-poetry-poesia","tag-azzurro","tag-blue","tag-chisciotte","tag-eyes","tag-fiori","tag-lacrima","tag-mulini","tag-occhi","tag-prato","tag-quixote","tag-tear","tag-windmills"],"_links":{"self":[{"href":"https:\/\/www.poetamatusel.org\/index.php?rest_route=\/wp\/v2\/posts\/7025","targetHints":{"allow":["GET"]}}],"collection":[{"href":"https:\/\/www.poetamatusel.org\/index.php?rest_route=\/wp\/v2\/posts"}],"about":[{"href":"https:\/\/www.poetamatusel.org\/index.php?rest_route=\/wp\/v2\/types\/post"}],"author":[{"embeddable":true,"href":"https:\/\/www.poetamatusel.org\/index.php?rest_route=\/wp\/v2\/users\/1"}],"replies":[{"embeddable":true,"href":"https:\/\/www.poetamatusel.org\/index.php?rest_route=%2Fwp%2Fv2%2Fcomments&post=7025"}],"version-history":[{"count":7,"href":"https:\/\/www.poetamatusel.org\/index.php?rest_route=\/wp\/v2\/posts\/7025\/revisions"}],"predecessor-version":[{"id":7033,"href":"https:\/\/www.poetamatusel.org\/index.php?rest_route=\/wp\/v2\/posts\/7025\/revisions\/7033"}],"wp:attachment":[{"href":"https:\/\/www.poetamatusel.org\/index.php?rest_route=%2Fwp%2Fv2%2Fmedia&parent=7025"}],"wp:term":[{"taxonomy":"category","embeddable":true,"href":"https:\/\/www.poetamatusel.org\/index.php?rest_route=%2Fwp%2Fv2%2Fcategories&post=7025"},{"taxonomy":"post_tag","embeddable":true,"href":"https:\/\/www.poetamatusel.org\/index.php?rest_route=%2Fwp%2Fv2%2Ftags&post=7025"}],"curies":[{"name":"wp","href":"https:\/\/api.w.org\/{rel}","templated":true}]}}