{"id":7019,"date":"2017-03-06T21:08:39","date_gmt":"2017-03-06T20:08:39","guid":{"rendered":"http:\/\/www.poetamatusel.org\/?p=7019"},"modified":"2017-03-06T21:08:39","modified_gmt":"2017-03-06T20:08:39","slug":"inevitabilita-imprevista","status":"publish","type":"post","link":"https:\/\/www.poetamatusel.org\/?p=7019","title":{"rendered":"INEVITABILIT\u00c0 IMPREVISTA"},"content":{"rendered":"<p>&nbsp;<\/p>\n<table width=\"999\" border=\"0\" cellpadding=\"2\" cellspacing=\"0\" unselectable=\"on\">\n<tbody>\n<p><img loading=\"lazy\" decoding=\"async\" src=\"https:\/\/www.poetamatusel.org\/wp-content\/uploads\/2017\/03\/Limite-nemmeno-il-cielo-Foto-Guido-Comin-PoetaMatusel--1024x724.jpg\" title=\"Limite nemmeno il cielo - Foto Guido Comin PoetaMatus\u00e8l\" width=\"640\" height=\"453\" class=\"alignleft size-large wp-image-7020\" srcset=\"https:\/\/www.poetamatusel.org\/wp-content\/uploads\/2017\/03\/Limite-nemmeno-il-cielo-Foto-Guido-Comin-PoetaMatusel--1024x724.jpg 1024w, https:\/\/www.poetamatusel.org\/wp-content\/uploads\/2017\/03\/Limite-nemmeno-il-cielo-Foto-Guido-Comin-PoetaMatusel--300x212.jpg 300w, https:\/\/www.poetamatusel.org\/wp-content\/uploads\/2017\/03\/Limite-nemmeno-il-cielo-Foto-Guido-Comin-PoetaMatusel--768x543.jpg 768w\" sizes=\"auto, (max-width: 640px) 100vw, 640px\" \/><\/p>\n<tr>\n<td  valign=\"top\" width=\"999\"><\/td>\n<\/tr>\n<\/tbody>\n<\/table>\n<p>&nbsp;<\/p>\n<p style=\"padding-left:240px;\"><em>A Silva<\/em><\/p>\n<p>&nbsp;<\/p>\n<p style=\"padding-left:30px;\"> Questa citt\u00e0 freme di voglia di vivere<br \/>\ne lei ti offre di tutto, generosamente:<br \/>\ncastelli, parchi, palazzi, teatri, musei;<br \/>\nconcerti, il ballo e l\u2019arte e la musica;<br \/>\ntracce di storia, reminiscenze svariate;<br \/>\nfiumi e laghi, immensi prati e foreste.<br \/>\nOvunque mangi alla moda del mondo,<br \/>\nogni giorno pu\u00f2 essere altro, speciale\u2026<br \/>\nMa che senso davvero avr\u00e0 tutto questo,<br \/>\nse in realt\u00e0 due anime ancora si cercano,<br \/>\npoi, quando miti conigli e furtive volpi<br \/>\ndisegnano labili schizzi di luna su fiori<br \/>\nteneri di primavera, che ancora dormono?  <\/p>\n<p>&nbsp;<\/p>\n<p>&nbsp;<\/p>\n<table width=\"999\" border=\"0\" cellpadding=\"2\" cellspacing=\"0\" unselectable=\"on\">\n<tbody>\n<p><img loading=\"lazy\" decoding=\"async\" src=\"https:\/\/www.poetamatusel.org\/wp-content\/uploads\/2017\/03\/Furtiva-nel-debole-chiaro-di-luna-Foto-Guido-Comin-PoetaMatusel-1024x703.jpg\" title=\"Furtiva nel debole chiaro di luna - Foto Guido Comin PoetaMatus\u00e8l\" width=\"640\" height=\"439\" class=\"alignleft size-large wp-image-7021\" srcset=\"https:\/\/www.poetamatusel.org\/wp-content\/uploads\/2017\/03\/Furtiva-nel-debole-chiaro-di-luna-Foto-Guido-Comin-PoetaMatusel-1024x703.jpg 1024w, https:\/\/www.poetamatusel.org\/wp-content\/uploads\/2017\/03\/Furtiva-nel-debole-chiaro-di-luna-Foto-Guido-Comin-PoetaMatusel-300x206.jpg 300w, https:\/\/www.poetamatusel.org\/wp-content\/uploads\/2017\/03\/Furtiva-nel-debole-chiaro-di-luna-Foto-Guido-Comin-PoetaMatusel-768x527.jpg 768w\" sizes=\"auto, (max-width: 640px) 100vw, 640px\" \/><\/p>\n<tr>\n<td  valign=\"top\" width=\"999\"><\/td>\n<\/tr>\n<\/tbody>\n<\/table>\n<p>&nbsp;<\/p>\n<p>&nbsp;<\/p>\n<p><img loading=\"lazy\" decoding=\"async\" src=\"https:\/\/www.poetamatusel.org\/wp-content\/uploads\/2012\/10\/icon-for-audio-files.jpg\" alt=\"AUDIO * FILE * AUDIO\" width=\"35\" height=\"35\" class=\"alignleft wp-image-2897\" \/>  <strong>PoetaMatus\u00e8l legge<br \/>\nINEVITABILIT\u00c0 IMPREVISTA<\/strong>  <\/p>\n<audio class=\"wp-audio-shortcode\" id=\"audio-7019-1\" preload=\"none\" style=\"width: 100%;\" controls=\"controls\"><source type=\"audio\/mpeg\" src=\"https:\/\/www.poetamatusel.org\/wp-content\/uploads\/2017\/03\/INEVITABILITA-IMPREVISTA.mp3?_=1\" \/><a href=\"https:\/\/www.poetamatusel.org\/wp-content\/uploads\/2017\/03\/INEVITABILITA-IMPREVISTA.mp3\">https:\/\/www.poetamatusel.org\/wp-content\/uploads\/2017\/03\/INEVITABILITA-IMPREVISTA.mp3<\/a><\/audio>\n<p>&nbsp;<br \/>\n&nbsp;<br \/>\n&nbsp;<\/p>\n<p><img loading=\"lazy\" decoding=\"async\" src=\"https:\/\/www.poetamatusel.org\/wp-content\/uploads\/2017\/01\/Viole-di-marzo-Foto-Guido-Comin-150x150.jpg\" title=\"Profumo di quasi-primavera - Foto Guido Comin PoetaMatus\u00e8l\" width=\"150\" height=\"150\" class=\"alignleft size-thumbnail wp-image-6930\" \/>&nbsp;&nbsp;<\/p>\n<p style=\"padding-left:40px;\"><em>Prezioso Visitatore che mi leggi, un breve commento, anche solo un saluto, non ti costa che un piccolissimo sforzo, per\u00f2 far\u00e0 un enorme piacere a me, quando lo legger\u00f2! Grazie di cuore!! <\/em> &nbsp; :O)<\/p>\n<p>&nbsp;<\/p>\n<p style=\"padding-top:30px;\">\n<p><span style=\"font-family:'Arial Narrow Special G1';font-size:small;\">Copyright  \u00a9 2017 Guido Comin PoetaMatus\u00e8l &#8211;  Belluno, Italy. All rights reserved.<\/span><\/p>\n<p>&nbsp;<\/p>\n<p>.<\/p>\n","protected":false},"excerpt":{"rendered":"<p>&nbsp; &nbsp; A Silva &nbsp; Questa citt\u00e0 freme di voglia di vivere e lei ti offre di tutto, generosamente: castelli, parchi, palazzi, teatri, musei; concerti, il ballo e l\u2019arte e la musica; tracce di storia, reminiscenze svariate; fiumi e laghi, immensi prati e foreste. Ovunque mangi alla moda del mondo, ogni giorno pu\u00f2 essere altro, [&hellip;]<\/p>\n","protected":false},"author":1,"featured_media":0,"comment_status":"open","ping_status":"open","sticky":false,"template":"","format":"standard","meta":{"footnotes":""},"categories":[5,13,6],"tags":[3252,3253,3254,1420,1599,1618,1674,1925,3255,3170],"class_list":["post-7019","post","type-post","status-publish","format-standard","hentry","category-poesia-contemporanea-2","category-poesia-italiana","category-poetry-poesia","tag-anime","tag-berlino","tag-conigli","tag-inevitabilita","tag-lontananza","tag-luna","tag-mancanza","tag-nostalgia","tag-ravel","tag-volpi"],"_links":{"self":[{"href":"https:\/\/www.poetamatusel.org\/index.php?rest_route=\/wp\/v2\/posts\/7019","targetHints":{"allow":["GET"]}}],"collection":[{"href":"https:\/\/www.poetamatusel.org\/index.php?rest_route=\/wp\/v2\/posts"}],"about":[{"href":"https:\/\/www.poetamatusel.org\/index.php?rest_route=\/wp\/v2\/types\/post"}],"author":[{"embeddable":true,"href":"https:\/\/www.poetamatusel.org\/index.php?rest_route=\/wp\/v2\/users\/1"}],"replies":[{"embeddable":true,"href":"https:\/\/www.poetamatusel.org\/index.php?rest_route=%2Fwp%2Fv2%2Fcomments&post=7019"}],"version-history":[{"count":2,"href":"https:\/\/www.poetamatusel.org\/index.php?rest_route=\/wp\/v2\/posts\/7019\/revisions"}],"predecessor-version":[{"id":7024,"href":"https:\/\/www.poetamatusel.org\/index.php?rest_route=\/wp\/v2\/posts\/7019\/revisions\/7024"}],"wp:attachment":[{"href":"https:\/\/www.poetamatusel.org\/index.php?rest_route=%2Fwp%2Fv2%2Fmedia&parent=7019"}],"wp:term":[{"taxonomy":"category","embeddable":true,"href":"https:\/\/www.poetamatusel.org\/index.php?rest_route=%2Fwp%2Fv2%2Fcategories&post=7019"},{"taxonomy":"post_tag","embeddable":true,"href":"https:\/\/www.poetamatusel.org\/index.php?rest_route=%2Fwp%2Fv2%2Ftags&post=7019"}],"curies":[{"name":"wp","href":"https:\/\/api.w.org\/{rel}","templated":true}]}}