{"id":7008,"date":"2017-02-15T21:06:06","date_gmt":"2017-02-15T20:06:06","guid":{"rendered":"http:\/\/www.poetamatusel.org\/?p=7008"},"modified":"2017-02-15T21:06:06","modified_gmt":"2017-02-15T20:06:06","slug":"arriva-presto-mia-primavera","status":"publish","type":"post","link":"https:\/\/www.poetamatusel.org\/?p=7008","title":{"rendered":"ARRIVA PRESTO, MIA PRIMAVERA!"},"content":{"rendered":"<p>&nbsp;<\/p>\n<table width=\"999\" border=\"0\" cellpadding=\"2\" cellspacing=\"0\" unselectable=\"on\">\n<tbody>\n<p><img loading=\"lazy\" decoding=\"async\" src=\"https:\/\/www.poetamatusel.org\/wp-content\/uploads\/2017\/02\/Prato-fiorito-sul-Monte-Pore-Foto-Guido-Comin-PoetaMatusel-.jpg\" title=\"Prato fiorito del Monte Pore - Foto Guido Comin PoetaMatus\u00e8l\" width=\"700\" height=\"485\" class=\"alignleft size-full wp-image-7009\" srcset=\"https:\/\/www.poetamatusel.org\/wp-content\/uploads\/2017\/02\/Prato-fiorito-sul-Monte-Pore-Foto-Guido-Comin-PoetaMatusel-.jpg 700w, https:\/\/www.poetamatusel.org\/wp-content\/uploads\/2017\/02\/Prato-fiorito-sul-Monte-Pore-Foto-Guido-Comin-PoetaMatusel--300x208.jpg 300w\" sizes=\"auto, (max-width: 700px) 100vw, 700px\" \/><\/p>\n<tr>\n<td  valign=\"top\" width=\"999\"><\/td>\n<\/tr>\n<\/tbody>\n<\/table>\n<p>&nbsp;<\/p>\n<p style=\"padding-left:330px;\"><em>A &nbsp; Gi<\/em><\/p>\n<p>&nbsp;<\/p>\n<p style=\"padding-left:40px;\"> Stanco di questo inverno, insipido, tetro, infelice,<br \/>\nsento gi\u00e0 quel profumo di viole e trepido attendo<br \/>\nil ritorno dei miei rondoni, che qui saranno diversi.<br \/>\nSotto i miei passi stanchi scricchiola l\u2019erba di vetro,<br \/>\nma in realt\u00e0 gi\u00e0 cammino a piedi scalzi sul muschio<br \/>\ndi giorni d\u2019infanzia talvolta felici, e d\u2019intorno olezza<br \/>\nogni cosa di dolci fragranze di allora, dell\u2019odore<br \/>\nprecoce di un fieno invisibile qui, con lo scroscio<br \/>\ndel tenue ruscello (che poi fu sepolto in cemento),<br \/>\nche sento ben chiaro e distinto anche in questi<br \/>\nrumori diversi ma pur sempre uguali, perch\u00e9 Natura<br \/>\nha un\u2019unica voce sincera, che ovunque \u00e8 la stessa.<br \/>\nPoi, giungeranno sui prati dolcissime primule gialle,<br \/>\nche avidi noi succhiavamo, quasi fossero state la Vita!<br \/>\nPer me, potrei anche aspettarti fino a quel primo grillo,<br \/>\nche, dopo tanto silenzio, sembra aver troppo da dire.<br \/>\nEppure qualcosa, che forse non sono io, \u00e8 impaziente<br \/>\ndi averti prestissimo ancora vicina, Tu, mia Primavera,<br \/>\nquando, come solo Tu sai sorprendere, scoppi un giorno<br \/>\nin un tiepido prato fiorito, dove da secoli semino sogni! <\/p>\n<p>&nbsp;<\/p>\n<p>&nbsp;<\/p>\n<table width=\"999\" border=\"0\" cellpadding=\"2\" cellspacing=\"0\" unselectable=\"on\">\n<tbody>\n<p><img loading=\"lazy\" decoding=\"async\" src=\"https:\/\/www.poetamatusel.org\/wp-content\/uploads\/2017\/02\/Botticelli-a-Berlino-Foto-Guido-Comin-PoetaMatusel-725x1024.jpg\" title=\"Botticelli a Berlino - Foto Guido Comin PoetaMatus\u00e8l\" width=\"640\" height=\"904\" class=\"alignleft size-large wp-image-7010\" srcset=\"https:\/\/www.poetamatusel.org\/wp-content\/uploads\/2017\/02\/Botticelli-a-Berlino-Foto-Guido-Comin-PoetaMatusel-725x1024.jpg 725w, https:\/\/www.poetamatusel.org\/wp-content\/uploads\/2017\/02\/Botticelli-a-Berlino-Foto-Guido-Comin-PoetaMatusel-212x300.jpg 212w, https:\/\/www.poetamatusel.org\/wp-content\/uploads\/2017\/02\/Botticelli-a-Berlino-Foto-Guido-Comin-PoetaMatusel-768x1085.jpg 768w, https:\/\/www.poetamatusel.org\/wp-content\/uploads\/2017\/02\/Botticelli-a-Berlino-Foto-Guido-Comin-PoetaMatusel.jpg 1464w\" sizes=\"auto, (max-width: 640px) 100vw, 640px\" \/><\/p>\n<tr>\n<td  valign=\"top\" width=\"999\"><\/td>\n<\/tr>\n<\/tbody>\n<\/table>\n<p>&nbsp;<\/p>\n<p>&nbsp;<\/p>\n<p><img loading=\"lazy\" decoding=\"async\" src=\"https:\/\/www.poetamatusel.org\/wp-content\/uploads\/2012\/10\/icon-for-audio-files.jpg\" alt=\"AUDIO * FILE * AUDIO\" width=\"35\" height=\"35\" class=\"alignleft wp-image-2897\" \/>  <strong>PoetaMatus\u00e8l legge<br \/>\nARRIVA PRESTO, MIA PRIMAVERA!<br \/>\n<\/strong>  <\/p>\n<audio class=\"wp-audio-shortcode\" id=\"audio-7008-1\" preload=\"none\" style=\"width: 100%;\" controls=\"controls\"><source type=\"audio\/mpeg\" src=\"https:\/\/www.poetamatusel.org\/wp-content\/uploads\/2017\/02\/ARRIVA-PRESTO-MIA-PRIMAVERA.mp3?_=1\" \/><a href=\"https:\/\/www.poetamatusel.org\/wp-content\/uploads\/2017\/02\/ARRIVA-PRESTO-MIA-PRIMAVERA.mp3\">https:\/\/www.poetamatusel.org\/wp-content\/uploads\/2017\/02\/ARRIVA-PRESTO-MIA-PRIMAVERA.mp3<\/a><\/audio>\n<p>&nbsp;<br \/>\n&nbsp;<br \/>\n&nbsp;<br \/>\n&nbsp;<\/p>\n<p><img loading=\"lazy\" decoding=\"async\" src=\"https:\/\/www.poetamatusel.org\/wp-content\/uploads\/2017\/01\/Viole-di-marzo-Foto-Guido-Comin-150x150.jpg\" title=\"Profumo di quasi-primavera - Foto Guido Comin PoetaMatus\u00e8l\" width=\"150\" height=\"150\" class=\"alignleft size-thumbnail wp-image-6930\" \/>&nbsp;&nbsp;<\/p>\n<p style=\"padding-left:40px;\"><em>Prezioso Visitatore che mi leggi, un breve commento, anche solo un saluto, non ti costa che un piccolissimo sforzo, per\u00f2 far\u00e0 un enorme piacere a me, quando lo legger\u00f2! Grazie di cuore!! <\/em> &nbsp; :O)<\/p>\n<p>&nbsp;<\/p>\n<p style=\"padding-top:30px;\">\n<p><span style=\"font-family:'Arial Narrow Special G1';font-size:small;\">Copyright  \u00a9 2017 Guido Comin PoetaMatus\u00e8l &#8211;  Belluno, Italy. All rights reserved.<\/span><\/p>\n<p>&nbsp;<\/p>\n<p>.<\/p>\n","protected":false},"excerpt":{"rendered":"<p>&nbsp; &nbsp; A &nbsp; Gi &nbsp; Stanco di questo inverno, insipido, tetro, infelice, sento gi\u00e0 quel profumo di viole e trepido attendo il ritorno dei miei rondoni, che qui saranno diversi. Sotto i miei passi stanchi scricchiola l\u2019erba di vetro, ma in realt\u00e0 gi\u00e0 cammino a piedi scalzi sul muschio di giorni d\u2019infanzia talvolta felici, [&hellip;]<\/p>\n","protected":false},"author":1,"featured_media":0,"comment_status":"open","ping_status":"open","sticky":false,"template":"","format":"standard","meta":{"footnotes":""},"categories":[5,13,6],"tags":[124,3250,1061,1877,1925,2312,2344,2349,2479,3251],"class_list":["post-7008","post","type-post","status-publish","format-standard","hentry","category-poesia-contemporanea-2","category-poesia-italiana","category-poetry-poesia","tag-amore","tag-botticelli","tag-fiori","tag-natura","tag-nostalgia","tag-prato","tag-primavera","tag-primule","tag-ricordi","tag-viole"],"_links":{"self":[{"href":"https:\/\/www.poetamatusel.org\/index.php?rest_route=\/wp\/v2\/posts\/7008","targetHints":{"allow":["GET"]}}],"collection":[{"href":"https:\/\/www.poetamatusel.org\/index.php?rest_route=\/wp\/v2\/posts"}],"about":[{"href":"https:\/\/www.poetamatusel.org\/index.php?rest_route=\/wp\/v2\/types\/post"}],"author":[{"embeddable":true,"href":"https:\/\/www.poetamatusel.org\/index.php?rest_route=\/wp\/v2\/users\/1"}],"replies":[{"embeddable":true,"href":"https:\/\/www.poetamatusel.org\/index.php?rest_route=%2Fwp%2Fv2%2Fcomments&post=7008"}],"version-history":[{"count":4,"href":"https:\/\/www.poetamatusel.org\/index.php?rest_route=\/wp\/v2\/posts\/7008\/revisions"}],"predecessor-version":[{"id":7015,"href":"https:\/\/www.poetamatusel.org\/index.php?rest_route=\/wp\/v2\/posts\/7008\/revisions\/7015"}],"wp:attachment":[{"href":"https:\/\/www.poetamatusel.org\/index.php?rest_route=%2Fwp%2Fv2%2Fmedia&parent=7008"}],"wp:term":[{"taxonomy":"category","embeddable":true,"href":"https:\/\/www.poetamatusel.org\/index.php?rest_route=%2Fwp%2Fv2%2Fcategories&post=7008"},{"taxonomy":"post_tag","embeddable":true,"href":"https:\/\/www.poetamatusel.org\/index.php?rest_route=%2Fwp%2Fv2%2Ftags&post=7008"}],"curies":[{"name":"wp","href":"https:\/\/api.w.org\/{rel}","templated":true}]}}