{"id":6995,"date":"2017-02-08T12:46:35","date_gmt":"2017-02-08T11:46:35","guid":{"rendered":"http:\/\/www.poetamatusel.org\/?p=6995"},"modified":"2017-02-08T12:47:33","modified_gmt":"2017-02-08T11:47:33","slug":"dal-bordo-dellabisso","status":"publish","type":"post","link":"https:\/\/www.poetamatusel.org\/?p=6995","title":{"rendered":"DAL BORDO DELL\u2019 ABISSO"},"content":{"rendered":"<p>&nbsp;<\/p>\n<table width=\"999\" border=\"0\" cellpadding=\"2\" cellspacing=\"0\" unselectable=\"on\">\n<tbody>\n<p><img loading=\"lazy\" decoding=\"async\" src=\"https:\/\/www.poetamatusel.org\/wp-content\/uploads\/2017\/01\/Betulle-e-fantasmi--1024x405.jpg\" title=\"Betulle e fantasmi di luna - Foto Guido Comin PoetaMatus\u00e8l\" width=\"640\" height=\"253\" class=\"alignleft size-large wp-image-6874\" srcset=\"https:\/\/www.poetamatusel.org\/wp-content\/uploads\/2017\/01\/Betulle-e-fantasmi--1024x405.jpg 1024w, https:\/\/www.poetamatusel.org\/wp-content\/uploads\/2017\/01\/Betulle-e-fantasmi--300x119.jpg 300w, https:\/\/www.poetamatusel.org\/wp-content\/uploads\/2017\/01\/Betulle-e-fantasmi--768x304.jpg 768w\" sizes=\"auto, (max-width: 640px) 100vw, 640px\" \/><\/p>\n<tr>\n<td  valign=\"top\" width=\"999\"><\/td>\n<\/tr>\n<\/tbody>\n<\/table>\n<p>&nbsp;<\/p>\n<p style=\"padding-left:200px;\"><em>Dedicata a Michele,<br \/>\nche con grande coraggio<br \/>\nha deciso di andarsene<\/em><\/p>\n<p>&nbsp;<\/p>\n<p style=\"padding-left:40px;\"> Mi muovo ogni giorno sul bordo<br \/>\ndi un baratro scuro e profondo,<br \/>\nistigato da orde di vecchi fantasmi<br \/>\na saltare, a gettarmici dentro.<br \/>\nA convincermi a fare quei due<br \/>\nsalvifici passi indietro, ogni volta,<br \/>\n\u00e8 lo stesso sorriso, che amorevole<br \/>\nmi rimprovera, eppure mi sprona<br \/>\nancora a ridare battaglia contro mille<br \/>\nmulini pi\u00f9 veri di tutti i romanzi.<br \/>\nAllora ti desti, Chisciotte, da sogni<br \/>\nchimerici, ritorna la grinta di sempre,<br \/>\nritorna il coraggio, la voglia forte<br \/>\ndi riprenderti in mano la Vita: un<br \/>\natto dovuto a tutti coloro che credono<br \/>\nin te; un atto dovuto a chi, senza scelta,<br \/>\noppure avendo deciso con lucidit\u00e0,<br \/>\noggi non pu\u00f2 fare altro che\u2026 morire!  <\/p>\n<p>&nbsp;<\/p>\n<p>&nbsp;<\/p>\n<table width=\"999\" border=\"0\" cellpadding=\"2\" cellspacing=\"0\" unselectable=\"on\">\n<tbody>\n<p><img loading=\"lazy\" decoding=\"async\" src=\"https:\/\/www.poetamatusel.org\/wp-content\/uploads\/2014\/06\/canale-all-alba-a-fagare-foto-guido-comin-poetamatusel-darker.jpg\" title=\"Alba satura di speranza - Foto Guido Comin PoetaMatus\u00e8l\" width=\"761\" height=\"581\" class=\"alignleft size-full wp-image-4342\" srcset=\"https:\/\/www.poetamatusel.org\/wp-content\/uploads\/2014\/06\/canale-all-alba-a-fagare-foto-guido-comin-poetamatusel-darker.jpg 761w, https:\/\/www.poetamatusel.org\/wp-content\/uploads\/2014\/06\/canale-all-alba-a-fagare-foto-guido-comin-poetamatusel-darker-300x229.jpg 300w\" sizes=\"auto, (max-width: 761px) 100vw, 761px\" \/><\/p>\n<tr>\n<td  valign=\"top\" width=\"999\"><\/td>\n<\/tr>\n<\/tbody>\n<\/table>\n<p>&nbsp;<\/p>\n<p>&nbsp;<\/p>\n<p><img loading=\"lazy\" decoding=\"async\" src=\"https:\/\/www.poetamatusel.org\/wp-content\/uploads\/2012\/10\/icon-for-audio-files.jpg\" alt=\"AUDIO * FILE * AUDIO\" width=\"35\" height=\"35\" class=\"alignleft wp-image-2897\" \/><\/a>  <strong>PoetaMatus\u00e8l legge<br \/>\nDAL BORDO DELL\u2019ABISSO<\/strong>  <\/p>\n<audio class=\"wp-audio-shortcode\" id=\"audio-6995-1\" preload=\"none\" style=\"width: 100%;\" controls=\"controls\"><source type=\"audio\/mpeg\" src=\"https:\/\/www.poetamatusel.org\/wp-content\/uploads\/2017\/02\/DAL-BORDO-DELL-ABISSO.mp3?_=1\" \/><a href=\"https:\/\/www.poetamatusel.org\/wp-content\/uploads\/2017\/02\/DAL-BORDO-DELL-ABISSO.mp3\">https:\/\/www.poetamatusel.org\/wp-content\/uploads\/2017\/02\/DAL-BORDO-DELL-ABISSO.mp3<\/a><\/audio>\n<p>&nbsp;<br \/>\n&nbsp;<br \/>\n&nbsp;<br \/>\n&nbsp;<\/p>\n<p><img loading=\"lazy\" decoding=\"async\" src=\"https:\/\/www.poetamatusel.org\/wp-content\/uploads\/2017\/01\/Viole-di-marzo-Foto-Guido-Comin-150x150.jpg\" alt=\"\" width=\"150\" height=\"150\" class=\"alignleft size-thumbnail wp-image-6930\" \/> &nbsp;&nbsp;<\/p>\n<p style=\"padding-left:40px;\"><em>Prezioso Visitatore che mi leggi, un breve commento, anche solo un saluto, non ti costa che un piccolissimo sforzo, per\u00f2 far\u00e0 un enorme piacere a me, quando lo legger\u00f2! Grazie di cuore!! <\/em> &nbsp; :O)<\/p>\n<p>&nbsp;<\/p>\n<p style=\"padding-top:30px;\">\n<p><span style=\"font-family:'Arial Narrow Special G1';font-size:small;\">Copyright  \u00a9 2017 Guido Comin PoetaMatus\u00e8l &#8211;  Belluno, Italy. All rights reserved.<\/span><\/p>\n<p>&nbsp;<\/p>\n<p>.<\/p>\n","protected":false},"excerpt":{"rendered":"<p>&nbsp; &nbsp; Dedicata a Michele, che con grande coraggio ha deciso di andarsene &nbsp; Mi muovo ogni giorno sul bordo di un baratro scuro e profondo, istigato da orde di vecchi fantasmi a saltare, a gettarmici dentro. A convincermi a fare quei due salvifici passi indietro, ogni volta, \u00e8 lo stesso sorriso, che amorevole mi [&hellip;]<\/p>\n","protected":false},"author":1,"featured_media":0,"comment_status":"open","ping_status":"open","sticky":false,"template":"","format":"standard","meta":{"footnotes":""},"categories":[5,13],"tags":[3248,124,286,3249,1816,2586,2617,2779],"class_list":["post-6995","post","type-post","status-publish","format-standard","hentry","category-poesia-contemporanea-2","category-poesia-italiana","tag-abisso","tag-amore","tag-baratro","tag-michele","tag-morte","tag-salvezza","tag-scelta","tag-speranza"],"_links":{"self":[{"href":"https:\/\/www.poetamatusel.org\/index.php?rest_route=\/wp\/v2\/posts\/6995","targetHints":{"allow":["GET"]}}],"collection":[{"href":"https:\/\/www.poetamatusel.org\/index.php?rest_route=\/wp\/v2\/posts"}],"about":[{"href":"https:\/\/www.poetamatusel.org\/index.php?rest_route=\/wp\/v2\/types\/post"}],"author":[{"embeddable":true,"href":"https:\/\/www.poetamatusel.org\/index.php?rest_route=\/wp\/v2\/users\/1"}],"replies":[{"embeddable":true,"href":"https:\/\/www.poetamatusel.org\/index.php?rest_route=%2Fwp%2Fv2%2Fcomments&post=6995"}],"version-history":[{"count":8,"href":"https:\/\/www.poetamatusel.org\/index.php?rest_route=\/wp\/v2\/posts\/6995\/revisions"}],"predecessor-version":[{"id":7004,"href":"https:\/\/www.poetamatusel.org\/index.php?rest_route=\/wp\/v2\/posts\/6995\/revisions\/7004"}],"wp:attachment":[{"href":"https:\/\/www.poetamatusel.org\/index.php?rest_route=%2Fwp%2Fv2%2Fmedia&parent=6995"}],"wp:term":[{"taxonomy":"category","embeddable":true,"href":"https:\/\/www.poetamatusel.org\/index.php?rest_route=%2Fwp%2Fv2%2Fcategories&post=6995"},{"taxonomy":"post_tag","embeddable":true,"href":"https:\/\/www.poetamatusel.org\/index.php?rest_route=%2Fwp%2Fv2%2Ftags&post=6995"}],"curies":[{"name":"wp","href":"https:\/\/api.w.org\/{rel}","templated":true}]}}