{"id":6981,"date":"2017-02-06T16:25:49","date_gmt":"2017-02-06T15:25:49","guid":{"rendered":"http:\/\/www.poetamatusel.org\/?p=6981"},"modified":"2017-02-06T16:25:49","modified_gmt":"2017-02-06T15:25:49","slug":"se-non-fosse-per-te","status":"publish","type":"post","link":"https:\/\/www.poetamatusel.org\/?p=6981","title":{"rendered":"SE NON FOSSE PER TE\u2026"},"content":{"rendered":"<p>&nbsp;<\/p>\n<table width=\"999\" border=\"0\" cellpadding=\"2\" cellspacing=\"0\" unselectable=\"on\">\n<tbody>\n<p><img loading=\"lazy\" decoding=\"async\" src=\"https:\/\/www.poetamatusel.org\/wp-content\/uploads\/2017\/02\/Su-laghi-ghiacciati-di-sogni-Foto-Guido-Comin-PoetaMatusel-1024x768.jpg\" title=\"Su laghi ghiacciati di fragili sogni - Foto Guido Comin PoetaMatus\u00e8l\" width=\"640\" height=\"480\" class=\"alignleft size-large wp-image-6983\" srcset=\"https:\/\/www.poetamatusel.org\/wp-content\/uploads\/2017\/02\/Su-laghi-ghiacciati-di-sogni-Foto-Guido-Comin-PoetaMatusel-1024x768.jpg 1024w, https:\/\/www.poetamatusel.org\/wp-content\/uploads\/2017\/02\/Su-laghi-ghiacciati-di-sogni-Foto-Guido-Comin-PoetaMatusel-300x225.jpg 300w, https:\/\/www.poetamatusel.org\/wp-content\/uploads\/2017\/02\/Su-laghi-ghiacciati-di-sogni-Foto-Guido-Comin-PoetaMatusel-768x576.jpg 768w\" sizes=\"auto, (max-width: 640px) 100vw, 640px\" \/><\/p>\n<tr>\n<td  valign=\"top\" width=\"999\"><\/td>\n<\/tr>\n<\/tbody>\n<\/table>\n<p>&nbsp;<\/p>\n<p style=\"padding-left:260px;\"><em>A &nbsp; Gi  <\/em> <\/p>\n<p>&nbsp;<\/p>\n<p style=\"padding-left:30px;\">Se non fosse per te, che colori il mattino,<br \/>\nanche quando troneggia un grigio totale;<br \/>\nse non fosse per te, che mi fai camminare<br \/>\nsu nordici laghi ghiacciati di fragili sogni;<br \/>\nse non fosse per te, che mandi in momenti<br \/>\ncruciali dolcissimi segni, anche subliminali,<br \/>\nd\u2019incontri con miti bestiole, nuvole e lune;<br \/>\nse non fosse per te, che inciti a scendere<br \/>\nancora nell\u2019arena di lotte assai improbe;<br \/>\nse non fosse per te che ispiri, incessante,<br \/>\nquei versi di cui, mio malgrado, ancora io<br \/>\nvivo e mi nutro ogni giorno di solitudine\u2026<br \/>\nSe non fosse per te: l\u2019immaginabile fine!  <\/p>\n<p>&nbsp;<\/p>\n<p>&nbsp;<\/p>\n<table width=\"999\" border=\"0\" cellpadding=\"2\" cellspacing=\"0\" unselectable=\"on\">\n<tbody>\n<p><img loading=\"lazy\" decoding=\"async\" src=\"https:\/\/www.poetamatusel.org\/wp-content\/uploads\/2017\/02\/Gracchi-e-nuvole-sul-Monte-Rite-Foto-Guido-Comin-PoetaMatusel-1024x734.jpg\" title=\"Gracchi e nuvole sul Monte Rite - Foto Guido Comin PoetaMatus\u00e8l\" width=\"640\" height=\"459\" class=\"alignleft size-large wp-image-6984\" srcset=\"https:\/\/www.poetamatusel.org\/wp-content\/uploads\/2017\/02\/Gracchi-e-nuvole-sul-Monte-Rite-Foto-Guido-Comin-PoetaMatusel-1024x734.jpg 1024w, https:\/\/www.poetamatusel.org\/wp-content\/uploads\/2017\/02\/Gracchi-e-nuvole-sul-Monte-Rite-Foto-Guido-Comin-PoetaMatusel-300x215.jpg 300w, https:\/\/www.poetamatusel.org\/wp-content\/uploads\/2017\/02\/Gracchi-e-nuvole-sul-Monte-Rite-Foto-Guido-Comin-PoetaMatusel-768x551.jpg 768w\" sizes=\"auto, (max-width: 640px) 100vw, 640px\" \/><\/p>\n<tr>\n<td  valign=\"top\" width=\"999\"><\/td>\n<\/tr>\n<\/tbody>\n<\/table>\n<p>&nbsp;<\/p>\n<p><img loading=\"lazy\" decoding=\"async\" src=\"https:\/\/www.poetamatusel.org\/wp-content\/uploads\/2012\/10\/icon-for-audio-files.jpg\" alt=\"AUDIO * FILE * AUDIO\" width=\"35\" height=\"35\" class=\"alignleft wp-image-2897\" \/>  <strong>PoetaMatus\u00e8l legge<br \/>\nSE NON FOSSE PER TE\u2026<\/strong>  <\/p>\n<audio class=\"wp-audio-shortcode\" id=\"audio-6981-1\" preload=\"none\" style=\"width: 100%;\" controls=\"controls\"><source type=\"audio\/mpeg\" src=\"https:\/\/www.poetamatusel.org\/wp-content\/uploads\/2017\/02\/SE-NON-FOSSE-PER-TE.mp3?_=1\" \/><a href=\"https:\/\/www.poetamatusel.org\/wp-content\/uploads\/2017\/02\/SE-NON-FOSSE-PER-TE.mp3\">https:\/\/www.poetamatusel.org\/wp-content\/uploads\/2017\/02\/SE-NON-FOSSE-PER-TE.mp3<\/a><\/audio>\n<p>&nbsp;<\/p>\n<p><img loading=\"lazy\" decoding=\"async\" src=\"https:\/\/www.poetamatusel.org\/wp-content\/uploads\/2012\/11\/link-symbol-for-blog.jpg\" alt=\"\" width=\"35\" height=\"35\" class=\"alignleft wp-image-2959\" \/><a href=\"https:\/\/www.youtube.com\/watch?v=wuGPYvQjKac\" target=\"_blank\"><strong>Il titolo \u00e8 stato ispirato da<br \/>\n&#8216;Tutto Quello Che Un Uomo&#8217;<br \/>\ndi Sergio Cammariere<\/strong><\/a><\/p>\n<p>&nbsp;<\/p>\n<p>&nbsp;<\/p>\n<p>&nbsp;<\/p>\n<p><img loading=\"lazy\" decoding=\"async\" src=\"https:\/\/www.poetamatusel.org\/wp-content\/uploads\/2017\/01\/Viole-di-marzo-Foto-Guido-Comin-150x150.jpg\" title=\"Profumo di quasi-primavera - Foto Guido Comin PoetaMatus\u00e8l\" width=\"150\" height=\"150\" class=\"alignleft size-thumbnail wp-image-6930\" \/>&nbsp;&nbsp;<\/p>\n<p style=\"padding-left:40px;\"><em>Prezioso Visitatore che mi leggi, un breve commento, anche solo un saluto, non ti costa che un piccolissimo sforzo, per\u00f2 far\u00e0 un enorme piacere a me, quando lo legger\u00f2! Grazie di cuore!! <\/em> &nbsp; :O)<\/p>\n<p>&nbsp;<\/p>\n<p style=\"padding-top:30px;\">\n<p><span style=\"font-family:'Arial Narrow Special G1';font-size:small;\">Copyright  \u00a9 2017 Guido Comin PoetaMatus\u00e8l &#8211;  Belluno, Italy. All rights reserved.<\/span><\/p>\n<p>&nbsp;<\/p>\n<p>.<\/p>\n","protected":false},"excerpt":{"rendered":"<p>&nbsp; &nbsp; A &nbsp; Gi &nbsp; Se non fosse per te, che colori il mattino, anche quando troneggia un grigio totale; se non fosse per te, che mi fai camminare su nordici laghi ghiacciati di fragili sogni; se non fosse per te, che mandi in momenti cruciali dolcissimi segni, anche subliminali, d\u2019incontri con miti bestiole, [&hellip;]<\/p>\n","protected":false},"author":1,"featured_media":0,"comment_status":"open","ping_status":"open","sticky":false,"template":"","format":"standard","meta":{"footnotes":""},"categories":[5,13,6],"tags":[124,3246,1290,2443,3247,2586],"class_list":["post-6981","post","type-post","status-publish","format-standard","hentry","category-poesia-contemporanea-2","category-poesia-italiana","category-poetry-poesia","tag-amore","tag-cammariere","tag-gratitudine","tag-redenzione","tag-riconoscenza","tag-salvezza"],"_links":{"self":[{"href":"https:\/\/www.poetamatusel.org\/index.php?rest_route=\/wp\/v2\/posts\/6981","targetHints":{"allow":["GET"]}}],"collection":[{"href":"https:\/\/www.poetamatusel.org\/index.php?rest_route=\/wp\/v2\/posts"}],"about":[{"href":"https:\/\/www.poetamatusel.org\/index.php?rest_route=\/wp\/v2\/types\/post"}],"author":[{"embeddable":true,"href":"https:\/\/www.poetamatusel.org\/index.php?rest_route=\/wp\/v2\/users\/1"}],"replies":[{"embeddable":true,"href":"https:\/\/www.poetamatusel.org\/index.php?rest_route=%2Fwp%2Fv2%2Fcomments&post=6981"}],"version-history":[{"count":10,"href":"https:\/\/www.poetamatusel.org\/index.php?rest_route=\/wp\/v2\/posts\/6981\/revisions"}],"predecessor-version":[{"id":6994,"href":"https:\/\/www.poetamatusel.org\/index.php?rest_route=\/wp\/v2\/posts\/6981\/revisions\/6994"}],"wp:attachment":[{"href":"https:\/\/www.poetamatusel.org\/index.php?rest_route=%2Fwp%2Fv2%2Fmedia&parent=6981"}],"wp:term":[{"taxonomy":"category","embeddable":true,"href":"https:\/\/www.poetamatusel.org\/index.php?rest_route=%2Fwp%2Fv2%2Fcategories&post=6981"},{"taxonomy":"post_tag","embeddable":true,"href":"https:\/\/www.poetamatusel.org\/index.php?rest_route=%2Fwp%2Fv2%2Ftags&post=6981"}],"curies":[{"name":"wp","href":"https:\/\/api.w.org\/{rel}","templated":true}]}}