{"id":6966,"date":"2017-01-29T22:05:50","date_gmt":"2017-01-29T21:05:50","guid":{"rendered":"http:\/\/www.poetamatusel.org\/?p=6966"},"modified":"2017-01-29T22:05:50","modified_gmt":"2017-01-29T21:05:50","slug":"riflessioni-su-un-lago-dinverno","status":"publish","type":"post","link":"https:\/\/www.poetamatusel.org\/?p=6966","title":{"rendered":"RIFLESSI(ONI) SU UN LAGO D\u2019INVERNO"},"content":{"rendered":"<p>&nbsp;<\/p>\n<table width=\"999\" border=\"0\" cellpadding=\"2\" cellspacing=\"0\" unselectable=\"on\">\n<tbody>\n<p><img loading=\"lazy\" decoding=\"async\" src=\"https:\/\/www.poetamatusel.org\/wp-content\/uploads\/2017\/01\/Riflessioni-su-un-lago-di-inverno-Foto-Guido-Comin-PoetaMatusel--1024x768.jpg\" title=\"Riflessi(oni) su un lago d'inverno - Foto Guido Comin PoetaMatus\u00e8l\" width=\"640\" height=\"480\" class=\"alignleft size-large wp-image-6967\" srcset=\"https:\/\/www.poetamatusel.org\/wp-content\/uploads\/2017\/01\/Riflessioni-su-un-lago-di-inverno-Foto-Guido-Comin-PoetaMatusel--1024x768.jpg 1024w, https:\/\/www.poetamatusel.org\/wp-content\/uploads\/2017\/01\/Riflessioni-su-un-lago-di-inverno-Foto-Guido-Comin-PoetaMatusel--300x225.jpg 300w, https:\/\/www.poetamatusel.org\/wp-content\/uploads\/2017\/01\/Riflessioni-su-un-lago-di-inverno-Foto-Guido-Comin-PoetaMatusel--768x576.jpg 768w\" sizes=\"auto, (max-width: 640px) 100vw, 640px\" \/><\/p>\n<tr>\n<td  valign=\"top\" width=\"999\"><\/td>\n<\/tr>\n<\/tbody>\n<\/table>\n<p>&nbsp;<\/p>\n<p style=\"padding-left:140px;\"><em>Dedicata a me stesso<\/em>  <\/p>\n<p>&nbsp;<\/p>\n<p style=\"padding-left:40px;\">Sorvola la Vita l\u2019airone di sempre,<br \/>\nche ovunque accompagna (oppure<br \/>\nperseguita?), antesignano di buona<br \/>\nsorte o di mala; mi induce a pensare<br \/>\nche cosa mi attiri in questa landa<br \/>\nghiacciata e solinga, che attende<br \/>\nprimavere di bimbi chiassosi e di<br \/>\ncani festosi che giocano insieme;<br \/>\nignari, entrambi, di qualsiasi domani<br \/>\nche possa guastare i sogni di un oggi<br \/>\ninfinito: perch\u00e9 per i cani e bambini<br \/>\nnon \u00e8 vero per nulla che <em>\u00e8 subito sera<\/em>!<br \/>\nMa gi\u00e0 pi\u00f9 non sono in terra straniera,<br \/>\nperch\u00e9 chiama una voce il mio nome.<br \/>\nE rispondono, amici di sempre, i cani. <\/p>\n<p>&nbsp;<\/p>\n<p>&nbsp;<\/p>\n<table width=\"999\" border=\"0\" cellpadding=\"2\" cellspacing=\"0\" unselectable=\"on\">\n<tbody>\n<img loading=\"lazy\" decoding=\"async\" src=\"https:\/\/www.poetamatusel.org\/wp-content\/uploads\/2017\/01\/Landa-ghiacciata-e-solinga-Foto-Guido-Comin-PoetaMatusel--1024x664.jpg\" title=\"Landa ghiacciata e solinga - Foto Guido Comin PoetaMatus\u00e8l\" width=\"640\" height=\"415\" class=\"alignleft size-large wp-image-6968\" srcset=\"https:\/\/www.poetamatusel.org\/wp-content\/uploads\/2017\/01\/Landa-ghiacciata-e-solinga-Foto-Guido-Comin-PoetaMatusel--1024x664.jpg 1024w, https:\/\/www.poetamatusel.org\/wp-content\/uploads\/2017\/01\/Landa-ghiacciata-e-solinga-Foto-Guido-Comin-PoetaMatusel--300x195.jpg 300w, https:\/\/www.poetamatusel.org\/wp-content\/uploads\/2017\/01\/Landa-ghiacciata-e-solinga-Foto-Guido-Comin-PoetaMatusel--768x498.jpg 768w\" sizes=\"auto, (max-width: 640px) 100vw, 640px\" \/><\/p>\n<tr>\n<td  valign=\"top\" width=\"999\"><\/td>\n<\/tr>\n<\/tbody>\n<\/table>\n<p>&nbsp;<\/p>\n<p>&nbsp;<\/p>\n<p><a href=\"http:\/\/poetamatusel.files.wordpress.com\/2012\/10\/icon-for-audio-files.jpg\"><img loading=\"lazy\" decoding=\"async\" src=\"http:\/\/poetamatusel.files.wordpress.com\/2012\/10\/icon-for-audio-files.jpg\" alt=\"\" title=\"AUDIO * FILE * AUDIO\" width=\"35\" height=\"35\" class=\"alignleft wp-image-2897\" \/><\/a>  <strong>PoetaMatus\u00e8l legge<br \/>\nRIFLESSI(ONI) SU UN LAGO D\u2019INVERNO<\/strong>  <\/p>\n<audio class=\"wp-audio-shortcode\" id=\"audio-6966-1\" preload=\"none\" style=\"width: 100%;\" controls=\"controls\"><source type=\"audio\/mpeg\" src=\"https:\/\/www.poetamatusel.org\/wp-content\/uploads\/2017\/01\/RIFLESSIONI-SU-UN-LAGO-D-INVERNO.mp3?_=1\" \/><a href=\"https:\/\/www.poetamatusel.org\/wp-content\/uploads\/2017\/01\/RIFLESSIONI-SU-UN-LAGO-D-INVERNO.mp3\">https:\/\/www.poetamatusel.org\/wp-content\/uploads\/2017\/01\/RIFLESSIONI-SU-UN-LAGO-D-INVERNO.mp3<\/a><\/audio>\n<p>&nbsp;<br \/>\n&nbsp;<br \/>\n&nbsp;<\/p>\n<p><img loading=\"lazy\" decoding=\"async\" src=\"https:\/\/www.poetamatusel.org\/wp-content\/uploads\/2017\/01\/Viole-di-marzo-Foto-Guido-Comin-150x150.jpg\" title=\"Profumo di quasi-primavera - Foto Guido Comin PoetaMatus\u00e8l\" width=\"150\" height=\"150\" class=\"alignleft size-thumbnail wp-image-6930\" \/>&nbsp;&nbsp;<\/p>\n<p style=\"padding-left:40px;\"><em>Prezioso Visitatore che mi leggi, un breve commento, anche solo un saluto, non ti costa che un piccolissimo sforzo, per\u00f2 far\u00e0 un enorme piacere a me, quando lo legger\u00f2! Grazie di cuore!! <\/em> &nbsp; :O)<\/p>\n<p>&nbsp;<\/p>\n<p style=\"padding-top:30px;\">\n<p><span style=\"font-family:'Arial Narrow Special G1';font-size:small;\">Copyright  \u00a9 2017 Guido Comin PoetaMatus\u00e8l &#8211;  Belluno, Italy. All rights reserved.<\/span><\/p>\n<p>&nbsp;<\/p>\n<p>.<\/p>\n","protected":false},"excerpt":{"rendered":"<p>&nbsp; &nbsp; Dedicata a me stesso &nbsp; Sorvola la Vita l\u2019airone di sempre, che ovunque accompagna (oppure perseguita?), antesignano di buona sorte o di mala; mi induce a pensare che cosa mi attiri in questa landa ghiacciata e solinga, che attende primavere di bimbi chiassosi e di cani festosi che giocano insieme; ignari, entrambi, di [&hellip;]<\/p>\n","protected":false},"author":1,"featured_media":0,"comment_status":"open","ping_status":"open","sticky":false,"template":"","format":"standard","meta":{"footnotes":""},"categories":[5,13,6],"tags":[68,362,1207,1451,1525,2751,2824],"class_list":["post-6966","post","type-post","status-publish","format-standard","hentry","category-poesia-contemporanea-2","category-poesia-italiana","category-poetry-poesia","tag-airone","tag-bosco","tag-ghiaccio","tag-inverno","tag-lago","tag-solitudine","tag-straniero"],"_links":{"self":[{"href":"https:\/\/www.poetamatusel.org\/index.php?rest_route=\/wp\/v2\/posts\/6966","targetHints":{"allow":["GET"]}}],"collection":[{"href":"https:\/\/www.poetamatusel.org\/index.php?rest_route=\/wp\/v2\/posts"}],"about":[{"href":"https:\/\/www.poetamatusel.org\/index.php?rest_route=\/wp\/v2\/types\/post"}],"author":[{"embeddable":true,"href":"https:\/\/www.poetamatusel.org\/index.php?rest_route=\/wp\/v2\/users\/1"}],"replies":[{"embeddable":true,"href":"https:\/\/www.poetamatusel.org\/index.php?rest_route=%2Fwp%2Fv2%2Fcomments&post=6966"}],"version-history":[{"count":4,"href":"https:\/\/www.poetamatusel.org\/index.php?rest_route=\/wp\/v2\/posts\/6966\/revisions"}],"predecessor-version":[{"id":6973,"href":"https:\/\/www.poetamatusel.org\/index.php?rest_route=\/wp\/v2\/posts\/6966\/revisions\/6973"}],"wp:attachment":[{"href":"https:\/\/www.poetamatusel.org\/index.php?rest_route=%2Fwp%2Fv2%2Fmedia&parent=6966"}],"wp:term":[{"taxonomy":"category","embeddable":true,"href":"https:\/\/www.poetamatusel.org\/index.php?rest_route=%2Fwp%2Fv2%2Fcategories&post=6966"},{"taxonomy":"post_tag","embeddable":true,"href":"https:\/\/www.poetamatusel.org\/index.php?rest_route=%2Fwp%2Fv2%2Ftags&post=6966"}],"curies":[{"name":"wp","href":"https:\/\/api.w.org\/{rel}","templated":true}]}}