{"id":6954,"date":"2017-01-26T20:30:41","date_gmt":"2017-01-26T19:30:41","guid":{"rendered":"http:\/\/www.poetamatusel.org\/?p=6954"},"modified":"2017-01-26T21:54:56","modified_gmt":"2017-01-26T20:54:56","slug":"passeggiata-nel-nord-della-vita","status":"publish","type":"post","link":"https:\/\/www.poetamatusel.org\/?p=6954","title":{"rendered":"PASSEGGIATA NEL NORD DELLA VITA"},"content":{"rendered":"<p>&nbsp;<\/p>\n<table width=\"999\" border=\"0\" cellpadding=\"2\" cellspacing=\"0\" unselectable=\"on\">\n<tbody>\n<p><img loading=\"lazy\" decoding=\"async\" src=\"https:\/\/www.poetamatusel.org\/wp-content\/uploads\/2017\/01\/Gabbianella-danzante-Foto-Guido-Comin-PoetaMatusel--1024x702.jpg\" title=\"Gabbianella danzante sul Tamigi - Foto Guido Comin PoetaMatus\u00e8l\" width=\"640\" height=\"439\" class=\"alignleft size-large wp-image-6955\" srcset=\"https:\/\/www.poetamatusel.org\/wp-content\/uploads\/2017\/01\/Gabbianella-danzante-Foto-Guido-Comin-PoetaMatusel--1024x702.jpg 1024w, https:\/\/www.poetamatusel.org\/wp-content\/uploads\/2017\/01\/Gabbianella-danzante-Foto-Guido-Comin-PoetaMatusel--300x206.jpg 300w, https:\/\/www.poetamatusel.org\/wp-content\/uploads\/2017\/01\/Gabbianella-danzante-Foto-Guido-Comin-PoetaMatusel--768x527.jpg 768w\" sizes=\"auto, (max-width: 640px) 100vw, 640px\" \/><\/p>\n<tr>\n<td  valign=\"top\" width=\"999\"><\/td>\n<\/tr>\n<\/tbody>\n<\/table>\n<p>&nbsp;<\/p>\n<p style=\"padding-left:340px;\"><em>A  &nbsp; Gi<\/em> <\/p>\n<p>&nbsp;<\/p>\n<p style=\"padding-left:30px;\"> Ti riprendo per mano e ti porto per luoghi lontani,<br \/>\nche hanno visto le mie tante gesta di tempi migliori.<br \/>\nSembra che tu riconosca le strade, piazze e giardini,<br \/>\ndove oggi passeggi, compagna leggera e leggiadra.<br \/>\nEppure calpesti con gli occhi percorsi a te ignoti,<br \/>\nma che oggi ti vengono incontro con disinvoltura.<br \/>\nIl fiume maestoso che ai tempi fu come mio sangue<br \/>\nti sussurra sommesso antiche <em>lullaby<\/em> dimenticate:<br \/>\nperch\u00e9 sembra anche lei riconoscerti, scura <em>Tamesis<\/em>.<br \/>\nAllora il mio cuore \u00e8 una gabbianella, che danza e<br \/>\nsaltella, dalla gioia semplice e pura che Tu ci sei.<br \/>\nPosso dedurne soltanto che tu davvero appartenga<br \/>\na questa mia Vita, per prenotazione, magari, non so,<br \/>\nma perfino ben prima di esserci nata\u2026 fisicamente!<\/p>\n<p>&nbsp;<\/p>\n<p>&nbsp;<\/p>\n<table width=\"999\" border=\"0\" cellpadding=\"2\" cellspacing=\"0\" unselectable=\"on\">\n<tbody>\n<p><img loading=\"lazy\" decoding=\"async\" src=\"https:\/\/www.poetamatusel.org\/wp-content\/uploads\/2017\/01\/Angolo-giardino-di-Hyde-Park-Foto-Guido-Comin-PoetaMatusel--1024x705.jpg\" title=\"Angolo giardino di Hyde Park - Foto Guido Comin PoetaMatus\u00e8l\" width=\"640\" height=\"441\" class=\"alignleft size-large wp-image-6956\" srcset=\"https:\/\/www.poetamatusel.org\/wp-content\/uploads\/2017\/01\/Angolo-giardino-di-Hyde-Park-Foto-Guido-Comin-PoetaMatusel--1024x705.jpg 1024w, https:\/\/www.poetamatusel.org\/wp-content\/uploads\/2017\/01\/Angolo-giardino-di-Hyde-Park-Foto-Guido-Comin-PoetaMatusel--300x207.jpg 300w, https:\/\/www.poetamatusel.org\/wp-content\/uploads\/2017\/01\/Angolo-giardino-di-Hyde-Park-Foto-Guido-Comin-PoetaMatusel--768x529.jpg 768w\" sizes=\"auto, (max-width: 640px) 100vw, 640px\" \/><\/p>\n<tr>\n<td  valign=\"top\" width=\"999\"><\/td>\n<\/tr>\n<\/tbody>\n<\/table>\n<p>&nbsp;<\/p>\n<p>&nbsp;<\/p>\n<p><a href=\"http:\/\/poetamatusel.files.wordpress.com\/2012\/10\/icon-for-audio-files.jpg\"><img loading=\"lazy\" decoding=\"async\" src=\"http:\/\/poetamatusel.files.wordpress.com\/2012\/10\/icon-for-audio-files.jpg\" alt=\"\" title=\"AUDIO * FILE * AUDIO\" width=\"35\" height=\"35\" class=\"alignleft wp-image-2897\" \/><\/a>  <strong>PoetaMatus\u00e8l legge<br \/>\nPASSEGGIATA NEL NORD DELLA VITA <\/strong>  <\/p>\n<audio class=\"wp-audio-shortcode\" id=\"audio-6954-1\" preload=\"none\" style=\"width: 100%;\" controls=\"controls\"><source type=\"audio\/mpeg\" src=\"https:\/\/www.poetamatusel.org\/wp-content\/uploads\/2017\/01\/PASSEGGIATA-NEL-NORD-DELLA-VITA.mp3?_=1\" \/><a href=\"https:\/\/www.poetamatusel.org\/wp-content\/uploads\/2017\/01\/PASSEGGIATA-NEL-NORD-DELLA-VITA.mp3\">https:\/\/www.poetamatusel.org\/wp-content\/uploads\/2017\/01\/PASSEGGIATA-NEL-NORD-DELLA-VITA.mp3<\/a><\/audio>\n<p>&nbsp;<br \/>\n&nbsp;<br \/>\n&nbsp;<\/p>\n<table width=\"999\" border=\"0\" cellpadding=\"2\" cellspacing=\"0\" unselectable=\"on\">\n<tbody>\n<p><img loading=\"lazy\" decoding=\"async\" src=\"https:\/\/www.poetamatusel.org\/wp-content\/uploads\/2017\/01\/Sweet-Thames-flow-softly-Foto-Guido-Comin-PoetaMatusel--1024x713.jpg\" title=\"'Sweet Thames! run softly' - Foto Guido Comin PoetaMatus\u00e8l\" width=\"640\" height=\"446\" class=\"alignleft size-large wp-image-6957\" srcset=\"https:\/\/www.poetamatusel.org\/wp-content\/uploads\/2017\/01\/Sweet-Thames-flow-softly-Foto-Guido-Comin-PoetaMatusel--1024x713.jpg 1024w, https:\/\/www.poetamatusel.org\/wp-content\/uploads\/2017\/01\/Sweet-Thames-flow-softly-Foto-Guido-Comin-PoetaMatusel--300x209.jpg 300w, https:\/\/www.poetamatusel.org\/wp-content\/uploads\/2017\/01\/Sweet-Thames-flow-softly-Foto-Guido-Comin-PoetaMatusel--768x535.jpg 768w\" sizes=\"auto, (max-width: 640px) 100vw, 640px\" \/><\/p>\n<tr>\n<td  valign=\"top\" width=\"999\"><\/td>\n<\/tr>\n<\/tbody>\n<\/table>\n<p>&nbsp;<\/p>\n<p><img loading=\"lazy\" decoding=\"async\" src=\"https:\/\/www.poetamatusel.org\/wp-content\/uploads\/2012\/11\/link-symbol-for-blog.jpg\" alt=\"\" width=\"35\" height=\"35\" class=\"alignleft wp-image-2959\" \/><strong>L&#8217;inizio della poesia fa riferimento a quest&#8217;altra: <\/strong><br \/>\n<a href=\"https:\/\/www.poetamatusel.org\/?p=6478\" target=\"_blank\"><strong>VAGANDO PER VUOTE BATTIGIE<\/strong><\/a><\/p>\n<p>&nbsp;<br \/>\n&nbsp;<br \/>\n&nbsp;<br \/>\n&nbsp;<br \/>\n&nbsp;<\/p>\n<p><img loading=\"lazy\" decoding=\"async\" src=\"https:\/\/www.poetamatusel.org\/wp-content\/uploads\/2017\/01\/Viole-di-marzo-Foto-Guido-Comin-150x150.jpg\" title=\"Profumo di quasi-primavera - Foto Guido Comin PoetaMatus\u00e8l\" width=\"150\" height=\"150\" class=\"alignleft size-thumbnail wp-image-6930\" \/>&nbsp;&nbsp;<\/p>\n<p style=\"padding-left:40px;\"><em>Prezioso Visitatore che mi leggi, un breve commento, anche solo un saluto, non ti costa che un piccolissimo sforzo, per\u00f2 far\u00e0 un enorme piacere a me, quando lo legger\u00f2! Grazie di cuore!! <\/em> &nbsp; :O)<\/p>\n<p>&nbsp;<\/p>\n<p style=\"padding-top:30px;\">\n<p><span style=\"font-family:'Arial Narrow Special G1';font-size:small;\">Copyright  \u00a9 2017 Guido Comin PoetaMatus\u00e8l &#8211;  Belluno, Italy. All rights reserved.<\/span><\/p>\n<p>&nbsp;<\/p>\n<p>.<\/p>\n","protected":false},"excerpt":{"rendered":"<p>&nbsp; &nbsp; A &nbsp; Gi &nbsp; Ti riprendo per mano e ti porto per luoghi lontani, che hanno visto le mie tante gesta di tempi migliori. Sembra che tu riconosca le strade, piazze e giardini, dove oggi passeggi, compagna leggera e leggiadra. Eppure calpesti con gli occhi percorsi a te ignoti, ma che oggi ti [&hellip;]<\/p>\n","protected":false},"author":1,"featured_media":0,"comment_status":"open","ping_status":"open","sticky":false,"template":"","format":"standard","meta":{"footnotes":""},"categories":[5,13,6],"tags":[3242,1075,1237,1595,3240,3241,2331,2873],"class_list":["post-6954","post","type-post","status-publish","format-standard","hentry","category-poesia-contemporanea-2","category-poesia-italiana","category-poetry-poesia","tag-appartenenza","tag-fiume","tag-gioia","tag-londra","tag-lullaby","tag-ninnananna","tag-presenza","tag-tamigi"],"_links":{"self":[{"href":"https:\/\/www.poetamatusel.org\/index.php?rest_route=\/wp\/v2\/posts\/6954","targetHints":{"allow":["GET"]}}],"collection":[{"href":"https:\/\/www.poetamatusel.org\/index.php?rest_route=\/wp\/v2\/posts"}],"about":[{"href":"https:\/\/www.poetamatusel.org\/index.php?rest_route=\/wp\/v2\/types\/post"}],"author":[{"embeddable":true,"href":"https:\/\/www.poetamatusel.org\/index.php?rest_route=\/wp\/v2\/users\/1"}],"replies":[{"embeddable":true,"href":"https:\/\/www.poetamatusel.org\/index.php?rest_route=%2Fwp%2Fv2%2Fcomments&post=6954"}],"version-history":[{"count":7,"href":"https:\/\/www.poetamatusel.org\/index.php?rest_route=\/wp\/v2\/posts\/6954\/revisions"}],"predecessor-version":[{"id":6965,"href":"https:\/\/www.poetamatusel.org\/index.php?rest_route=\/wp\/v2\/posts\/6954\/revisions\/6965"}],"wp:attachment":[{"href":"https:\/\/www.poetamatusel.org\/index.php?rest_route=%2Fwp%2Fv2%2Fmedia&parent=6954"}],"wp:term":[{"taxonomy":"category","embeddable":true,"href":"https:\/\/www.poetamatusel.org\/index.php?rest_route=%2Fwp%2Fv2%2Fcategories&post=6954"},{"taxonomy":"post_tag","embeddable":true,"href":"https:\/\/www.poetamatusel.org\/index.php?rest_route=%2Fwp%2Fv2%2Ftags&post=6954"}],"curies":[{"name":"wp","href":"https:\/\/api.w.org\/{rel}","templated":true}]}}