{"id":6946,"date":"2017-01-25T22:08:17","date_gmt":"2017-01-25T21:08:17","guid":{"rendered":"http:\/\/www.poetamatusel.org\/?p=6946"},"modified":"2017-01-26T00:00:09","modified_gmt":"2017-01-25T23:00:09","slug":"false-aspettative-deluse","status":"publish","type":"post","link":"https:\/\/www.poetamatusel.org\/?p=6946","title":{"rendered":"FALSE ASPETTATIVE DELUSE"},"content":{"rendered":"<p>&nbsp;<\/p>\n<table width=\"999\" border=\"0\" cellpadding=\"2\" cellspacing=\"0\" unselectable=\"on\">\n<tbody>\n<p><img loading=\"lazy\" decoding=\"async\" src=\"https:\/\/www.poetamatusel.org\/wp-content\/uploads\/2017\/01\/20170125_205610-1-1-771x1024.jpg\" title=\"La camicia nera - Selfie Guido Comin PoetaMatus\u00e8l\" width=\"640\" height=\"850\" class=\"alignleft size-large wp-image-6948\" srcset=\"https:\/\/www.poetamatusel.org\/wp-content\/uploads\/2017\/01\/20170125_205610-1-1-771x1024.jpg 771w, https:\/\/www.poetamatusel.org\/wp-content\/uploads\/2017\/01\/20170125_205610-1-1-226x300.jpg 226w, https:\/\/www.poetamatusel.org\/wp-content\/uploads\/2017\/01\/20170125_205610-1-1-768x1019.jpg 768w, https:\/\/www.poetamatusel.org\/wp-content\/uploads\/2017\/01\/20170125_205610-1-1.jpg 907w\" sizes=\"auto, (max-width: 640px) 100vw, 640px\" \/><\/p>\n<tr>\n<td  valign=\"top\" width=\"999\"><\/td>\n<\/tr>\n<\/tbody>\n<\/table>\n<p>&nbsp;<\/p>\n<p style=\"padding-left:40px;\">Mi sono messo la camicia nera,<br \/>\nla mia pi\u00f9 bella, di lusso, danese,<br \/>\ne non certo perch\u00e9 io mai pensassi<br \/>\ndi andare ad un grande <em>cocktail party<\/em>,<br \/>\no una super festa, o seratona di gala,<br \/>\nper\u00f2 nemmeno mi sarei gi\u00e0 potuto<br \/>\nimmaginare di andare, purtroppo,<br \/>\ninvece di nuovo ad un altro tipo di<br \/>\ncerimonia: breve, funebre, tutta mia!   <\/p>\n<p>&nbsp;<\/p>\n<p>&nbsp;<br \/>\n&nbsp;<br \/>\n&nbsp;<\/p>\n<p><img loading=\"lazy\" decoding=\"async\" src=\"https:\/\/www.poetamatusel.org\/wp-content\/uploads\/2017\/01\/Viole-di-marzo-Foto-Guido-Comin-150x150.jpg\" title=\"Profumo di quasi-primavera - Foto Guido Comin PoetaMatus\u00e8l\" width=\"150\" height=\"150\" class=\"alignleft size-thumbnail wp-image-6930\" \/>&nbsp;&nbsp;<\/p>\n<p style=\"padding-left:40px;\"><em>Prezioso Visitatore che mi leggi, un breve commento, anche solo un saluto, non ti costa che un piccolissimo sforzo, per\u00f2 far\u00e0 un enorme piacere a me, quando lo legger\u00f2! Grazie di cuore!! <\/em> &nbsp; :O)<\/p>\n<p>&nbsp;<\/p>\n<p style=\"padding-top:30px;\">\n<p><span style=\"font-family:'Arial Narrow Special G1';font-size:small;\">Copyright  \u00a9 2017 Guido Comin PoetaMatus\u00e8l &#8211;  Belluno, Italy. All rights reserved.<\/span><\/p>\n<p>&nbsp;<\/p>\n<p>.<\/p>\n","protected":false},"excerpt":{"rendered":"<p>&nbsp; &nbsp; Mi sono messo la camicia nera, la mia pi\u00f9 bella, di lusso, danese, e non certo perch\u00e9 io mai pensassi di andare ad un grande cocktail party, o una super festa, o seratona di gala, per\u00f2 nemmeno mi sarei gi\u00e0 potuto immaginare di andare, purtroppo, invece di nuovo ad un altro tipo di [&hellip;]<\/p>\n","protected":false},"author":1,"featured_media":0,"comment_status":"open","ping_status":"open","sticky":false,"template":"","format":"standard","meta":{"footnotes":""},"categories":[5,13,6],"tags":[3237,757,3239,1159,3238,2641],"class_list":["post-6946","post","type-post","status-publish","format-standard","hentry","category-poesia-contemporanea-2","category-poesia-italiana","category-poetry-poesia","tag-aspettativa","tag-delusione","tag-festa","tag-funerale","tag-party","tag-sconfitta"],"_links":{"self":[{"href":"https:\/\/www.poetamatusel.org\/index.php?rest_route=\/wp\/v2\/posts\/6946","targetHints":{"allow":["GET"]}}],"collection":[{"href":"https:\/\/www.poetamatusel.org\/index.php?rest_route=\/wp\/v2\/posts"}],"about":[{"href":"https:\/\/www.poetamatusel.org\/index.php?rest_route=\/wp\/v2\/types\/post"}],"author":[{"embeddable":true,"href":"https:\/\/www.poetamatusel.org\/index.php?rest_route=\/wp\/v2\/users\/1"}],"replies":[{"embeddable":true,"href":"https:\/\/www.poetamatusel.org\/index.php?rest_route=%2Fwp%2Fv2%2Fcomments&post=6946"}],"version-history":[{"count":6,"href":"https:\/\/www.poetamatusel.org\/index.php?rest_route=\/wp\/v2\/posts\/6946\/revisions"}],"predecessor-version":[{"id":6953,"href":"https:\/\/www.poetamatusel.org\/index.php?rest_route=\/wp\/v2\/posts\/6946\/revisions\/6953"}],"wp:attachment":[{"href":"https:\/\/www.poetamatusel.org\/index.php?rest_route=%2Fwp%2Fv2%2Fmedia&parent=6946"}],"wp:term":[{"taxonomy":"category","embeddable":true,"href":"https:\/\/www.poetamatusel.org\/index.php?rest_route=%2Fwp%2Fv2%2Fcategories&post=6946"},{"taxonomy":"post_tag","embeddable":true,"href":"https:\/\/www.poetamatusel.org\/index.php?rest_route=%2Fwp%2Fv2%2Ftags&post=6946"}],"curies":[{"name":"wp","href":"https:\/\/api.w.org\/{rel}","templated":true}]}}