{"id":6922,"date":"2017-01-22T00:51:07","date_gmt":"2017-01-21T23:51:07","guid":{"rendered":"http:\/\/www.poetamatusel.org\/?p=6922"},"modified":"2024-11-05T14:28:36","modified_gmt":"2024-11-05T13:28:36","slug":"oggi-qua-domani-chissa","status":"publish","type":"post","link":"https:\/\/www.poetamatusel.org\/?p=6922","title":{"rendered":"OGGI QUA, DOMANI CHISS\u00c0 \u2026"},"content":{"rendered":"<p>&nbsp;<\/p>\n<table width=\"999\" border=\"0\" cellpadding=\"2\" cellspacing=\"0\" unselectable=\"on\">\n<tbody>\n<img loading=\"lazy\" decoding=\"async\" src=\"https:\/\/www.poetamatusel.org\/wp-content\/uploads\/2017\/01\/Foresta-cosiddetta-nera-Foto-Guido-Comin-PoetaMatusel--1024x768.jpg\" title=\"Nella famosa Foresta, cosiddetta Nera - Foto Guido Comin PoetaMatus\u00e8l\" width=\"640\" height=\"480\" class=\"alignleft size-large wp-image-6923\" srcset=\"https:\/\/www.poetamatusel.org\/wp-content\/uploads\/2017\/01\/Foresta-cosiddetta-nera-Foto-Guido-Comin-PoetaMatusel--1024x768.jpg 1024w, https:\/\/www.poetamatusel.org\/wp-content\/uploads\/2017\/01\/Foresta-cosiddetta-nera-Foto-Guido-Comin-PoetaMatusel--300x225.jpg 300w, https:\/\/www.poetamatusel.org\/wp-content\/uploads\/2017\/01\/Foresta-cosiddetta-nera-Foto-Guido-Comin-PoetaMatusel--768x576.jpg 768w\" sizes=\"auto, (max-width: 640px) 100vw, 640px\" \/><\/p>\n<tr>\n<td  valign=\"top\" width=\"999\"><\/td>\n<\/tr>\n<\/tbody>\n<\/table>\n<p>&nbsp;<\/p>\n<p style=\"padding-left:40px;\"><em>Dedicata a tutte quelle Donne<br \/>\nche non ho smesso mai di Amare <\/em> <\/p>\n<p>&nbsp;<\/p>\n<p style=\"padding-left:0px;\">Siamo oggi entrambi,<br \/>\nTu ed io, ancora qua;<br \/>\ndomani cosa importa,<br \/>\nche forse mai sar\u00e0?<br \/>\nTi guardo, sei bella,<br \/>\npiaci troppo, te lo grido!<br \/>\nSenza falsi pudori,<br \/>\ndubbi, ipocrite perifrasi.<br \/>\nAnche perch\u00e9 potrei,<br \/>\npresto, pi\u00f9 non esserci.<br \/>\nE intanto proseguiamo<br \/>\nsenza parole il viaggio,<br \/>\nla nebbia blocca il respiro<br \/>\ne offusca gli occhi,<br \/>\ne nemmeno stiamo vicini,<br \/>\neppure sei Tu che vivi<br \/>\nin uno di quegli angoli<br \/>\ndi cuore, dove Tu sola<br \/>\npotresti abitare.<br \/>\nIn quelle stanze dell\u2019anima,<br \/>\ndove in grandi boschi,<br \/>\nlussureggianti di sogni,<br \/>\npasseggiano inquieti<br \/>\nspiriti di amori mai finiti.<br \/>\nE poi io non vorrei che,<br \/>\ndopo il mio trapasso,<br \/>\nTu dovessi tormentarti<br \/>\nnel ri-chiederti:<em> Chiss\u00e0,<br \/>\nse forse era lui l\u2019unico,<br \/>\nlui che non diceva, ma<br \/>\nin realt\u00e0 ardentemente<br \/>\nmi adorava? <\/em>  <\/p>\n<p>&nbsp;<\/p>\n<p>&nbsp;<\/p>\n<table width=\"999\" border=\"0\" cellpadding=\"2\" cellspacing=\"0\" unselectable=\"on\">\n<tbody>\n<img loading=\"lazy\" decoding=\"async\" src=\"https:\/\/www.poetamatusel.org\/wp-content\/uploads\/2017\/01\/Nel-bosco-dei-sogni-Foto-Guido-Comin-PoetaMatusel--1024x768.jpg\" title=\"Nel Bosco dei Sogni - Foto Guido Comin PoetaMatus\u00e8l\" width=\"640\" height=\"480\" class=\"alignleft size-large wp-image-6924\" srcset=\"https:\/\/www.poetamatusel.org\/wp-content\/uploads\/2017\/01\/Nel-bosco-dei-sogni-Foto-Guido-Comin-PoetaMatusel--1024x768.jpg 1024w, https:\/\/www.poetamatusel.org\/wp-content\/uploads\/2017\/01\/Nel-bosco-dei-sogni-Foto-Guido-Comin-PoetaMatusel--300x225.jpg 300w, https:\/\/www.poetamatusel.org\/wp-content\/uploads\/2017\/01\/Nel-bosco-dei-sogni-Foto-Guido-Comin-PoetaMatusel--768x576.jpg 768w\" sizes=\"auto, (max-width: 640px) 100vw, 640px\" \/><\/p>\n<tr>\n<td  valign=\"top\" width=\"999\"><\/td>\n<\/tr>\n<\/tbody>\n<\/table>\n<p>&nbsp;<\/p>\n<p>&nbsp;<\/p>\n<p><a href=\"http:\/\/poetamatusel.files.wordpress.com\/2012\/10\/icon-for-audio-files.jpg\"><img loading=\"lazy\" decoding=\"async\" src=\"http:\/\/poetamatusel.files.wordpress.com\/2012\/10\/icon-for-audio-files.jpg\" alt=\"\" title=\"AUDIO * FILE * AUDIO\" width=\"35\" height=\"35\" class=\"alignleft wp-image-2897\" \/><\/a>  <strong>PoetaMatus\u00e8l legge<br \/>\nOGGI QUA, DOMANI CHISS\u00c0 \u2026 <\/strong>  <\/p>\n<audio class=\"wp-audio-shortcode\" id=\"audio-6922-1\" preload=\"none\" style=\"width: 100%;\" controls=\"controls\"><source type=\"audio\/mpeg\" src=\"https:\/\/www.poetamatusel.org\/wp-content\/uploads\/2017\/01\/OGGI-QUA-DOMANI-CHISSA-1.mp3?_=1\" \/><a href=\"https:\/\/www.poetamatusel.org\/wp-content\/uploads\/2017\/01\/OGGI-QUA-DOMANI-CHISSA-1.mp3\">https:\/\/www.poetamatusel.org\/wp-content\/uploads\/2017\/01\/OGGI-QUA-DOMANI-CHISSA-1.mp3<\/a><\/audio>\n<p>&nbsp;<br \/>\n&nbsp;<br \/>\n&nbsp;<\/p>\n<p><img loading=\"lazy\" decoding=\"async\" src=\"https:\/\/www.poetamatusel.org\/wp-content\/uploads\/2017\/01\/Viole-di-marzo-Foto-Guido-Comin-150x150.jpg\" title=\"Profumo di quasi-primavera - Foto Guido Comin PoetaMatus\u00e8l\" width=\"150\" height=\"150\" class=\"alignleft size-thumbnail wp-image-6930\" \/>&nbsp;&nbsp;<\/p>\n<p style=\"padding-left:40px;\"><em>Prezioso Visitatore che mi leggi, un breve commento, anche solo un saluto, non ti costa che un piccolissimo sforzo, per\u00f2 far\u00e0 un enorme piacere a me, quando lo legger\u00f2! Grazie di cuore!! <\/em> &nbsp; :O)<\/p>\n<p>&nbsp;<\/p>\n<p style=\"padding-top:30px;\">\n<p><span style=\"font-family:'Arial Narrow Special G1';font-size:small;\">Copyright  \u00a9 2017 Guido Comin PoetaMatus\u00e8l &#8211;  Belluno, Italy. All rights reserved.<\/span><\/p>\n<p>&nbsp;<\/p>\n<p>.<\/p>\n","protected":false},"excerpt":{"rendered":"<p>&nbsp; &nbsp; Dedicata a tutte quelle Donne che non ho smesso mai di Amare &nbsp; Siamo oggi entrambi, Tu ed io, ancora qua; domani cosa importa, che forse mai sar\u00e0? Ti guardo, sei bella, piaci troppo, te lo grido! Senza falsi pudori, dubbi, ipocrite perifrasi. Anche perch\u00e9 potrei, presto, pi\u00f9 non esserci. E intanto proseguiamo [&hellip;]<\/p>\n","protected":false},"author":1,"featured_media":0,"comment_status":"open","ping_status":"open","sticky":false,"template":"","format":"standard","meta":{"footnotes":""},"categories":[5,13,6],"tags":[124,311,362,722,790,857,1110,2738],"class_list":["post-6922","post","type-post","status-publish","format-standard","hentry","category-poesia-contemporanea-2","category-poesia-italiana","category-poetry-poesia","tag-amore","tag-bellezza","tag-bosco","tag-cuore","tag-dichiarazione","tag-donne","tag-foresta","tag-sogni"],"_links":{"self":[{"href":"https:\/\/www.poetamatusel.org\/index.php?rest_route=\/wp\/v2\/posts\/6922","targetHints":{"allow":["GET"]}}],"collection":[{"href":"https:\/\/www.poetamatusel.org\/index.php?rest_route=\/wp\/v2\/posts"}],"about":[{"href":"https:\/\/www.poetamatusel.org\/index.php?rest_route=\/wp\/v2\/types\/post"}],"author":[{"embeddable":true,"href":"https:\/\/www.poetamatusel.org\/index.php?rest_route=\/wp\/v2\/users\/1"}],"replies":[{"embeddable":true,"href":"https:\/\/www.poetamatusel.org\/index.php?rest_route=%2Fwp%2Fv2%2Fcomments&post=6922"}],"version-history":[{"count":15,"href":"https:\/\/www.poetamatusel.org\/index.php?rest_route=\/wp\/v2\/posts\/6922\/revisions"}],"predecessor-version":[{"id":7945,"href":"https:\/\/www.poetamatusel.org\/index.php?rest_route=\/wp\/v2\/posts\/6922\/revisions\/7945"}],"wp:attachment":[{"href":"https:\/\/www.poetamatusel.org\/index.php?rest_route=%2Fwp%2Fv2%2Fmedia&parent=6922"}],"wp:term":[{"taxonomy":"category","embeddable":true,"href":"https:\/\/www.poetamatusel.org\/index.php?rest_route=%2Fwp%2Fv2%2Fcategories&post=6922"},{"taxonomy":"post_tag","embeddable":true,"href":"https:\/\/www.poetamatusel.org\/index.php?rest_route=%2Fwp%2Fv2%2Ftags&post=6922"}],"curies":[{"name":"wp","href":"https:\/\/api.w.org\/{rel}","templated":true}]}}