{"id":6880,"date":"2017-01-10T22:44:16","date_gmt":"2017-01-10T21:44:16","guid":{"rendered":"http:\/\/www.poetamatusel.org\/?p=6880"},"modified":"2022-12-10T13:19:08","modified_gmt":"2022-12-10T12:19:08","slug":"doi-comare-domenega-dopo-la-mesa","status":"publish","type":"post","link":"https:\/\/www.poetamatusel.org\/?p=6880","title":{"rendered":"DOI COMARE, DOMENEGA DOPO LA MESSA"},"content":{"rendered":"<p>&nbsp;<\/p>\n<table width=\"999\" border=\"0\" cellpadding=\"2\" cellspacing=\"0\" unselectable=\"on\">\n<tbody>\n<img loading=\"lazy\" decoding=\"async\" src=\"https:\/\/www.poetamatusel.org\/wp-content\/uploads\/2017\/01\/S.-Maria-dei-Battuti-Belluno-Foto-Guido-Comin-PoetaMatusel--720x1024.jpg\" title=\"S. Maria dei Battuti, Belluno - Foto Guido Comin PoetaMatus\u00e8l\" width=\"640\" height=\"910\" class=\"size-large wp-image-6881\" srcset=\"https:\/\/www.poetamatusel.org\/wp-content\/uploads\/2017\/01\/S.-Maria-dei-Battuti-Belluno-Foto-Guido-Comin-PoetaMatusel--720x1024.jpg 720w, https:\/\/www.poetamatusel.org\/wp-content\/uploads\/2017\/01\/S.-Maria-dei-Battuti-Belluno-Foto-Guido-Comin-PoetaMatusel--211x300.jpg 211w, https:\/\/www.poetamatusel.org\/wp-content\/uploads\/2017\/01\/S.-Maria-dei-Battuti-Belluno-Foto-Guido-Comin-PoetaMatusel--768x1092.jpg 768w\" sizes=\"auto, (max-width: 640px) 100vw, 640px\" \/>\n<tr>\n<td  valign=\"top\" width=\"999\"><\/td>\n<\/tr>\n<\/tbody>\n<\/table>\n<p>&nbsp;<\/p>\n<p style=\"padding-left:0px;\">Satu che \u2019l \u00e9 mort Guidhino de la G\u00e8nia?<br \/>\n<em>Me dhespiaser\u00ece, se \u2019l fusse mort, par che<br \/>\n\u2019l era un bravo bocia, bon tosat, poar\u00e9to!<br \/>\nMa no \u2019l \u00e9 mort, no, \u2019l \u00e9 sol torn\u00e0 da novo<br \/>\nvia par le so Inghiltere, adh\u00e8sso no so p\u00ec \u2019nd\u00e9.<\/em><br \/>\nI dhis\u00e8a che \u2019l av\u00e8a fat al camerier, ma che<br \/>\ndopo, co ghe \u00e9 gn\u00e9st la goia, al ha anca studi\u00e0.<br \/>\n<em>Ma \u00e8relo qua in Italia, adh\u00e8sso, st\u00e8elo a Bel\u00f9n?<\/em><br \/>\nS\u00ec, cara, ma ti \u00e9ritu \u2019nd\u00e9, ti che no t\u2019el ha vist?<br \/>\nPar mi, \u2019l sar\u00e0 torn\u00e0 in Germania a far gelati:<br \/>\ni ha dhit che ghe pias\u00e8a e che \u2019l \u00e8ra anca<br \/>\nbrav\u00e9t, i ha sempre parl\u00e0 b\u00e9n de lu i so paroni.<br \/>\n<em>Mi ghe ol\u00e8e b\u00e9n, ma adh\u00e8sso chi lo v\u00e9dhe p\u00ec,<br \/>\ngner\u00e0lo \u2019lmanco al me funeral, co sar\u00e0 ora?<\/em><br \/>\nUtu che \u2019l torne da coss\u00ec lontan, proprio par ti?<br \/>\nL\u2019importante \u2019l \u00e9 sol che lu \u2019l stae b\u00e9n adh\u00e8sso,<br \/>\n\u2019nd\u00e9 che \u2019l \u00e9, magari anca se \u2019l fusse in Russia,<br \/>\na farghe \u2019l gelato a Put\u00ecn e a tuti i so compari!\n <\/p>\n<p>&nbsp;<\/p>\n<p>&nbsp;<\/p>\n<table width=\"999\" border=\"0\" cellpadding=\"2\" cellspacing=\"0\" unselectable=\"on\">\n<tbody>\n<p><img loading=\"lazy\" decoding=\"async\" src=\"https:\/\/www.poetamatusel.org\/wp-content\/uploads\/2017\/01\/Il-duomo-di-Belluno-Foto-Guido-Comin-PoetaMatusel--201x300.jpg\" title=\"Il duomo di Belluno - Foto Guido Comin PoetaMatus\u00e8l\" width=\"301\" height=\"400\" class=\"alignleft size-medium wp-image-6882\" \/><\/p>\n<tr>\n<td  valign=\"top\" width=\"999\"><\/td>\n<\/tr>\n<\/tbody>\n<\/table>\n<p>&nbsp;<\/p>\n<p>&nbsp;<\/p>\n<p><img loading=\"lazy\" decoding=\"async\" src=\"https:\/\/www.poetamatusel.org\/wp-content\/uploads\/2016\/12\/icon-for-audio-files.jpg\" alt=\"\" width=\"40\" height=\"40\" class=\"alignleft size-full wp-image-5374\" \/> <strong>PoetaMatus\u00e8l legge<br \/>\nDOI COMARE, DOMENEGA DOPO LA MESSA <\/strong>  <\/p>\n<audio class=\"wp-audio-shortcode\" id=\"audio-6880-1\" preload=\"none\" style=\"width: 100%;\" controls=\"controls\"><source type=\"audio\/mpeg\" src=\"https:\/\/www.poetamatusel.org\/wp-content\/uploads\/2017\/01\/DOI-COMARE-DOMENEGA-DOPO-LA-MESA.mp3?_=1\" \/><a href=\"https:\/\/www.poetamatusel.org\/wp-content\/uploads\/2017\/01\/DOI-COMARE-DOMENEGA-DOPO-LA-MESA.mp3\">https:\/\/www.poetamatusel.org\/wp-content\/uploads\/2017\/01\/DOI-COMARE-DOMENEGA-DOPO-LA-MESA.mp3<\/a><\/audio>\n<p>&nbsp;<br \/>\n&nbsp;<\/p>\n<p><img loading=\"lazy\" decoding=\"async\" src=\"https:\/\/www.poetamatusel.org\/wp-content\/uploads\/2012\/10\/youtube-button.jpg\" alt=\"\" width=\"45\" height=\"42\" class=\"alignleft wp-image-2874\" \/>&nbsp;<strong>Il sottofondo musicale \u00e8 <\/strong><a href=\"https:\/\/youtu.be\/tXzGacTeU68\" target=\"_blank\" rel=\"noopener\">&#8220;La domenica andando alla messa&#8221; eseguita da Cenayan<\/a><\/p>\n<p>&nbsp;<br \/>\n&nbsp;<br \/>\n&nbsp;<\/p>\n<p><img loading=\"lazy\" decoding=\"async\" src=\"https:\/\/www.poetamatusel.org\/wp-content\/uploads\/2017\/01\/Viole-di-marzo-Foto-Guido-Comin-150x150.jpg\" title=\"Profumo di quasi-primavera - Foto Guido Comin PoetaMatus\u00e8l\" width=\"130\" height=\"130\" class=\"alignleft size-thumbnail wp-image-6930\" \/> <\/p>\n<p style=\"padding-left:40px;\"><em>Prezioso Visitatore che mi leggi, un breve commento, anche solo un saluto, non ti costa che un piccolissimo sforzo, per\u00f2 far\u00e0 un enorme piacere a me, quando lo legger\u00f2! Grazie di cuore!! <\/em> &nbsp; :O)<\/p>\n<p>&nbsp;<\/p>\n<p style=\"padding-top:30px;\">\n<p><span style=\"font-family:'Arial Narrow Special G1';font-size:small;\">Copyright  \u00a9 2017 Guido Comin PoetaMatus\u00e8l &#8211;  Belluno, Italy. All rights reserved.<\/span><\/p>\n<p>&nbsp;<\/p>\n<p>.<\/p>\n","protected":false},"excerpt":{"rendered":"<p>&nbsp; &nbsp; Satu che \u2019l \u00e9 mort Guidhino de la G\u00e8nia? Me dhespiaser\u00ece, se \u2019l fusse mort, par che \u2019l era un bravo bocia, bon tosat, poar\u00e9to! Ma no \u2019l \u00e9 mort, no, \u2019l \u00e9 sol torn\u00e0 da novo via par le so Inghiltere, adh\u00e8sso no so p\u00ec \u2019nd\u00e9. I dhis\u00e8a che \u2019l av\u00e8a fat [&hellip;]<\/p>\n","protected":false},"author":1,"featured_media":0,"comment_status":"open","ping_status":"open","sticky":false,"template":"","format":"standard","meta":{"footnotes":""},"categories":[2,11,5,12,6],"tags":[3232,3229,3233,3231,3230],"class_list":["post-6880","post","type-post","status-publish","format-standard","hentry","category-contemporary-poetry-2","category-poesia-bellunese","category-poesia-contemporanea-2","category-poesia-dialettale-poetry-poesia","category-poetry-poesia","tag-bale","tag-belun","tag-comare","tag-domenega","tag-mesa"],"_links":{"self":[{"href":"https:\/\/www.poetamatusel.org\/index.php?rest_route=\/wp\/v2\/posts\/6880","targetHints":{"allow":["GET"]}}],"collection":[{"href":"https:\/\/www.poetamatusel.org\/index.php?rest_route=\/wp\/v2\/posts"}],"about":[{"href":"https:\/\/www.poetamatusel.org\/index.php?rest_route=\/wp\/v2\/types\/post"}],"author":[{"embeddable":true,"href":"https:\/\/www.poetamatusel.org\/index.php?rest_route=\/wp\/v2\/users\/1"}],"replies":[{"embeddable":true,"href":"https:\/\/www.poetamatusel.org\/index.php?rest_route=%2Fwp%2Fv2%2Fcomments&post=6880"}],"version-history":[{"count":21,"href":"https:\/\/www.poetamatusel.org\/index.php?rest_route=\/wp\/v2\/posts\/6880\/revisions"}],"predecessor-version":[{"id":7685,"href":"https:\/\/www.poetamatusel.org\/index.php?rest_route=\/wp\/v2\/posts\/6880\/revisions\/7685"}],"wp:attachment":[{"href":"https:\/\/www.poetamatusel.org\/index.php?rest_route=%2Fwp%2Fv2%2Fmedia&parent=6880"}],"wp:term":[{"taxonomy":"category","embeddable":true,"href":"https:\/\/www.poetamatusel.org\/index.php?rest_route=%2Fwp%2Fv2%2Fcategories&post=6880"},{"taxonomy":"post_tag","embeddable":true,"href":"https:\/\/www.poetamatusel.org\/index.php?rest_route=%2Fwp%2Fv2%2Ftags&post=6880"}],"curies":[{"name":"wp","href":"https:\/\/api.w.org\/{rel}","templated":true}]}}