{"id":687,"date":"2010-12-19T19:00:03","date_gmt":"2010-12-19T18:00:03","guid":{"rendered":"http:\/\/poetapazzo.wordpress.com\/?p=687"},"modified":"2010-12-19T19:00:03","modified_gmt":"2010-12-19T18:00:03","slug":"varda-i-radici-da-pra","status":"publish","type":"post","link":"https:\/\/www.poetamatusel.org\/?p=687","title":{"rendered":"VARDHA I RADHICI DA PRA&#8217;!!"},"content":{"rendered":"<p style=\"padding-left:30px;\">\n<h3>Intant<\/h3>\n<h3>che mi sp\u00e8te,<\/h3>\n<h3>i radhici da pra&#8217;<\/h3>\n<p><a href=\"https:\/\/www.poetamatusel.org\/wp-content\/uploads\/2010\/09\/flowers_250.jpg\"><img loading=\"lazy\" decoding=\"async\" class=\"alignnone size-full wp-image-72\" title=\"SI Exif\" src=\"https:\/\/www.poetamatusel.org\/wp-content\/uploads\/2010\/09\/flowers_250.jpg\" alt=\"\" width=\"250\" height=\"187\" \/><\/a><\/p>\n<h3 style=\"padding-left:270px;\">(che ancora<\/h3>\n<h3 style=\"padding-left:270px;\">no i \u00e8ra nas\u00e9sti!)<\/h3>\n<p style=\"padding-left:270px;\"><a href=\"https:\/\/www.poetamatusel.org\/wp-content\/uploads\/2010\/09\/images2.jpeg\"><img loading=\"lazy\" decoding=\"async\" class=\"size-full wp-image-73 alignnone\" title=\"images2\" src=\"https:\/\/www.poetamatusel.org\/wp-content\/uploads\/2010\/09\/images2.jpeg\" alt=\"\" width=\"137\" height=\"103\" \/><\/a><\/p>\n<h3 style=\"padding-left:30px;\">i ha fat anca<\/h3>\n<p style=\"padding-left:60px;\">\n<h3 style=\"padding-left:30px;\">i FIOR!<\/h3>\n<p style=\"padding-left:30px;\"><a href=\"https:\/\/www.poetamatusel.org\/wp-content\/uploads\/2010\/09\/dandelion.jpg\"><img loading=\"lazy\" decoding=\"async\" class=\"alignnone size-medium wp-image-70\" title=\"DANDELION\" src=\"https:\/\/www.poetamatusel.org\/wp-content\/uploads\/2010\/09\/dandelion.jpg?w=300\" alt=\"\" width=\"180\" height=\"135\" srcset=\"https:\/\/www.poetamatusel.org\/wp-content\/uploads\/2010\/09\/dandelion.jpg 353w, https:\/\/www.poetamatusel.org\/wp-content\/uploads\/2010\/09\/dandelion-300x225.jpg 300w\" sizes=\"auto, (max-width: 180px) 100vw, 180px\" \/><\/a><\/p>\n<h3 style=\"padding-left:240px;\">E i \u00e9 b\u00e8i<\/h3>\n<h3 style=\"padding-left:240px;\">anca lori,\u00a0poar\u00e9ti,<\/h3>\n<h3 style=\"padding-left:240px;\">con tut quel b\u00e8l gial<\/h3>\n<h3 style=\"padding-left:240px;\">in medo ai<\/h3>\n<h3 style=\"padding-left:240px;\">pra&#8217; v\u00e9rt!<\/h3>\n<p style=\"padding-left:240px;\"><a href=\"https:\/\/www.poetamatusel.org\/wp-content\/uploads\/2010\/09\/dandelion_7177.jpg\"><img loading=\"lazy\" decoding=\"async\" class=\"size-medium wp-image-71 alignnone\" title=\"Dandelion_7177\" src=\"https:\/\/www.poetamatusel.org\/wp-content\/uploads\/2010\/09\/dandelion_7177.jpg?w=300\" alt=\"\" width=\"273\" height=\"181\" srcset=\"https:\/\/www.poetamatusel.org\/wp-content\/uploads\/2010\/09\/dandelion_7177.jpg 530w, https:\/\/www.poetamatusel.org\/wp-content\/uploads\/2010\/09\/dandelion_7177-300x200.jpg 300w\" sizes=\"auto, (max-width: 273px) 100vw, 273px\" \/><\/a><\/p>\n<h3 style=\"padding-left:90px;\">Per\u00f2<\/h3>\n<h3 style=\"padding-left:90px;\">te se\u00a0b\u00e8la\u00a0anca ti<\/h3>\n<h3 style=\"padding-left:90px;\">e a mi,<\/h3>\n<h3 style=\"padding-left:240px;\">benedeto signor,<\/h3>\n<h3 style=\"padding-left:240px;\">te me<\/h3>\n<h3 style=\"padding-left:240px;\">piase\u00a0<em><strong>anca massa<\/strong><\/em>!!<\/h3>\n<p style=\"padding-left:360px;\">\n<p style=\"padding-left:360px;\">\n<p style=\"padding-left:360px;\">\n<p style=\"padding-left:360px;\">\n<p style=\"padding-left:360px;\">\n<p style=\"padding-left:60px;\">&nbsp;<\/p>\n<p style=\"padding-left:60px;\">&nbsp;<\/p>\n<p style=\"padding-left:60px;\">&nbsp;<\/p>\n<p>@UDIO *** PoetaPazzo legge la poesia:<br \/>\n<a href=\"http:\/\/poetapazzo.files.wordpress.com\/2010\/12\/vardha-i-radhici-da-pra.mp3\">Vardha i radhici da pra&#8217;!!<\/a><\/p>\n<p style=\"padding-left:360px;\">\n<p>&nbsp;<\/p>\n<p style=\"padding-left:60px;\">&nbsp;<\/p>\n<p style=\"padding-left:60px;\">&nbsp;<\/p>\n<p>Qui trovate invece la versione video di questa poesia:<br \/>\n<a href=\"http:\/\/www.facebook.com\/video\/video.php?v=10150227203487549\">http:\/\/www.facebook.com\/video\/video.php?v=10150227203487549<\/a><\/p>\n<p style=\"padding-left:60px;\">&nbsp;<\/p>\n<p style=\"padding-left:60px;\">&nbsp;<\/p>\n<p style=\"padding-left:60px;\">&nbsp;<\/p>\n<p style=\"padding-left:360px;\">\n<p style=\"padding-left:360px;\">\n<p style=\"padding-left:360px;\">\n<h6 style=\"padding-left:30px;\"><em>Copyright \u00a9 2010 Guido Comin \u2013 Belluno, Italy. All rights reserved.<\/em><\/h6>\n<p style=\"padding-left:360px;\">\n<p style=\"padding-left:360px;\">\n<p style=\"padding-left:360px;\"><em><br \/>\n<\/em><\/p>\n","protected":false},"excerpt":{"rendered":"<p>Intant che mi sp\u00e8te, i radhici da pra&#8217; (che ancora no i \u00e8ra nas\u00e9sti!) i ha fat anca i FIOR! E i \u00e9 b\u00e8i anca lori,\u00a0poar\u00e9ti, con tut quel b\u00e8l gial in medo ai pra&#8217; v\u00e9rt! Per\u00f2 te se\u00a0b\u00e8la\u00a0anca ti e a mi, benedeto signor, te me piase\u00a0anca massa!! &nbsp; &nbsp; &nbsp; @UDIO *** PoetaPazzo [&hellip;]<\/p>\n","protected":false},"author":1,"featured_media":0,"comment_status":"open","ping_status":"open","sticky":false,"template":"","format":"standard","meta":{"footnotes":""},"categories":[6],"tags":[237,319,608,609,688,782,1061,1063,1877,2129,2223,2230,2235,2251,2310,2312,2779,2881],"class_list":["post-687","post","type-post","status-publish","format-standard","hentry","category-poetry-poesia","tag-attesa","tag-bellezza-naturale","tag-colore-giallo","tag-colore-verde","tag-corteggiamento","tag-dialetto-bellunese","tag-fiori","tag-fiori-di-campo","tag-natura","tag-pazienza","tag-poesia","tag-poesia-damore","tag-poesia-dialettale","tag-poesia-lirica","tag-prati","tag-prato","tag-speranza","tag-tarassaco"],"_links":{"self":[{"href":"https:\/\/www.poetamatusel.org\/index.php?rest_route=\/wp\/v2\/posts\/687","targetHints":{"allow":["GET"]}}],"collection":[{"href":"https:\/\/www.poetamatusel.org\/index.php?rest_route=\/wp\/v2\/posts"}],"about":[{"href":"https:\/\/www.poetamatusel.org\/index.php?rest_route=\/wp\/v2\/types\/post"}],"author":[{"embeddable":true,"href":"https:\/\/www.poetamatusel.org\/index.php?rest_route=\/wp\/v2\/users\/1"}],"replies":[{"embeddable":true,"href":"https:\/\/www.poetamatusel.org\/index.php?rest_route=%2Fwp%2Fv2%2Fcomments&post=687"}],"version-history":[{"count":0,"href":"https:\/\/www.poetamatusel.org\/index.php?rest_route=\/wp\/v2\/posts\/687\/revisions"}],"wp:attachment":[{"href":"https:\/\/www.poetamatusel.org\/index.php?rest_route=%2Fwp%2Fv2%2Fmedia&parent=687"}],"wp:term":[{"taxonomy":"category","embeddable":true,"href":"https:\/\/www.poetamatusel.org\/index.php?rest_route=%2Fwp%2Fv2%2Fcategories&post=687"},{"taxonomy":"post_tag","embeddable":true,"href":"https:\/\/www.poetamatusel.org\/index.php?rest_route=%2Fwp%2Fv2%2Ftags&post=687"}],"curies":[{"name":"wp","href":"https:\/\/api.w.org\/{rel}","templated":true}]}}