{"id":6854,"date":"2016-12-29T21:06:00","date_gmt":"2016-12-29T20:06:00","guid":{"rendered":"http:\/\/www.poetamatusel.org\/?p=6854"},"modified":"2017-01-22T02:29:46","modified_gmt":"2017-01-22T01:29:46","slug":"andare-per-boschi-col-diavolo","status":"publish","type":"post","link":"https:\/\/www.poetamatusel.org\/?p=6854","title":{"rendered":"ANDARE PER BOSCHI\u2026 COL DIAVOLO!"},"content":{"rendered":"<p>&nbsp;<\/p>\n<table width=\"999\" border=\"0\" cellpadding=\"2\" cellspacing=\"0\" unselectable=\"on\">\n<tbody>\n<p><img loading=\"lazy\" decoding=\"async\" src=\"https:\/\/www.poetamatusel.org\/wp-content\/uploads\/2016\/12\/Fragoline-dellamicizia-Foto-Guido-Comin-PoetaMatusel--1024x759.jpg\" title=\"Fragoline dell'amicizia - Foto Guido Comin PoetaMatus\u00e8l\" width=\"640\" height=\"474\" class=\"alignleft size-large wp-image-6855\" srcset=\"https:\/\/www.poetamatusel.org\/wp-content\/uploads\/2016\/12\/Fragoline-dellamicizia-Foto-Guido-Comin-PoetaMatusel--1024x759.jpg 1024w, https:\/\/www.poetamatusel.org\/wp-content\/uploads\/2016\/12\/Fragoline-dellamicizia-Foto-Guido-Comin-PoetaMatusel--300x222.jpg 300w, https:\/\/www.poetamatusel.org\/wp-content\/uploads\/2016\/12\/Fragoline-dellamicizia-Foto-Guido-Comin-PoetaMatusel--768x569.jpg 768w\" sizes=\"auto, (max-width: 640px) 100vw, 640px\" \/><\/p>\n<tr>\n<td  valign=\"top\" width=\"999\"><\/td>\n<\/tr>\n<\/tbody>\n<\/table>\n<p>&nbsp;<\/p>\n<p style=\"padding-left:200px;\"><em>A mia madre Corinna,<br \/>\na Diaolin Giuliano Natali<br \/>\ne a tutte le Amiche<br \/>\ne tutti gli Amici<br \/>\nche ho lasciati <\/em><\/p>\n<p>&nbsp;<\/p>\n<p style=\"padding-left:40px;\">Nel bosco, i folletti nascondono bacche,<br \/>\nche mani sapienti per\u00f2 colgono e donano.<br \/>\nQuando \u00e8 stata l\u2019ultima volta che un amico<br \/>\nper voi ha raccolto nel bosco le fragoline?<br \/>\nE qui tutto mi parla di vite passate, lontane,<br \/>\nquando ancora correvo \u2013 ginocchia bucate \u2013<br \/>\ntra i colli, ritagli di prato e lontano torrente.<br \/>\nS\u00ec, tutto qui parla di come io sono cresciuto,<br \/>\nquasi figlio adottivo di una natura selvaggia,<br \/>\nche ancora mi porto dentro e ancora mi salva,<br \/>\nquando a volte ci provano a farmi scimmietta<br \/>\nammaestrata, ma io, maledetti, sono figlio di<br \/>\nTarzan (capite?): mia madre, ribelle per forza,<br \/>\ncontro un mondo che gi\u00e0 pretendeva totale<br \/>\nconformit\u00e0 ai suoi dannatissimi canoni, alle<br \/>\nbieche regole assurde, disumane, dettate da chi<br \/>\nnulla sapeva di cosa fosse la Vita vera, umana,<br \/>\nnon divina, per modo di dire, cio\u00e8 proprio di<br \/>\nquesta terra e non di pianeti lontani, di favole<br \/>\nche normale bambino, se non gi\u00e0 indottrinato,<br \/>\nnon accetterebbe, se non come favole, appunto.<br \/>\nEd ecco che io ci sono, ad ogni costo, perfino<br \/>\ndella sua vita, di quella donna caparbia, tenace,<br \/>\nstupenda guerriera che mai volle cedere, mai!<br \/>\nIn una specie di limbo, ora, non provo a capire:<br \/>\nmi sento come chi sa bene di entrare in sala<br \/>\noperatoria per un intervento salvavita, bench\u00e9<br \/>\nil prezzo gi\u00e0 chiaro, accertato, sia l\u2019amputazione.<br \/>\nEppure la Vita continua? <em>The show must go on?<\/em><br \/>\nMa chi lo decide? Nessun parlamento, n\u00e9 d\u00e8i<br \/>\nn\u00e9 de\u00e9sse! Questa la decido io, se alle spalle<br \/>\nmi lascio il meglio di quanto sono io stesso!     <\/p>\n<p>&nbsp;<\/p>\n<p>&nbsp;<\/p>\n<table width=\"999\" border=\"0\" cellpadding=\"2\" cellspacing=\"0\" unselectable=\"on\">\n<tbody>\n<p><img loading=\"lazy\" decoding=\"async\" src=\"https:\/\/www.poetamatusel.org\/wp-content\/uploads\/2016\/12\/Il-diavolo-va-pel-bosco-Foto-Guido-Comin-PoetaMatusel--1024x738.jpg\" title=\"Il diavolo va pel bosco - Foto Guido Comin PoetaMatus\u00e8l\" width=\"640\" height=\"461\" class=\"alignleft size-large wp-image-6856\" srcset=\"https:\/\/www.poetamatusel.org\/wp-content\/uploads\/2016\/12\/Il-diavolo-va-pel-bosco-Foto-Guido-Comin-PoetaMatusel--1024x738.jpg 1024w, https:\/\/www.poetamatusel.org\/wp-content\/uploads\/2016\/12\/Il-diavolo-va-pel-bosco-Foto-Guido-Comin-PoetaMatusel--300x216.jpg 300w, https:\/\/www.poetamatusel.org\/wp-content\/uploads\/2016\/12\/Il-diavolo-va-pel-bosco-Foto-Guido-Comin-PoetaMatusel--768x554.jpg 768w\" sizes=\"auto, (max-width: 640px) 100vw, 640px\" \/><\/p>\n<tr>\n<td  valign=\"top\" width=\"999\"><\/td>\n<\/tr>\n<\/tbody>\n<\/table>\n<p>&nbsp;<\/p>\n<p>&nbsp;<\/p>\n<p><a href=\"http:\/\/poetamatusel.files.wordpress.com\/2012\/10\/icon-for-audio-files.jpg\"><img loading=\"lazy\" decoding=\"async\" src=\"http:\/\/poetamatusel.files.wordpress.com\/2012\/10\/icon-for-audio-files.jpg\" alt=\"\" title=\"AUDIO * FILE * AUDIO\" width=\"35\" height=\"35\" class=\"alignleft wp-image-2897\" \/><\/a>  <strong>PoetaMatus\u00e8l legge<br \/>\nANDARE PER BOSCHI\u2026 COL DIAVOLO!<\/strong>  <\/p>\n<audio class=\"wp-audio-shortcode\" id=\"audio-6854-1\" preload=\"none\" style=\"width: 100%;\" controls=\"controls\"><source type=\"audio\/mpeg\" src=\"https:\/\/www.poetamatusel.org\/wp-content\/uploads\/2016\/12\/ANDARE-PER-BOSCHI-COL-DIAVOLO.mp3?_=1\" \/><a href=\"https:\/\/www.poetamatusel.org\/wp-content\/uploads\/2016\/12\/ANDARE-PER-BOSCHI-COL-DIAVOLO.mp3\">https:\/\/www.poetamatusel.org\/wp-content\/uploads\/2016\/12\/ANDARE-PER-BOSCHI-COL-DIAVOLO.mp3<\/a><\/audio>\n<p>&nbsp;<br \/>\n&nbsp;<br \/>\n&nbsp;<\/p>\n<p><img loading=\"lazy\" decoding=\"async\" src=\"https:\/\/www.poetamatusel.org\/wp-content\/uploads\/2017\/01\/Viole-di-marzo-Foto-Guido-Comin-150x150.jpg\" title=\"Profumo di quasi-primavera - Foto Guido Comin PoetaMatus\u00e8l\" width=\"150\" height=\"150\" class=\"alignleft size-thumbnail wp-image-6930\" \/>&nbsp;&nbsp;<\/p>\n<p style=\"padding-left:40px;\"><em>Prezioso Visitatore che mi leggi, un breve commento, anche solo un saluto, non ti costa che un piccolissimo sforzo, per\u00f2 far\u00e0 un enorme piacere a me, quando lo legger\u00f2! Grazie di cuore!! <\/em> &nbsp; :O)<\/p>\n<p>&nbsp;<\/p>\n<p style=\"padding-top:30px;\">\n<p><span style=\"font-family:'Arial Narrow Special G1';font-size:small;\">Copyright  \u00a9 2016 Guido Comin PoetaMatus\u00e8l &#8211;  Belluno, Italy. All rights reserved.<\/span><\/p>\n<p>&nbsp;<\/p>\n<p>.\u2003<\/p>\n","protected":false},"excerpt":{"rendered":"<p>&nbsp; &nbsp; A mia madre Corinna, a Diaolin Giuliano Natali e a tutte le Amiche e tutti gli Amici che ho lasciati &nbsp; Nel bosco, i folletti nascondono bacche, che mani sapienti per\u00f2 colgono e donano. Quando \u00e8 stata l\u2019ultima volta che un amico per voi ha raccolto nel bosco le fragoline? E qui tutto [&hellip;]<\/p>\n","protected":false},"author":1,"featured_media":0,"comment_status":"open","ping_status":"open","sticky":false,"template":"","format":"standard","meta":{"footnotes":""},"categories":[5,13,6],"tags":[118,362,788,1110,1635,1877,2038,2467,3140],"class_list":["post-6854","post","type-post","status-publish","format-standard","hentry","category-poesia-contemporanea-2","category-poesia-italiana","category-poetry-poesia","tag-amicizia","tag-bosco","tag-diavolo","tag-foresta","tag-madre","tag-natura","tag-paesaggio","tag-ribelle","tag-vita"],"_links":{"self":[{"href":"https:\/\/www.poetamatusel.org\/index.php?rest_route=\/wp\/v2\/posts\/6854","targetHints":{"allow":["GET"]}}],"collection":[{"href":"https:\/\/www.poetamatusel.org\/index.php?rest_route=\/wp\/v2\/posts"}],"about":[{"href":"https:\/\/www.poetamatusel.org\/index.php?rest_route=\/wp\/v2\/types\/post"}],"author":[{"embeddable":true,"href":"https:\/\/www.poetamatusel.org\/index.php?rest_route=\/wp\/v2\/users\/1"}],"replies":[{"embeddable":true,"href":"https:\/\/www.poetamatusel.org\/index.php?rest_route=%2Fwp%2Fv2%2Fcomments&post=6854"}],"version-history":[{"count":2,"href":"https:\/\/www.poetamatusel.org\/index.php?rest_route=\/wp\/v2\/posts\/6854\/revisions"}],"predecessor-version":[{"id":6944,"href":"https:\/\/www.poetamatusel.org\/index.php?rest_route=\/wp\/v2\/posts\/6854\/revisions\/6944"}],"wp:attachment":[{"href":"https:\/\/www.poetamatusel.org\/index.php?rest_route=%2Fwp%2Fv2%2Fmedia&parent=6854"}],"wp:term":[{"taxonomy":"category","embeddable":true,"href":"https:\/\/www.poetamatusel.org\/index.php?rest_route=%2Fwp%2Fv2%2Fcategories&post=6854"},{"taxonomy":"post_tag","embeddable":true,"href":"https:\/\/www.poetamatusel.org\/index.php?rest_route=%2Fwp%2Fv2%2Ftags&post=6854"}],"curies":[{"name":"wp","href":"https:\/\/api.w.org\/{rel}","templated":true}]}}