{"id":6615,"date":"2016-05-27T01:21:17","date_gmt":"2016-05-26T23:21:17","guid":{"rendered":"http:\/\/poetamatusel.com\/?p=5466"},"modified":"2016-12-27T15:14:35","modified_gmt":"2016-12-27T14:14:35","slug":"strana-notte-di-verso-fine-maggio","status":"publish","type":"post","link":"https:\/\/www.poetamatusel.org\/?p=6615","title":{"rendered":"STRANA NOTTE DI VERSO FINE MAGGIO"},"content":{"rendered":"<p>&nbsp;<\/p>\n<p><a href=\"https:\/\/www.poetamatusel.org\/wp-content\/uploads\/2016\/05\/merletti-4.jpg\"><img loading=\"lazy\" decoding=\"async\" class=\"alignleft size-large wp-image-5467\" title=\"Nuovi merli di maggio - Foto Guido Comin PoetaMatus\u00e8l\" src=\"https:\/\/www.poetamatusel.org\/wp-content\/uploads\/2016\/05\/merletti-4.jpg?w=640\" width=\"640\" height=\"481\" \/><\/a><\/p>\n<table border=\"0\" width=\"999\" cellspacing=\"0\" cellpadding=\"2\">\n<tbody>\n<tr>\n<td valign=\"top\" width=\"999\"><\/td>\n<\/tr>\n<\/tbody>\n<\/table>\n<p>&nbsp;<\/p>\n<p style=\"padding-left: 240px;\"><em>A &nbsp;\u00a0 M. <\/em><\/p>\n<p>&nbsp;<\/p>\n<p style=\"padding-left: 30px;\">Di fuori, stasera, un tanfo tremendo:<br \/>\nforse hanno aperto di nuovo le stalle.<br \/>\nE forse \u00e8 il profumo della campagna,<br \/>\nperch\u00e9 tutto dipende da come stiamo.<br \/>\nLa luna oramai non \u00e8 gi\u00e0 pi\u00f9 piena<br \/>\ne perseveranti falene rischiano meno<br \/>\nalla tiepida luce del vecchio tavolo,<br \/>\nche in voli, pur liberi, di pipistrelli!<br \/>\nFra i miei cento vani pensieri confusi,<br \/>\nuno non vuole lasciarmi, come quelle<br \/>\ncaparbie falene che ancora svolazzano<br \/>\nl\u00e0, intorno a quel lume; senza senso,<br \/>\ncome loro, si accanisce, mi bussa alla<br \/>\nporta del senno, che nega di aprirgli.<br \/>\nPreferisco pensare se tutti vivranno<br \/>\ni miei piccoli merli, in giardino, e poi<br \/>\nmi chiedo se di nuovo passeggi quel<br \/>\ngiovane riccio inesperto, l\u00e0 fuori, ma<br \/>\nmi trattiene un altro bicchiere di Franc.<br \/>\nVorrei che potessi essere Tu quel sogno<br \/>\nnuovo e stupendo che possa salvarmi,<br \/>\nma, se un sogno, sei un sogno del tutto<br \/>\nproibito e non solo per troppi anni che<br \/>\nci disuniscono, ma perch\u00e9 \u2013 soprattutto \u2013<br \/>\nventi diversi ci portano verso mete a noi<br \/>\ndel tutto ignote e, per entrambi, remote!<\/p>\n<p>&nbsp;<\/p>\n<p>&nbsp;<\/p>\n<p><a href=\"https:\/\/www.poetamatusel.org\/wp-content\/uploads\/2016\/05\/dscn8525.jpg\"><img loading=\"lazy\" decoding=\"async\" class=\"alignleft size-large wp-image-5468\" title=\"Rosa proibita - Foto Guido Comin PoetaMatus\u00e8l\" src=\"https:\/\/www.poetamatusel.org\/wp-content\/uploads\/2016\/05\/dscn8525.jpg?w=640\" width=\"640\" height=\"480\" \/><\/a><\/p>\n<table border=\"0\" width=\"999\" cellspacing=\"0\" cellpadding=\"2\">\n<tbody>\n<tr>\n<td valign=\"top\" width=\"999\"><\/td>\n<\/tr>\n<\/tbody>\n<\/table>\n<p>&nbsp;<\/p>\n<p>&nbsp;<\/p>\n<p><a href=\"https:\/\/www.poetamatusel.org\/wp-content\/uploads\/2012\/10\/icon-for-audio-files.jpg\"><img loading=\"lazy\" decoding=\"async\" class=\"alignleft wp-image-2897\" title=\"AUDIO * FILE * AUDIO\" src=\"https:\/\/www.poetamatusel.org\/wp-content\/uploads\/2012\/10\/icon-for-audio-files.jpg\" alt=\"\" width=\"35\" height=\"35\" \/><\/a> <strong>PoetaMatus\u00e8l legge<br \/>\nSTRANA NOTTE DI VERSO FINE MAGGIO<\/strong><\/p>\n<audio class=\"wp-audio-shortcode\" id=\"audio-6615-1\" preload=\"none\" style=\"width: 100%;\" controls=\"controls\"><source type=\"audio\/mpeg\" src=\"https:\/\/www.poetamatusel.org\/wp-content\/uploads\/2016\/05\/strana-notte-di-verso-fine-maggio.mp3?_=1\" \/><a href=\"https:\/\/www.poetamatusel.org\/wp-content\/uploads\/2016\/05\/strana-notte-di-verso-fine-maggio.mp3\">https:\/\/www.poetamatusel.org\/wp-content\/uploads\/2016\/05\/strana-notte-di-verso-fine-maggio.mp3<\/a><\/audio>\n<p>&nbsp;<br \/>\n&nbsp;<br \/>\n&nbsp;<\/p>\n<p><a href=\"https:\/\/poetamatusel.files.wordpress.com\/2016\/03\/dscn6953.jpg\" rel=\"attachment wp-att-5221\"><img loading=\"lazy\" decoding=\"async\" src=\"https:\/\/poetamatusel.files.wordpress.com\/2016\/03\/dscn6953.jpg?w=150\" title=\"Profumo di quasi primavera \u2013 Foto Guido Comin PoetaMatus\u00e8l\" width=\"150\" height=\"125\" class=\"alignleft size-thumbnail wp-image-5221\" \/><\/a><\/p>\n<p style=\"padding-left:40px;\"><em>Prezioso Visitatore che mi leggi, un breve commento, anche solo un saluto, non ti costa che un piccolissimo sforzo, per\u00f2 far\u00e0 un enorme piacere a me, quando lo legger\u00f2! Grazie di cuore!! <\/em> &nbsp; :O)<\/p>\n<p>&nbsp;<\/p>\n<p style=\"padding-top:30px;\">\n<p><span style=\"font-family:'Arial Narrow Special G1';font-size:small;\">Copyright  \u00a9 2016 Guido Comin PoetaMatus\u00e8l &#8211;  Belluno, Italy. All rights reserved.<\/span><\/p>\n<p>&nbsp;<\/p>\n<p>.<\/p>\n","protected":false},"excerpt":{"rendered":"<p>&nbsp; &nbsp; A &nbsp;\u00a0 M. &nbsp; Di fuori, stasera, un tanfo tremendo: forse hanno aperto di nuovo le stalle. E forse \u00e8 il profumo della campagna, perch\u00e9 tutto dipende da come stiamo. La luna oramai non \u00e8 gi\u00e0 pi\u00f9 piena e perseveranti falene rischiano meno alla tiepida luce del vecchio tavolo, che in voli, pur [&hellip;]<\/p>\n","protected":false},"author":1,"featured_media":0,"comment_status":"open","ping_status":"open","sticky":false,"template":"","format":"standard","meta":{"footnotes":""},"categories":[5,13,6],"tags":[124,815,818,1164,1744,2095,2421,2469,2742,2779,3087],"class_list":["post-6615","post","type-post","status-publish","format-standard","hentry","category-poesia-contemporanea-2","category-poesia-italiana","category-poetry-poesia","tag-amore","tag-distacco","tag-distanza","tag-futuro","tag-merli","tag-partenza","tag-rammarico","tag-riccio","tag-sogno","tag-speranza","tag-vento"],"_links":{"self":[{"href":"https:\/\/www.poetamatusel.org\/index.php?rest_route=\/wp\/v2\/posts\/6615","targetHints":{"allow":["GET"]}}],"collection":[{"href":"https:\/\/www.poetamatusel.org\/index.php?rest_route=\/wp\/v2\/posts"}],"about":[{"href":"https:\/\/www.poetamatusel.org\/index.php?rest_route=\/wp\/v2\/types\/post"}],"author":[{"embeddable":true,"href":"https:\/\/www.poetamatusel.org\/index.php?rest_route=\/wp\/v2\/users\/1"}],"replies":[{"embeddable":true,"href":"https:\/\/www.poetamatusel.org\/index.php?rest_route=%2Fwp%2Fv2%2Fcomments&post=6615"}],"version-history":[{"count":5,"href":"https:\/\/www.poetamatusel.org\/index.php?rest_route=\/wp\/v2\/posts\/6615\/revisions"}],"predecessor-version":[{"id":6849,"href":"https:\/\/www.poetamatusel.org\/index.php?rest_route=\/wp\/v2\/posts\/6615\/revisions\/6849"}],"wp:attachment":[{"href":"https:\/\/www.poetamatusel.org\/index.php?rest_route=%2Fwp%2Fv2%2Fmedia&parent=6615"}],"wp:term":[{"taxonomy":"category","embeddable":true,"href":"https:\/\/www.poetamatusel.org\/index.php?rest_route=%2Fwp%2Fv2%2Fcategories&post=6615"},{"taxonomy":"post_tag","embeddable":true,"href":"https:\/\/www.poetamatusel.org\/index.php?rest_route=%2Fwp%2Fv2%2Ftags&post=6615"}],"curies":[{"name":"wp","href":"https:\/\/api.w.org\/{rel}","templated":true}]}}