{"id":6564,"date":"2016-05-04T23:45:51","date_gmt":"2016-05-04T21:45:51","guid":{"rendered":"http:\/\/poetamatusel.com\/?p=5414"},"modified":"2017-09-03T00:39:23","modified_gmt":"2017-09-02T22:39:23","slug":"ritorna-presto-a-cantare","status":"publish","type":"post","link":"https:\/\/www.poetamatusel.org\/?p=6564","title":{"rendered":"RITORNA PRESTO A CANTARE!"},"content":{"rendered":"<p>&nbsp;<\/p>\n<table width=\"999\" border=\"0\" cellpadding=\"2\" cellspacing=\"0\">\n<tbody>\n<p><a href=\"https:\/\/www.poetamatusel.org\/wp-content\/uploads\/2016\/05\/butterfly-hands-photo-adina-voicu.jpg\"><img loading=\"lazy\" decoding=\"async\" src=\"https:\/\/www.poetamatusel.org\/wp-content\/uploads\/2016\/05\/butterfly-hands-photo-adina-voicu.jpg?w=640\" title=\"Butterfly hands - Photo Adina Voicu\" width=\"640\" height=\"427\" class=\"alignleft size-large wp-image-5415\" \/><\/a><\/p>\n<tr>\n<td valign=\"top\" width=\"999\"><\/td>\n<\/tr>\n<\/tbody>\n<\/table>\n<p>&nbsp;<\/p>\n<p style=\"padding-left:280px;\"><em>A &nbsp; M.<\/em><\/p>\n<p>&nbsp;<\/p>\n<p style=\"padding-left:20px;\">Mi rattrista saperti come sappiamo che sei,<br \/>\ntu, Principessa inattesa di grazia e bellezza,<br \/>\ndolce, deliziosa amica di ore piccole e grandi<br \/>\nsegreti, che volentieri condividiamo nell\u2019etere.  <\/p>\n<p style=\"padding-left:20px;\">Oggi, penso alle tue mani ferite e a tristi, deluse<br \/>\nchitarre in attesa che tu possa presto ridare loro<br \/>\nmusica e vita, accompagnate da angelica voce<br \/>\nche regala all\u2019anima grandi emozioni del <em>fado<\/em>.  <\/p>\n<p style=\"padding-left:20px;\">Vorrei poter essere io quel paladino che venga<br \/>\na difenderti da tutto ci\u00f2 che ti assilla e rattrista,<br \/>\nda malefici professionisti cialtroni e ingegneri<br \/>\nindegni di qualsiasi titolo, se non d\u2019imbroglioni.  <\/p>\n<p style=\"padding-left:20px;\">Per\u00f2 io potrei, ormai, tutt\u2019al pi\u00f9 battermi contro<br \/>\nfantomatici mulini a vento, come un vecchio e<br \/>\nmoderno Chisciotte che ancora, purtroppo, s\u2019illude<br \/>\nche questo mondo in meglio si possa cambiare!  <\/p>\n<p>&nbsp;<\/p>\n<p>&nbsp;<\/p>\n<table width=\"999\" border=\"0\" cellpadding=\"2\" cellspacing=\"0\">\n<tbody>\n<p><a href=\"https:\/\/www.poetamatusel.org\/wp-content\/uploads\/2016\/05\/don-quixote-at-the-royal-opera-house.jpg\"><img loading=\"lazy\" decoding=\"async\" src=\"https:\/\/www.poetamatusel.org\/wp-content\/uploads\/2016\/05\/don-quixote-at-the-royal-opera-house.jpg?w=640\" title=\"Don Quixote at The Royal Opera House\" width=\"640\" height=\"326\" class=\"alignleft size-large wp-image-5416\" \/><\/a><\/p>\n<tr>\n<td valign=\"top\" width=\"999\"><\/td>\n<\/tr>\n<\/tbody>\n<\/table>\n<p>&nbsp;<\/p>\n<p><a href=\"https:\/\/www.poetamatusel.org\/wp-content\/uploads\/2012\/10\/icon-for-audio-files.jpg\"><img loading=\"lazy\" decoding=\"async\" src=\"https:\/\/www.poetamatusel.org\/wp-content\/uploads\/2012\/10\/icon-for-audio-files.jpg\" alt=\"\" title=\"AUDIO * FILE * AUDIO\" width=\"35\" height=\"35\" class=\"alignleft wp-image-2897\" \/><\/a>  <strong>PoetaMatus\u00e8l legge<br \/>\nRITORNA PRESTO A CANTARE! <\/strong>  <\/p>\n<audio class=\"wp-audio-shortcode\" id=\"audio-6564-1\" preload=\"none\" style=\"width: 100%;\" controls=\"controls\"><source type=\"audio\/mpeg\" src=\"https:\/\/www.poetamatusel.org\/wp-content\/uploads\/2016\/05\/ritorna-presto-a-cantare.mp3?_=1\" \/><a href=\"https:\/\/www.poetamatusel.org\/wp-content\/uploads\/2016\/05\/ritorna-presto-a-cantare.mp3\">https:\/\/www.poetamatusel.org\/wp-content\/uploads\/2016\/05\/ritorna-presto-a-cantare.mp3<\/a><\/audio>\n<p>&nbsp;<br \/>\n&nbsp;<br \/>\n&nbsp;<br \/>\n&nbsp;<br \/>\n&nbsp;<\/p>\n<p><a href=\"https:\/\/www.poetamatusel.org\/wp-content\/uploads\/2016\/03\/dscn6953.jpg\" rel=\"attachment wp-att-5221\"><img loading=\"lazy\" decoding=\"async\" src=\"https:\/\/www.poetamatusel.org\/wp-content\/uploads\/2016\/03\/dscn6953.jpg?w=150\" title=\"Profumo di quasi primavera \u2013 Foto Guido Comin PoetaMatus\u00e8l\" width=\"150\" height=\"125\" class=\"alignleft size-thumbnail wp-image-5221\" \/><\/a><\/p>\n<p style=\"padding-left:40px;\"><strong><em>Prezioso Visitatore che mi leggi, un breve commento, anche solo un saluto, scritto qui sotto &#8211; o un &#8216;Mi Piace&#8217; cliccato &#8211; non ti costa che un piccolissimo sforzo, per\u00f2 far\u00e0 un GRANDE piacere a me, quando lo legger\u00f2! Grazie. <\/em> &nbsp; :O)<\/strong> <\/p>\n<p>&nbsp;<\/p>\n<p style=\"padding-top:150px;\">\n<p><span style=\"font-family:'Arial Narrow Special G1';font-size:small;\">Copyright  \u00a9 2016 Guido Comin PoetaMatus\u00e8l &#8211;  Belluno, Italy. All rights reserved.<\/span><\/p>\n<p>&nbsp;<\/p>\n<p>&nbsp;<\/p>\n<p>&nbsp;<\/p>\n<p>.<\/p>\n","protected":false},"excerpt":{"rendered":"<p>&nbsp; &nbsp; A &nbsp; M. &nbsp; Mi rattrista saperti come sappiamo che sei, tu, Principessa inattesa di grazia e bellezza, dolce, deliziosa amica di ore piccole e grandi segreti, che volentieri condividiamo nell\u2019etere. Oggi, penso alle tue mani ferite e a tristi, deluse chitarre in attesa che tu possa presto ridare loro musica e vita, [&hellip;]<\/p>\n","protected":false},"author":1,"featured_media":0,"comment_status":"open","ping_status":"open","sticky":false,"template":"","format":"standard","meta":{"footnotes":""},"categories":[5,13,6],"tags":[446,550,793,844,903,983,1147,1450,1841,2047,2370],"class_list":["post-6564","post","type-post","status-publish","format-standard","hentry","category-poesia-contemporanea-2","category-poesia-italiana","category-poetry-poesia","tag-canto","tag-chitarra","tag-difesa","tag-don-chisciotte","tag-empatia","tag-fado","tag-frustrazione","tag-inutilita","tag-mulini-a-vento","tag-paladino","tag-protezione"],"_links":{"self":[{"href":"https:\/\/www.poetamatusel.org\/index.php?rest_route=\/wp\/v2\/posts\/6564","targetHints":{"allow":["GET"]}}],"collection":[{"href":"https:\/\/www.poetamatusel.org\/index.php?rest_route=\/wp\/v2\/posts"}],"about":[{"href":"https:\/\/www.poetamatusel.org\/index.php?rest_route=\/wp\/v2\/types\/post"}],"author":[{"embeddable":true,"href":"https:\/\/www.poetamatusel.org\/index.php?rest_route=\/wp\/v2\/users\/1"}],"replies":[{"embeddable":true,"href":"https:\/\/www.poetamatusel.org\/index.php?rest_route=%2Fwp%2Fv2%2Fcomments&post=6564"}],"version-history":[{"count":3,"href":"https:\/\/www.poetamatusel.org\/index.php?rest_route=\/wp\/v2\/posts\/6564\/revisions"}],"predecessor-version":[{"id":7176,"href":"https:\/\/www.poetamatusel.org\/index.php?rest_route=\/wp\/v2\/posts\/6564\/revisions\/7176"}],"wp:attachment":[{"href":"https:\/\/www.poetamatusel.org\/index.php?rest_route=%2Fwp%2Fv2%2Fmedia&parent=6564"}],"wp:term":[{"taxonomy":"category","embeddable":true,"href":"https:\/\/www.poetamatusel.org\/index.php?rest_route=%2Fwp%2Fv2%2Fcategories&post=6564"},{"taxonomy":"post_tag","embeddable":true,"href":"https:\/\/www.poetamatusel.org\/index.php?rest_route=%2Fwp%2Fv2%2Ftags&post=6564"}],"curies":[{"name":"wp","href":"https:\/\/api.w.org\/{rel}","templated":true}]}}