{"id":6535,"date":"2016-04-27T13:46:41","date_gmt":"2016-04-27T11:46:41","guid":{"rendered":"http:\/\/poetamatusel.com\/?p=5387"},"modified":"2016-12-23T00:16:45","modified_gmt":"2016-12-22T23:16:45","slug":"dalle-nubi-non-solo-tempeste","status":"publish","type":"post","link":"https:\/\/www.poetamatusel.org\/?p=6535","title":{"rendered":"DALLE NUBI, NON SOLO TEMPESTE"},"content":{"rendered":"<p>&nbsp;<\/p>\n<table width=\"999\" border=\"0\" cellpadding=\"2\" cellspacing=\"0\">\n<tbody>\n<p><a href=\"https:\/\/www.poetamatusel.org\/wp-content\/uploads\/2016\/04\/dalle-nubi-non-solo-tempeste-foto-guido-comin-poetamatusel.jpg\"><img loading=\"lazy\" decoding=\"async\" src=\"https:\/\/www.poetamatusel.org\/wp-content\/uploads\/2016\/04\/dalle-nubi-non-solo-tempeste-foto-guido-comin-poetamatusel.jpg?w=640\" title=\"Dalle nubi, non solo tempeste - Foto Guido Comin PoetaMatus\u00e8l\" width=\"640\" height=\"384\" class=\"alignleft size-large wp-image-5388\" \/><\/a><\/p>\n<tr>\n<td valign=\"top\" width=\"999\"><\/td>\n<\/tr>\n<\/tbody>\n<\/table>\n<p>&nbsp;<\/p>\n<p style=\"padding-left:270px;\"><em>A &nbsp; Gi<\/em> <\/p>\n<p>&nbsp;<\/p>\n<p style=\"padding-left:20px;\">Imperversano ancora tremende tempeste,<br \/>\nnon vedo tregua tra scure, profetiche nubi.<br \/>\nOggi perfino lo storno sul tetto non fiata,<br \/>\nmi guarda soltanto, forse \u00e8 lui che sa tutto.<br \/>\nIo di sicuro ben poco, magari atte formule<br \/>\nmontaliane, da cui partire, sapendo almeno<br \/>\nche cosa <em>non<\/em> siamo, o cosa <em>non<\/em> vogliamo.  <\/p>\n<p>&nbsp;<\/p>\n<p style=\"padding-left:20px;\">Mi sento parecchio come un certo signore<br \/>\nfrancese, su atolli remoti a morire d\u2019inedia,<br \/>\nocchi bassi e le braccia conserte a pensare<br \/>\nalla gloria perduta, alle vite fulgenti passate. <\/p>\n<p>&nbsp;<\/p>\n<p style=\"padding-left:20px;\">Ma poi da medesime, tempestosissime nubi,<br \/>\nscendi anche Tu, solo quanto basta: quella<br \/>\ntua mano pietosa, insieme ai bellissimi occhi,<br \/>\nper elevarmi a ben altre sfere, dove nulla di<br \/>\nquesto dannato sfacelo \u2013 marasma infernale \u2013<br \/>\npu\u00f2 toccarmi, n\u00e9 ora n\u00e9 mai, perch\u00e9 scopro<br \/>\nche nuove, fatidiche <em>Donne Angelo<\/em> esistono!  <\/p>\n<p>&nbsp;<\/p>\n<p>&nbsp;<\/p>\n<table width=\"999\" border=\"0\" cellpadding=\"2\" cellspacing=\"0\">\n<tbody>\n<p><a href=\"https:\/\/www.poetamatusel.org\/wp-content\/uploads\/2016\/04\/se-tu-scendi-da-una-nuvola-foto-guido-comin-poetamatusel.jpg\"><img loading=\"lazy\" decoding=\"async\" src=\"https:\/\/www.poetamatusel.org\/wp-content\/uploads\/2016\/04\/se-tu-scendi-da-una-nuvola-foto-guido-comin-poetamatusel.jpg?w=640\" title=\"Se Tu scendi da una nuvola ... - Foto Guido Comin PoetaMatus\u00e8l\" width=\"640\" height=\"470\" class=\"alignleft size-large wp-image-5389\" \/><\/a><\/p>\n<tr>\n<td valign=\"top\" width=\"999\"><\/td>\n<\/tr>\n<\/tbody>\n<\/table>\n<p>&nbsp;<\/p>\n<p><a href=\"https:\/\/www.poetamatusel.org\/wp-content\/uploads\/2012\/10\/icon-for-audio-files.jpg\"><img loading=\"lazy\" decoding=\"async\" src=\"https:\/\/www.poetamatusel.org\/wp-content\/uploads\/2012\/10\/icon-for-audio-files.jpg\" alt=\"\" title=\"AUDIO * FILE * AUDIO\" width=\"35\" height=\"35\" class=\"alignleft wp-image-2897\" \/><\/a>  <strong>PoetaMatus\u00e8l legge<br \/>\nDALLE NUBI, NON SOLO TEMPESTE <\/strong>  <\/p>\n<audio class=\"wp-audio-shortcode\" id=\"audio-6535-1\" preload=\"none\" style=\"width: 100%;\" controls=\"controls\"><source type=\"audio\/mpeg\" src=\"https:\/\/www.poetamatusel.org\/wp-content\/uploads\/2016\/04\/dalle-nubi-non-solo-tempeste.mp3?_=1\" \/><a href=\"https:\/\/www.poetamatusel.org\/wp-content\/uploads\/2016\/04\/dalle-nubi-non-solo-tempeste.mp3\">https:\/\/www.poetamatusel.org\/wp-content\/uploads\/2016\/04\/dalle-nubi-non-solo-tempeste.mp3<\/a><\/audio>\n<p>&nbsp;<\/p>\n<p>&nbsp;<\/p>\n<table width=\"999\" border=\"0\" cellpadding=\"2\" cellspacing=\"0\">\n<tbody>\n<p><a href=\"https:\/\/www.poetamatusel.org\/wp-content\/uploads\/2016\/04\/forse-quellangelo-tu-che-mi-salvi-foto-guido-comin-poetamatusel.jpg\"><img loading=\"lazy\" decoding=\"async\" src=\"https:\/\/www.poetamatusel.org\/wp-content\/uploads\/2016\/04\/forse-quellangelo-tu-che-mi-salvi-foto-guido-comin-poetamatusel.jpg?w=640\" title=\"Forse quell'angelo Tu, che mi salvi - Foto Guido Comin PoetaMatus\u00e8l\" width=\"640\" height=\"427\" class=\"alignleft size-large wp-image-5390\" \/><\/a><\/p>\n<tr>\n<td valign=\"top\" width=\"999\"><\/td>\n<\/tr>\n<\/tbody>\n<\/table>\n<p>&nbsp;<\/p>\n<p>&nbsp;<br \/>\n&nbsp;<br \/>\n&nbsp;<br \/>\n&nbsp;<\/p>\n<p><a href=\"https:\/\/www.poetamatusel.org\/wp-content\/uploads\/2016\/03\/dscn6953.jpg\" rel=\"attachment wp-att-5221\"><img loading=\"lazy\" decoding=\"async\" src=\"https:\/\/www.poetamatusel.org\/wp-content\/uploads\/2016\/03\/dscn6953.jpg?w=150\" title=\"Profumo di quasi primavera \u2013 Foto Guido Comin PoetaMatus\u00e8l\" width=\"150\" height=\"125\" class=\"alignleft size-thumbnail wp-image-5221\" \/><\/a><\/p>\n<p style=\"padding-left:40px;\"><strong><em>Prezioso Visitatore che mi leggi, un breve commento, anche solo un saluto, scritto qui sotto &#8211; o un &#8216;Mi Piace&#8217; cliccato &#8211; non ti costa che un piccolissimo sforzo, per\u00f2 far\u00e0 un GRANDE piacere a me, quando lo legger\u00f2! Grazie. <\/em> &nbsp; :O)<\/strong> <\/p>\n<p>&nbsp;<\/p>\n<p style=\"padding-top:150px;\">\n<p><span style=\"font-family:'Arial Narrow Special G1';font-size:small;\">Copyright  \u00a9 2016 Guido Comin PoetaMatus\u00e8l &#8211;  Belluno, Italy. All rights reserved.<\/span><\/p>\n<p>&nbsp;<\/p>\n<p>&nbsp;<\/p>\n<p>&nbsp;<\/p>\n<p>.<\/p>\n","protected":false},"excerpt":{"rendered":"<p>&nbsp; &nbsp; A &nbsp; Gi &nbsp; Imperversano ancora tremende tempeste, non vedo tregua tra scure, profetiche nubi. Oggi perfino lo storno sul tetto non fiata, mi guarda soltanto, forse \u00e8 lui che sa tutto. Io di sicuro ben poco, magari atte formule montaliane, da cui partire, sapendo almeno che cosa non siamo, o cosa non [&hellip;]<\/p>\n","protected":false},"author":1,"featured_media":0,"comment_status":"open","ping_status":"open","sticky":false,"template":"","format":"standard","meta":{"footnotes":""},"categories":[5,13,6],"tags":[577,743,851,941,1683,1867,1940,1958,2421,2479,2495,2586,2595,2734],"class_list":["post-6535","post","type-post","status-publish","format-standard","hentry","category-poesia-contemporanea-2","category-poesia-italiana","category-poetry-poesia","tag-cinque-maggio","tag-dea-ex-machina","tag-donna-angelo","tag-esilio","tag-manzoni","tag-napoleone","tag-nubi","tag-nuvole","tag-rammarico","tag-ricordi","tag-rimpianti","tag-salvezza","tag-sant-elena","tag-soccorso"],"_links":{"self":[{"href":"https:\/\/www.poetamatusel.org\/index.php?rest_route=\/wp\/v2\/posts\/6535","targetHints":{"allow":["GET"]}}],"collection":[{"href":"https:\/\/www.poetamatusel.org\/index.php?rest_route=\/wp\/v2\/posts"}],"about":[{"href":"https:\/\/www.poetamatusel.org\/index.php?rest_route=\/wp\/v2\/types\/post"}],"author":[{"embeddable":true,"href":"https:\/\/www.poetamatusel.org\/index.php?rest_route=\/wp\/v2\/users\/1"}],"replies":[{"embeddable":true,"href":"https:\/\/www.poetamatusel.org\/index.php?rest_route=%2Fwp%2Fv2%2Fcomments&post=6535"}],"version-history":[{"count":2,"href":"https:\/\/www.poetamatusel.org\/index.php?rest_route=\/wp\/v2\/posts\/6535\/revisions"}],"predecessor-version":[{"id":6816,"href":"https:\/\/www.poetamatusel.org\/index.php?rest_route=\/wp\/v2\/posts\/6535\/revisions\/6816"}],"wp:attachment":[{"href":"https:\/\/www.poetamatusel.org\/index.php?rest_route=%2Fwp%2Fv2%2Fmedia&parent=6535"}],"wp:term":[{"taxonomy":"category","embeddable":true,"href":"https:\/\/www.poetamatusel.org\/index.php?rest_route=%2Fwp%2Fv2%2Fcategories&post=6535"},{"taxonomy":"post_tag","embeddable":true,"href":"https:\/\/www.poetamatusel.org\/index.php?rest_route=%2Fwp%2Fv2%2Ftags&post=6535"}],"curies":[{"name":"wp","href":"https:\/\/api.w.org\/{rel}","templated":true}]}}