{"id":6514,"date":"2016-04-21T23:45:06","date_gmt":"2016-04-21T21:45:06","guid":{"rendered":"http:\/\/poetamatusel.com\/?p=5370"},"modified":"2023-05-20T08:07:57","modified_gmt":"2023-05-20T06:07:57","slug":"se-una-tiepida-sera-di-primavera","status":"publish","type":"post","link":"https:\/\/www.poetamatusel.org\/?p=6514","title":{"rendered":"SE UNA TIEPIDA SERA DI PRIMAVERA \u2026"},"content":{"rendered":"<p>&nbsp;<\/p>\n<table width=\"999\" border=\"0\" cellpadding=\"2\" cellspacing=\"0\">\n<tbody>\n<p><a href=\"https:\/\/www.poetamatusel.org\/wp-content\/uploads\/2016\/04\/le-foglie-del-giovane-pioppo-foto-guido-comin-poetamatusel.jpg\"><img loading=\"lazy\" decoding=\"async\" src=\"https:\/\/www.poetamatusel.org\/wp-content\/uploads\/2016\/04\/le-foglie-del-giovane-pioppo-foto-guido-comin-poetamatusel.jpg?w=640\" title=\"Le foglie del giovane pioppo - Foto Guido Comin PoetaMatus\u00e8l\" width=\"640\" height=\"426\" class=\"alignleft size-large wp-image-5371\" \/><\/a><\/p>\n<tr>\n<td valign=\"top\" width=\"999\"><\/td>\n<\/tr>\n<\/tbody>\n<\/table>\n<p>&nbsp;<\/p>\n<p style=\"padding-left:110px;\"><em>A Marlene<\/em> <\/p>\n<p>&nbsp;<\/p>\n<p style=\"padding-left:0px;\">Le foglie del giovane pioppo,<br \/>\nche tremano al vento,<br \/>\nsussurrano dolci parole<br \/>\nche tu non puoi dirmi.<br \/>\nPerch\u00e9 in una sera cos\u00ec,<br \/>\nin riva al mio fiume,<br \/>\npotrei perfino lasciarmi<br \/>\nandare a sognare \u2013 di te.<br \/>\nE anche tu potresti incantarti<br \/>\na sentire la musica<br \/>\ndi strumenti che io suono male<br \/>\nma tu prediligi!<br \/>\nIntanto tu parli di gambe<br \/>\nassai lunghe e di piccoli<br \/>\npiedi, che per\u00f2 fanno passi<br \/>\nassai lunghi lo stesso e<br \/>\nneghi perfino \u2013 che assurdo! \u2013<br \/>\ndi essere bella. Sono<br \/>\nsolo normale, mi dici,<br \/>\nma io, che sono un esteta,<br \/>\ninsisto e ti invito<br \/>\nad essere tu che accompagni<br \/>\ni miei sogni, di solito insipidi,<br \/>\ninsieme ad ispanici<br \/>\nputti: angioletti dei modi<br \/>\ndi dire, qui per\u00f2 magici.<br \/>\nA costo di compromettermi,<br \/>\no dire apparenti \u2018eresie\u2019,<br \/>\nti confesso con una canzone<br \/>\nche sei importante, Tu,<br \/>\nin tutto questo caotico insieme,<br \/>\nimprobabile <em>puzzle<\/em><br \/>\no <em>patchwork<\/em> che<br \/>\na stento noi ancora<br \/>\nchiamiamo <strong><em>Vita<\/em><\/strong>. <\/p>\n<p>&nbsp;<\/p>\n<p>&nbsp;<\/p>\n<table width=\"999\" border=\"0\" cellpadding=\"2\" cellspacing=\"0\">\n<tbody>\n<p><a href=\"https:\/\/www.poetamatusel.org\/wp-content\/uploads\/2016\/04\/una-sera-cosc3ac-in-riva-al-mio-fiume-foto-guido-comin-poetamatusel.jpg\"><img loading=\"lazy\" decoding=\"async\" src=\"https:\/\/www.poetamatusel.org\/wp-content\/uploads\/2016\/04\/una-sera-cosc3ac-in-riva-al-mio-fiume-foto-guido-comin-poetamatusel.jpg?w=640\" title=\"Una sera cos\u00ec, in riva al mio fiume - Foto Guido Comin PoetaMatus\u00e8l\" width=\"640\" height=\"853\" class=\"aligncenter size-medium wp-image-5372\" \/><\/a><\/p>\n<tr>\n<td valign=\"top\" width=\"999\"><\/td>\n<\/tr>\n<\/tbody>\n<\/table>\n<p>&nbsp;<\/p>\n<p><a href=\"https:\/\/www.poetamatusel.org\/wp-content\/uploads\/2012\/10\/icon-for-audio-files.jpg\"><img loading=\"lazy\" decoding=\"async\" src=\"https:\/\/www.poetamatusel.org\/wp-content\/uploads\/2012\/10\/icon-for-audio-files.jpg\" alt=\"\" title=\"AUDIO * FILE * AUDIO\" width=\"35\" height=\"35\" class=\"alignleft wp-image-2897\" \/><\/a>  <strong>PoetaMatus\u00e8l legge<br \/>\nSE UNA TIEPIDA SERA DI PRIMAVERA \u2026 <\/strong>  <\/p>\n<audio class=\"wp-audio-shortcode\" id=\"audio-6514-1\" preload=\"none\" style=\"width: 100%;\" controls=\"controls\"><source type=\"audio\/mpeg\" src=\"https:\/\/www.poetamatusel.org\/wp-content\/uploads\/2016\/04\/se-una-tiepida-sera-di-primavera1.mp3?_=1\" \/><a href=\"https:\/\/www.poetamatusel.org\/wp-content\/uploads\/2016\/04\/se-una-tiepida-sera-di-primavera1.mp3\">https:\/\/www.poetamatusel.org\/wp-content\/uploads\/2016\/04\/se-una-tiepida-sera-di-primavera1.mp3<\/a><\/audio>\n<p>&nbsp;<\/p>\n<p>&nbsp;<\/p>\n<p><a href=\"https:\/\/www.poetamatusel.org\/wp-content\/uploads\/2012\/11\/link-symbol-for-blog.jpg\"><img loading=\"lazy\" decoding=\"async\" src=\"https:\/\/www.poetamatusel.org\/wp-content\/uploads\/2012\/11\/link-symbol-for-blog.jpg\" alt=\"* LINK *\" width=\"35\" height=\"35\" class=\"alignleft wp-image-2959\" \/><\/a><a href=\"https:\/\/pt.wikipedia.org\/wiki\/Jo%C3%A3o_Pernambuco\" target=\"_blank\" rel=\"noopener\"><strong>La musica \u00e8 &#8216;Sons de Carrilh\u00f5es&#8217; di Jo\u00e3o Pernambuco *LINK* <\/strong><\/a><\/p>\n<p>&nbsp;<\/p>\n<p>&nbsp;<\/p>\n<table width=\"999\" border=\"0\" cellpadding=\"2\" cellspacing=\"0\">\n<tbody>\n<p><a href=\"https:\/\/www.poetamatusel.org\/wp-content\/uploads\/2016\/04\/one-man-and-his-clarinet-foto-guido-comin-poetamatusel.jpg\"><img loading=\"lazy\" decoding=\"async\" src=\"https:\/\/www.poetamatusel.org\/wp-content\/uploads\/2016\/04\/one-man-and-his-clarinet-foto-guido-comin-poetamatusel.jpg?w=226\" title=\"One man and his clarinet - Selfie Guido Comin PoetaMatus\u00e8l\" width=\"226\" height=\"300\" class=\"aligncenter size-medium wp-image-5373\" \/><\/a><\/p>\n<tr>\n<td valign=\"top\" width=\"999\"><\/td>\n<\/tr>\n<\/tbody>\n<\/table>\n<p>&nbsp;<br \/>\n&nbsp;<br \/>\n&nbsp;<br \/>\n&nbsp;<\/p>\n<p><a href=\"https:\/\/www.poetamatusel.org\/wp-content\/uploads\/2016\/03\/dscn6953.jpg\" rel=\"attachment wp-att-5221\"><img loading=\"lazy\" decoding=\"async\" src=\"https:\/\/www.poetamatusel.org\/wp-content\/uploads\/2016\/03\/dscn6953.jpg?w=150\" title=\"Profumo di quasi primavera \u2013 Foto Guido Comin PoetaMatus\u00e8l\" width=\"150\" height=\"125\" class=\"alignleft size-thumbnail wp-image-5221\" \/><\/a><\/p>\n<p style=\"padding-left:40px;\"><strong><em>Prezioso Visitatore che mi leggi, un breve commento, anche solo un saluto, scritto qui sotto &#8211; o un &#8216;Mi Piace&#8217; cliccato &#8211; non ti costa che un piccolissimo sforzo, per\u00f2 far\u00e0 un GRANDE piacere a me, quando lo legger\u00f2! Grazie. <\/em> &nbsp; :O)<\/strong> <\/p>\n<p>&nbsp;<\/p>\n<p style=\"padding-top:150px;\">\n<p><span style=\"font-family:'Arial Narrow Special G1';font-size:small;\">Copyright  \u00a9 2016 Guido Comin PoetaMatus\u00e8l &#8211;  Belluno, Italy. All rights reserved.<\/span><\/p>\n<p>&nbsp;<\/p>\n<p>&nbsp;<\/p>\n<p>&nbsp;<\/p>\n<p>.<\/p>\n","protected":false},"excerpt":{"rendered":"<p>&nbsp; &nbsp; A Marlene &nbsp; Le foglie del giovane pioppo, che tremano al vento, sussurrano dolci parole che tu non puoi dirmi. Perch\u00e9 in una sera cos\u00ec, in riva al mio fiume, potrei perfino lasciarmi andare a sognare \u2013 di te. E anche tu potresti incantarti a sentire la musica di strumenti che io suono [&hellip;]<\/p>\n","protected":false},"author":1,"featured_media":0,"comment_status":"open","ping_status":"open","sticky":false,"template":"","format":"standard","meta":{"footnotes":""},"categories":[5,13,6],"tags":[36,124,150,550,583,1075,1093,1378,1387,1488,1665,2188,2213,2344,2393,2682,2742,2758,3140],"class_list":["post-6514","post","type-post","status-publish","format-standard","hentry","category-poesia-contemporanea-2","category-poesia-italiana","category-poetry-poesia","tag-acqua","tag-amore","tag-angioletti","tag-chitarra","tag-clarinetto","tag-fiume","tag-foglie","tag-importanza","tag-incantesimo","tag-joao-pernambuco","tag-malia","tag-piave","tag-pioppo","tag-primavera","tag-putti","tag-sera","tag-sogno","tag-sons-de-carrilhoes","tag-vita"],"_links":{"self":[{"href":"https:\/\/www.poetamatusel.org\/index.php?rest_route=\/wp\/v2\/posts\/6514","targetHints":{"allow":["GET"]}}],"collection":[{"href":"https:\/\/www.poetamatusel.org\/index.php?rest_route=\/wp\/v2\/posts"}],"about":[{"href":"https:\/\/www.poetamatusel.org\/index.php?rest_route=\/wp\/v2\/types\/post"}],"author":[{"embeddable":true,"href":"https:\/\/www.poetamatusel.org\/index.php?rest_route=\/wp\/v2\/users\/1"}],"replies":[{"embeddable":true,"href":"https:\/\/www.poetamatusel.org\/index.php?rest_route=%2Fwp%2Fv2%2Fcomments&post=6514"}],"version-history":[{"count":10,"href":"https:\/\/www.poetamatusel.org\/index.php?rest_route=\/wp\/v2\/posts\/6514\/revisions"}],"predecessor-version":[{"id":7703,"href":"https:\/\/www.poetamatusel.org\/index.php?rest_route=\/wp\/v2\/posts\/6514\/revisions\/7703"}],"wp:attachment":[{"href":"https:\/\/www.poetamatusel.org\/index.php?rest_route=%2Fwp%2Fv2%2Fmedia&parent=6514"}],"wp:term":[{"taxonomy":"category","embeddable":true,"href":"https:\/\/www.poetamatusel.org\/index.php?rest_route=%2Fwp%2Fv2%2Fcategories&post=6514"},{"taxonomy":"post_tag","embeddable":true,"href":"https:\/\/www.poetamatusel.org\/index.php?rest_route=%2Fwp%2Fv2%2Ftags&post=6514"}],"curies":[{"name":"wp","href":"https:\/\/api.w.org\/{rel}","templated":true}]}}