{"id":6498,"date":"2016-04-14T16:58:54","date_gmt":"2016-04-14T14:58:54","guid":{"rendered":"http:\/\/poetamatusel.com\/?p=5349"},"modified":"2016-04-14T16:58:54","modified_gmt":"2016-04-14T14:58:54","slug":"di-sogni-forse-si-puo-vivere","status":"publish","type":"post","link":"https:\/\/www.poetamatusel.org\/?p=6498","title":{"rendered":"DI SOGNI, FORSE, SI PU\u00d2 VIVERE!"},"content":{"rendered":"<p>&nbsp;<\/p>\n<table width=\"999\" border=\"0\" cellpadding=\"2\" cellspacing=\"0\">\n<tbody>\n<p><a href=\"https:\/\/www.poetamatusel.org\/wp-content\/uploads\/2016\/04\/riflettendo-a-venezia-foto-guido-comin-poetamatusel.jpg\" rel=\"attachment wp-att-5350\"><img loading=\"lazy\" decoding=\"async\" src=\"https:\/\/www.poetamatusel.org\/wp-content\/uploads\/2016\/04\/riflettendo-a-venezia-foto-guido-comin-poetamatusel.jpg?w=640\" title=\"Riflettendo, a Venezia - Foto Guido Comin PoetaMatus\u00e8l\" width=\"640\" height=\"472\" class=\"alignleft size-large wp-image-5350\" \/><\/a><\/p>\n<tr>\n<td valign=\"top\" width=\"999\"><\/td>\n<\/tr>\n<\/tbody>\n<\/table>\n<p>&nbsp;<\/p>\n<p style=\"padding-left:200px;\"><em>A &nbsp; Gi<\/em> <\/p>\n<p>&nbsp;<\/p>\n<p style=\"padding-left:5px;\">Non hanno piantato, quest\u2019anno, il ravizzone,<br \/>\nin quel campo che tanto invitava a sognare,<br \/>\ndove oggi invece appare solo desolazione.<br \/>\nPerch\u00e9 non si vedono n\u00e9 garzette n\u00e9 aironi<br \/>\ne tutto sembra solo spoglio e senza senso,<br \/>\nvuoto e insignificante in questi tristi giorni,<br \/>\ndopo la meraviglia di averti avuta accanto.<br \/>\nSi potrebbe forse anche vivere solo di ricordi,<br \/>\nse quei ricordi fossero tutti fatti di strette calli;<br \/>\ne chiassosi gabbiani in cima a pali; e tanto odiati<br \/>\npiccioni un poco ovunque; e la pioggerella<br \/>\nche non doveva bagnare libri; e la tua amica<br \/>\nper un momento una musulmana; e poi canali<br \/>\ndove leggere nei tuoi pensieri; e la tua voce,<br \/>\nsempre allegra e canterina; e la risata, fresca,<br \/>\ngiovane, rallegrante; e quel sorriso, che regali<br \/>\na tutti quanti; e quei tuoi occhi, completamente<br \/>\nindimenticabili! Allora forse basterebbe tutto<br \/>\nquesto a continuare ancora a vivere veramente. <\/p>\n<p>&nbsp;<\/p>\n<p>&nbsp;<\/p>\n<table width=\"999\" border=\"0\" cellpadding=\"2\" cellspacing=\"0\">\n<tbody>\n<p><a href=\"https:\/\/www.poetamatusel.org\/wp-content\/uploads\/2016\/04\/guardiano-del-canal-grande-foto-guido-comin-poetamatusel.jpg\" rel=\"attachment wp-att-5351\"><img loading=\"lazy\" decoding=\"async\" src=\"https:\/\/www.poetamatusel.org\/wp-content\/uploads\/2016\/04\/guardiano-del-canal-grande-foto-guido-comin-poetamatusel.jpg?w=640\" title=\"Guardiano del Canal Grande - Foto Guido Comin PoetaMatus\u00e8l\" width=\"640\" height=\"394\" class=\"alignleft size-large wp-image-5351\" \/><\/a><\/p>\n<tr>\n<td valign=\"top\" width=\"999\"><\/td>\n<\/tr>\n<\/tbody>\n<\/table>\n<p>&nbsp;<\/p>\n<p>&nbsp;<\/p>\n<p><a href=\"https:\/\/www.poetamatusel.org\/wp-content\/uploads\/2012\/10\/icon-for-audio-files.jpg\"><img loading=\"lazy\" decoding=\"async\" src=\"https:\/\/www.poetamatusel.org\/wp-content\/uploads\/2012\/10\/icon-for-audio-files.jpg\" alt=\"\" title=\"AUDIO * FILE * AUDIO\" width=\"35\" height=\"35\" class=\"alignleft wp-image-2897\" \/><\/a>  <strong>PoetaMatus\u00e8l legge<br \/>\nDI SOGNI, FORSE, SI PU\u00d2 VIVERE!<\/strong>  <\/p>\n<audio class=\"wp-audio-shortcode\" id=\"audio-6498-1\" preload=\"none\" style=\"width: 100%;\" controls=\"controls\"><source type=\"audio\/mpeg\" src=\"https:\/\/www.poetamatusel.org\/wp-content\/uploads\/2016\/04\/di-sogni-forse-si-puo-vivere.mp3?_=1\" \/><a href=\"https:\/\/www.poetamatusel.org\/wp-content\/uploads\/2016\/04\/di-sogni-forse-si-puo-vivere.mp3\">https:\/\/www.poetamatusel.org\/wp-content\/uploads\/2016\/04\/di-sogni-forse-si-puo-vivere.mp3<\/a><\/audio>\n<p>&nbsp;<\/p>\n<p>&nbsp;<\/p>\n<p>&nbsp;<\/p>\n<table width=\"999\" border=\"0\" cellpadding=\"2\" cellspacing=\"0\">\n<tbody>\n<p><a href=\"https:\/\/www.poetamatusel.org\/wp-content\/uploads\/2016\/04\/campo-orfano-di-ravizzone-foto-guido-comin-poetamatusel.jpg\" rel=\"attachment wp-att-5352\"><img loading=\"lazy\" decoding=\"async\" src=\"https:\/\/www.poetamatusel.org\/wp-content\/uploads\/2016\/04\/campo-orfano-di-ravizzone-foto-guido-comin-poetamatusel.jpg?w=640\" title=\"Campo spoglio, orfano di ravizzone - Foto Guido Comin PoetaMatus\u00e8l\" width=\"640\" height=\"412\" class=\"alignleft size-large wp-image-5352\" \/><\/a><\/p>\n<tr>\n<td valign=\"top\" width=\"999\"><\/td>\n<\/tr>\n<\/tbody>\n<\/table>\n<p>&nbsp;<br \/>\n&nbsp;<br \/>\n&nbsp;<br \/>\n&nbsp;<br \/>\n&nbsp;<\/p>\n<p><a href=\"https:\/\/www.poetamatusel.org\/wp-content\/uploads\/2016\/03\/dscn6953.jpg\" rel=\"attachment wp-att-5221\"><img loading=\"lazy\" decoding=\"async\" src=\"https:\/\/www.poetamatusel.org\/wp-content\/uploads\/2016\/03\/dscn6953.jpg?w=150\" title=\"Profumo di quasi primavera \u2013 Foto Guido Comin PoetaMatus\u00e8l\" width=\"150\" height=\"125\" class=\"alignleft size-thumbnail wp-image-5221\" \/><\/a><\/p>\n<p style=\"padding-left:40px;\"><strong><em>Prezioso Visitatore che mi leggi, un breve commento, anche solo un saluto, scritto qui sotto &#8211; o un &#8216;Mi Piace&#8217; cliccato &#8211; non ti costa che un piccolissimo sforzo, per\u00f2 far\u00e0 un GRANDE piacere a me, quando lo legger\u00f2! Grazie. <\/em> &nbsp; :O)<\/strong> <\/p>\n<p>&nbsp;<\/p>\n<p style=\"padding-top:150px;\">\n<p><span style=\"font-family:'Arial Narrow Special G1';font-size:small;\">Copyright  \u00a9 2016 Guido Comin PoetaMatus\u00e8l &#8211;  Belluno, Italy. All rights reserved.<\/span><\/p>\n<p>&nbsp;<\/p>\n<p>&nbsp;<\/p>\n<p>&nbsp;<\/p>\n<p>.<\/p>\n","protected":false},"excerpt":{"rendered":"<p>&nbsp; &nbsp; A &nbsp; Gi &nbsp; Non hanno piantato, quest\u2019anno, il ravizzone, in quel campo che tanto invitava a sognare, dove oggi invece appare solo desolazione. Perch\u00e9 non si vedono n\u00e9 garzette n\u00e9 aironi e tutto sembra solo spoglio e senza senso, vuoto e insignificante in questi tristi giorni, dopo la meraviglia di averti avuta [&hellip;]<\/p>\n","protected":false},"author":1,"featured_media":0,"comment_status":"open","ping_status":"open","sticky":false,"template":"","format":"standard","meta":{"footnotes":""},"categories":[5,13,6],"tags":[36,311,429,1167,1688,1967,2193,2479,2489,2511,2738,2766,2838,3083,3154,3159],"class_list":["post-6498","post","type-post","status-publish","format-standard","hentry","category-poesia-contemporanea-2","category-poesia-italiana","category-poetry-poesia","tag-acqua","tag-bellezza","tag-canal-grande","tag-gabbiani","tag-mare","tag-occhi","tag-piccioni","tag-ricordi","tag-riflessioni","tag-risata","tag-sogni","tag-sorriso","tag-sublimazione","tag-venezia","tag-vivaldi","tag-voce"],"_links":{"self":[{"href":"https:\/\/www.poetamatusel.org\/index.php?rest_route=\/wp\/v2\/posts\/6498","targetHints":{"allow":["GET"]}}],"collection":[{"href":"https:\/\/www.poetamatusel.org\/index.php?rest_route=\/wp\/v2\/posts"}],"about":[{"href":"https:\/\/www.poetamatusel.org\/index.php?rest_route=\/wp\/v2\/types\/post"}],"author":[{"embeddable":true,"href":"https:\/\/www.poetamatusel.org\/index.php?rest_route=\/wp\/v2\/users\/1"}],"replies":[{"embeddable":true,"href":"https:\/\/www.poetamatusel.org\/index.php?rest_route=%2Fwp%2Fv2%2Fcomments&post=6498"}],"version-history":[{"count":0,"href":"https:\/\/www.poetamatusel.org\/index.php?rest_route=\/wp\/v2\/posts\/6498\/revisions"}],"wp:attachment":[{"href":"https:\/\/www.poetamatusel.org\/index.php?rest_route=%2Fwp%2Fv2%2Fmedia&parent=6498"}],"wp:term":[{"taxonomy":"category","embeddable":true,"href":"https:\/\/www.poetamatusel.org\/index.php?rest_route=%2Fwp%2Fv2%2Fcategories&post=6498"},{"taxonomy":"post_tag","embeddable":true,"href":"https:\/\/www.poetamatusel.org\/index.php?rest_route=%2Fwp%2Fv2%2Ftags&post=6498"}],"curies":[{"name":"wp","href":"https:\/\/api.w.org\/{rel}","templated":true}]}}