{"id":6491,"date":"2016-04-12T20:03:33","date_gmt":"2016-04-12T18:03:33","guid":{"rendered":"http:\/\/poetamatusel.com\/?p=5339"},"modified":"2016-04-12T20:03:33","modified_gmt":"2016-04-12T18:03:33","slug":"e-quel-se-il-grande-if","status":"publish","type":"post","link":"https:\/\/www.poetamatusel.org\/?p=6491","title":{"rendered":"\u00c8 QUEL \u2018SE\u2019 IL GRANDE \u2018IF\u2019"},"content":{"rendered":"<p>&nbsp;<\/p>\n<table width=\"999\" border=\"0\" cellpadding=\"2\" cellspacing=\"0\">\n<tbody>\n<p><a href=\"https:\/\/www.poetamatusel.org\/wp-content\/uploads\/2016\/04\/inchino-dei-fiori-di-pesco-foto-guido-comin-poetamatusel.jpg\" rel=\"attachment wp-att-5340\"><img loading=\"lazy\" decoding=\"async\" src=\"https:\/\/www.poetamatusel.org\/wp-content\/uploads\/2016\/04\/inchino-dei-fiori-di-pesco-foto-guido-comin-poetamatusel.jpg?w=640\" title=\"Inchino dei fiori di pesco - Foto Guido Comin PoetaMatus\u00e8l\" width=\"640\" height=\"463\" class=\"alignleft size-large wp-image-5340\" \/><\/a><\/p>\n<tr>\n<td valign=\"top\" width=\"999\"><\/td>\n<\/tr>\n<\/tbody>\n<\/table>\n<p>&nbsp;<\/p>\n<p style=\"padding-left:160px;\"><em>A &nbsp; Gi <\/em><\/p>\n<p>&nbsp;<\/p>\n<p style=\"padding-left:20px;\"> Se Tu sapessi come i fiori di pesco<br \/>\ns\u2019inchinano tutti al mio passaggio,<br \/>\nquando Tu, assente, mi accompagni \u2026 <\/p>\n<p>&nbsp;<\/p>\n<p style=\"padding-left:20px;\"> Se Tu sentissi quanto \u00e8 dolce il canto<br \/>\ndi questo merlo che gi\u00e0 ci riconosce,<br \/>\nse lo saluto in un\u2019alba troppo precoce \u2026 <\/p>\n<p>&nbsp;<\/p>\n<p style=\"padding-left:20px;\">Se Tu vedessi come il mio essere esulta,<br \/>\nin presenza d\u2019un fruscio impercettibile<br \/>\ndi rami che mi accarezzano nella brezza \u2026 <\/p>\n<p>&nbsp;<\/p>\n<p style=\"padding-left:20px;\"> Se Tu capissi perch\u00e9 tutto questo conta,<br \/>\nfa la differenza tra l\u2019Essere e il <em>Non<\/em>-essere,<br \/>\nforse e soltanto allora anche Tu potresti \u2026<\/p>\n<p>&nbsp;<\/p>\n<p>&nbsp;<\/p>\n<table width=\"999\" border=\"0\" cellpadding=\"2\" cellspacing=\"0\">\n<tbody>\n<p><a href=\"https:\/\/www.poetamatusel.org\/wp-content\/uploads\/2016\/04\/alba-precoce-sul-mare-foto-guido-comin-poetamatusel.jpg\" rel=\"attachment wp-att-5341\"><img loading=\"lazy\" decoding=\"async\" src=\"https:\/\/www.poetamatusel.org\/wp-content\/uploads\/2016\/04\/alba-precoce-sul-mare-foto-guido-comin-poetamatusel.jpg?w=640\" title=\"Alba precoce sul mare - Foto Guido Comin PoetaMatus\u00e8l\" width=\"640\" height=\"388\" class=\"alignleft size-large wp-image-5341\" \/><\/a><\/p>\n<tr>\n<td valign=\"top\" width=\"999\"><\/td>\n<\/tr>\n<\/tbody>\n<\/table>\n<p>&nbsp;<\/p>\n<p>&nbsp;<\/p>\n<p><a href=\"https:\/\/www.poetamatusel.org\/wp-content\/uploads\/2012\/10\/icon-for-audio-files.jpg\"><img loading=\"lazy\" decoding=\"async\" src=\"https:\/\/www.poetamatusel.org\/wp-content\/uploads\/2012\/10\/icon-for-audio-files.jpg\" alt=\"\" title=\"AUDIO * FILE * AUDIO\" width=\"35\" height=\"35\" class=\"alignleft wp-image-2897\" \/><\/a>  <strong>PoetaMatus\u00e8l legge<br \/>\n\u00c8 QUEL \u2018SE\u2019 IL GRANDE \u2018IF\u2019 <\/strong>  <\/p>\n<audio class=\"wp-audio-shortcode\" id=\"audio-6491-1\" preload=\"none\" style=\"width: 100%;\" controls=\"controls\"><source type=\"audio\/mpeg\" src=\"https:\/\/www.poetamatusel.org\/wp-content\/uploads\/2016\/04\/c3a8-quel-se-il-grande-if.mp3?_=1\" \/><a href=\"https:\/\/www.poetamatusel.org\/wp-content\/uploads\/2016\/04\/c3a8-quel-se-il-grande-if.mp3\">https:\/\/www.poetamatusel.org\/wp-content\/uploads\/2016\/04\/c3a8-quel-se-il-grande-if.mp3<\/a><\/audio>\n<p>&nbsp;<br \/>\n&nbsp;<br \/>\n&nbsp;<br \/>\n&nbsp;<br \/>\n&nbsp;<br \/>\n&nbsp;<\/p>\n<p><a href=\"https:\/\/www.poetamatusel.org\/wp-content\/uploads\/2016\/03\/dscn6953.jpg\" rel=\"attachment wp-att-5221\"><img loading=\"lazy\" decoding=\"async\" src=\"https:\/\/www.poetamatusel.org\/wp-content\/uploads\/2016\/03\/dscn6953.jpg?w=150\" title=\"Profumo di quasi primavera \u2013 Foto Guido Comin PoetaMatus\u00e8l\" width=\"150\" height=\"125\" class=\"alignleft size-thumbnail wp-image-5221\" \/><\/a><\/p>\n<p style=\"padding-left:40px;\"><strong><em>Prezioso Visitatore che mi leggi, un breve commento, anche solo un saluto, scritto qui sotto &#8211; o un &#8216;Mi Piace&#8217; cliccato &#8211; non ti costa che un piccolissimo sforzo, per\u00f2 far\u00e0 un GRANDE piacere a me, quando lo legger\u00f2! Grazie. <\/em> &nbsp; :O)<\/strong> <\/p>\n<p>&nbsp;<\/p>\n<p style=\"padding-top:150px;\">\n<p><span style=\"font-family:'Arial Narrow Special G1';font-size:small;\">Copyright  \u00a9 2016 Guido Comin PoetaMatus\u00e8l &#8211;  Belluno, Italy. All rights reserved.<\/span><\/p>\n<p>&nbsp;<\/p>\n<p>&nbsp;<\/p>\n<p>&nbsp;<\/p>\n<p>.<br \/>\n\u2003<\/p>\n","protected":false},"excerpt":{"rendered":"<p>&nbsp; &nbsp; A &nbsp; Gi &nbsp; Se Tu sapessi come i fiori di pesco s\u2019inchinano tutti al mio passaggio, quando Tu, assente, mi accompagni \u2026 &nbsp; Se Tu sentissi quanto \u00e8 dolce il canto di questo merlo che gi\u00e0 ci riconosce, se lo saluto in un\u2019alba troppo precoce \u2026 &nbsp; Se Tu vedessi come il [&hellip;]<\/p>\n","protected":false},"author":1,"featured_media":0,"comment_status":"open","ping_status":"open","sticky":false,"template":"","format":"standard","meta":{"footnotes":""},"categories":[5,13,6],"tags":[76,124,225,370,869,936,948,1061,1321,1360,1391,1400,1745,1917,2171,2420,2779],"class_list":["post-6491","post","type-post","status-publish","format-standard","hentry","category-poesia-contemporanea-2","category-poesia-italiana","category-poetry-poesia","tag-alba","tag-amore","tag-assenza","tag-brezza","tag-dubbio","tag-esaltazione","tag-essere","tag-fiori","tag-handel","tag-illusione","tag-inchino","tag-incomprensione","tag-merlo","tag-non-essere","tag-pesco","tag-rami","tag-speranza"],"_links":{"self":[{"href":"https:\/\/www.poetamatusel.org\/index.php?rest_route=\/wp\/v2\/posts\/6491","targetHints":{"allow":["GET"]}}],"collection":[{"href":"https:\/\/www.poetamatusel.org\/index.php?rest_route=\/wp\/v2\/posts"}],"about":[{"href":"https:\/\/www.poetamatusel.org\/index.php?rest_route=\/wp\/v2\/types\/post"}],"author":[{"embeddable":true,"href":"https:\/\/www.poetamatusel.org\/index.php?rest_route=\/wp\/v2\/users\/1"}],"replies":[{"embeddable":true,"href":"https:\/\/www.poetamatusel.org\/index.php?rest_route=%2Fwp%2Fv2%2Fcomments&post=6491"}],"version-history":[{"count":0,"href":"https:\/\/www.poetamatusel.org\/index.php?rest_route=\/wp\/v2\/posts\/6491\/revisions"}],"wp:attachment":[{"href":"https:\/\/www.poetamatusel.org\/index.php?rest_route=%2Fwp%2Fv2%2Fmedia&parent=6491"}],"wp:term":[{"taxonomy":"category","embeddable":true,"href":"https:\/\/www.poetamatusel.org\/index.php?rest_route=%2Fwp%2Fv2%2Fcategories&post=6491"},{"taxonomy":"post_tag","embeddable":true,"href":"https:\/\/www.poetamatusel.org\/index.php?rest_route=%2Fwp%2Fv2%2Ftags&post=6491"}],"curies":[{"name":"wp","href":"https:\/\/api.w.org\/{rel}","templated":true}]}}