{"id":6482,"date":"2016-04-10T23:09:51","date_gmt":"2016-04-10T21:09:51","guid":{"rendered":"http:\/\/poetamatusel.com\/?p=5329"},"modified":"2016-04-10T23:09:51","modified_gmt":"2016-04-10T21:09:51","slug":"rinominiamo-le-ore-piccole","status":"publish","type":"post","link":"https:\/\/www.poetamatusel.org\/?p=6482","title":{"rendered":"RINOMINIAMO LE ORE PICCOLE!"},"content":{"rendered":"<p>&nbsp;<\/p>\n<table width=\"999\" border=\"0\" cellpadding=\"2\" cellspacing=\"0\">\n<tbody>\n<p><a href=\"https:\/\/www.poetamatusel.org\/wp-content\/uploads\/2016\/04\/lune-molto-lontane-foto-guido-comin-poetamatusel.jpg\" rel=\"attachment wp-att-5330\"><img loading=\"lazy\" decoding=\"async\" src=\"https:\/\/www.poetamatusel.org\/wp-content\/uploads\/2016\/04\/lune-molto-lontane-foto-guido-comin-poetamatusel.jpg?w=640\" title=\"Lune molto lontane - Foto Guido Comin PoetaMatus\u00e8l\" width=\"640\" height=\"480\" class=\"alignleft size-large wp-image-5330\" \/><\/a><\/p>\n<tr>\n<td valign=\"top\" width=\"999\"><\/td>\n<\/tr>\n<\/tbody>\n<\/table>\n<p>&nbsp;<\/p>\n<p style=\"padding-left:170px;\"><em>A &nbsp; Gi <\/em><\/p>\n<p>&nbsp;<\/p>\n<p style=\"padding-left:30px;\">Nelle ore che tutti dicono piccole,<br \/>\nma che sono per noi le pi\u00f9 grandi,<br \/>\nagognato silenzio, ormai quasi totale,<br \/>\nmi avvolge in un tenero abbraccio.  <\/p>\n<p>&nbsp;<\/p>\n<p style=\"padding-left:30px;\">Non sento il rumore di lune lontane,<br \/>\nma solo il profumo di timide viole;<br \/>\ned ali silenti di storiche nottole, miti.  <\/p>\n<p>&nbsp;<\/p>\n<p style=\"padding-left:30px;\">Instancabili, i miei balestrucci, che<br \/>\nrattoppano ancora frantumi di sogni,<br \/>\ntacciono in queste sapide ore, quasi<br \/>\nper non spezzare un tenero incanto.  <\/p>\n<p>&nbsp;<\/p>\n<p style=\"padding-left:30px;\">La grappa speciale riscalda le membra,<br \/>\nma un cuore ha bisogno di Te, e non<br \/>\nconsolano certo troppe carezze donate<br \/>\na una foto comparsa sul <em>libro-di-vetro<\/em>! <\/p>\n<p>&nbsp;<\/p>\n<p>&nbsp;<\/p>\n<table width=\"999\" border=\"0\" cellpadding=\"2\" cellspacing=\"0\">\n<tbody>\n<p><a href=\"https:\/\/www.poetamatusel.org\/wp-content\/uploads\/2016\/04\/profumo-di-marzo-foto-guido-comin-poetamatusel.jpg\" rel=\"attachment wp-att-5331\"><img loading=\"lazy\" decoding=\"async\" src=\"https:\/\/www.poetamatusel.org\/wp-content\/uploads\/2016\/04\/profumo-di-marzo-foto-guido-comin-poetamatusel.jpg?w=640\" title=\"Profumo di marzo - Foto Guido Comin PoetaMatus\u00e8l\" width=\"640\" height=\"450\" class=\"alignleft size-large wp-image-5331\" \/><\/a><\/p>\n<tr>\n<td valign=\"top\" width=\"999\"><\/td>\n<\/tr>\n<\/tbody>\n<\/table>\n<p>&nbsp;<\/p>\n<p><a href=\"https:\/\/www.poetamatusel.org\/wp-content\/uploads\/2012\/10\/icon-for-audio-files.jpg\"><img loading=\"lazy\" decoding=\"async\" src=\"https:\/\/www.poetamatusel.org\/wp-content\/uploads\/2012\/10\/icon-for-audio-files.jpg\" alt=\"\" title=\"AUDIO * FILE * AUDIO\" width=\"35\" height=\"35\" class=\"alignleft wp-image-2897\" \/><\/a>  <strong>PoetaMatus\u00e8l legge<br \/>\nRINOMINIAMO LE ORE PICCOLE!<\/strong>  <\/p>\n<audio class=\"wp-audio-shortcode\" id=\"audio-6482-1\" preload=\"none\" style=\"width: 100%;\" controls=\"controls\"><source type=\"audio\/mpeg\" src=\"https:\/\/www.poetamatusel.org\/wp-content\/uploads\/2016\/04\/rinominiamo-le-ore-piccole.mp3?_=1\" \/><a href=\"https:\/\/www.poetamatusel.org\/wp-content\/uploads\/2016\/04\/rinominiamo-le-ore-piccole.mp3\">https:\/\/www.poetamatusel.org\/wp-content\/uploads\/2016\/04\/rinominiamo-le-ore-piccole.mp3<\/a><\/audio>\n<p>&nbsp;<\/p>\n<p>&nbsp;<\/p>\n<p><a href=\"https:\/\/www.poetamatusel.org\/wp-content\/uploads\/2012\/10\/youtube-button.jpg\" rel=\"attachment wp-att-2874\"><img loading=\"lazy\" decoding=\"async\" src=\"https:\/\/www.poetamatusel.org\/wp-content\/uploads\/2012\/10\/youtube-button.jpg\" alt=\"* YouTube *\" width=\"35\" height=\"32\" class=\"alignleft wp-image-2874\" \/><\/a><a href=\"https:\/\/www.youtube.com\/watch?v=jjBDHgFQPl8\" target=\"_blank\"><strong>Neffa canta &#8220;Le ore piccole&#8221;&#8230;<\/strong><\/a><\/p>\n<p>&nbsp;<br \/>\n&nbsp;<br \/>\n&nbsp;<br \/>\n&nbsp;<br \/>\n&nbsp;<\/p>\n<p><a href=\"https:\/\/www.poetamatusel.org\/wp-content\/uploads\/2016\/03\/dscn6953.jpg\" rel=\"attachment wp-att-5221\"><img loading=\"lazy\" decoding=\"async\" src=\"https:\/\/www.poetamatusel.org\/wp-content\/uploads\/2016\/03\/dscn6953.jpg?w=150\" title=\"Profumo di quasi primavera \u2013 Foto Guido Comin PoetaMatus\u00e8l\" width=\"150\" height=\"125\" class=\"alignleft size-thumbnail wp-image-5221\" \/><\/a><\/p>\n<p style=\"padding-left:40px;\"><strong><em>Prezioso Visitatore che mi leggi, un breve commento, anche solo un saluto, scritto qui sotto &#8211; o un &#8216;Mi Piace&#8217; cliccato &#8211; non ti costa che un piccolissimo sforzo, per\u00f2 far\u00e0 un GRANDE piacere a me, quando lo legger\u00f2! Grazie. <\/em> &nbsp; :O)<\/strong> <\/p>\n<p>&nbsp;<\/p>\n<p style=\"padding-top:150px;\">\n<p><span style=\"font-family:'Arial Narrow Special G1';font-size:small;\">Copyright  \u00a9 2016 Guido Comin PoetaMatus\u00e8l &#8211;  Belluno, Italy. All rights reserved.<\/span><\/p>\n<p>&nbsp;<\/p>\n<p>&nbsp;<\/p>\n<p>&nbsp;<\/p>\n<p>.<\/p>\n","protected":false},"excerpt":{"rendered":"<p>&nbsp; &nbsp; A &nbsp; Gi &nbsp; Nelle ore che tutti dicono piccole, ma che sono per noi le pi\u00f9 grandi, agognato silenzio, ormai quasi totale, mi avvolge in un tenero abbraccio. &nbsp; Non sento il rumore di lune lontane, ma solo il profumo di timide viole; ed ali silenti di storiche nottole, miti. &nbsp; Instancabili, [&hellip;]<\/p>\n","protected":false},"author":1,"featured_media":0,"comment_status":"open","ping_status":"open","sticky":false,"template":"","format":"standard","meta":{"footnotes":""},"categories":[5,13,6],"tags":[270,798,1286,1388,1455,1622,1674,1890,1925,1927,1934,2007,2719,2751,2862],"class_list":["post-6482","post","type-post","status-publish","format-standard","hentry","category-poesia-contemporanea-2","category-poesia-italiana","category-poetry-poesia","tag-balestrucci","tag-dipendenza","tag-grappa","tag-incanto","tag-ipad","tag-lune","tag-mancanza","tag-neffa","tag-nostalgia","tag-notte","tag-nottole","tag-ore-piccole","tag-silenzio","tag-solitudine","tag-tablet"],"_links":{"self":[{"href":"https:\/\/www.poetamatusel.org\/index.php?rest_route=\/wp\/v2\/posts\/6482","targetHints":{"allow":["GET"]}}],"collection":[{"href":"https:\/\/www.poetamatusel.org\/index.php?rest_route=\/wp\/v2\/posts"}],"about":[{"href":"https:\/\/www.poetamatusel.org\/index.php?rest_route=\/wp\/v2\/types\/post"}],"author":[{"embeddable":true,"href":"https:\/\/www.poetamatusel.org\/index.php?rest_route=\/wp\/v2\/users\/1"}],"replies":[{"embeddable":true,"href":"https:\/\/www.poetamatusel.org\/index.php?rest_route=%2Fwp%2Fv2%2Fcomments&post=6482"}],"version-history":[{"count":0,"href":"https:\/\/www.poetamatusel.org\/index.php?rest_route=\/wp\/v2\/posts\/6482\/revisions"}],"wp:attachment":[{"href":"https:\/\/www.poetamatusel.org\/index.php?rest_route=%2Fwp%2Fv2%2Fmedia&parent=6482"}],"wp:term":[{"taxonomy":"category","embeddable":true,"href":"https:\/\/www.poetamatusel.org\/index.php?rest_route=%2Fwp%2Fv2%2Fcategories&post=6482"},{"taxonomy":"post_tag","embeddable":true,"href":"https:\/\/www.poetamatusel.org\/index.php?rest_route=%2Fwp%2Fv2%2Ftags&post=6482"}],"curies":[{"name":"wp","href":"https:\/\/api.w.org\/{rel}","templated":true}]}}