{"id":6476,"date":"2016-04-02T23:38:52","date_gmt":"2016-04-02T21:38:52","guid":{"rendered":"http:\/\/poetamatusel.com\/?p=5308"},"modified":"2016-04-02T23:38:52","modified_gmt":"2016-04-02T21:38:52","slug":"luomo-era-per-tutte-le-stagioni","status":"publish","type":"post","link":"https:\/\/www.poetamatusel.org\/?p=6476","title":{"rendered":"L\u2019UOMO ERA PER TUTTE LE STAGIONI"},"content":{"rendered":"<p>&nbsp;<\/p>\n<table width=\"999\" border=\"0\" cellpadding=\"2\" cellspacing=\"0\">\n<tbody>\n<p><a href=\"https:\/\/www.poetamatusel.org\/wp-content\/uploads\/2016\/04\/pannocchia-ricordo-dinfanzia-foto-guido-comin-poetamatusel.jpg\" rel=\"attachment wp-att-5309\"><img loading=\"lazy\" decoding=\"async\" src=\"https:\/\/www.poetamatusel.org\/wp-content\/uploads\/2016\/04\/pannocchia-ricordo-dinfanzia-foto-guido-comin-poetamatusel.jpg?w=640\" title=\"Pannocchia, dolce ricordo d'infanzia - Foto Guido Comin PoetaMatus\u00e8l\" width=\"640\" height=\"440\" class=\"alignleft size-large wp-image-5309\" \/><\/a><\/p>\n<tr>\n<td valign=\"top\" width=\"999\"><\/td>\n<\/tr>\n<\/tbody>\n<\/table>\n<p>&nbsp;<\/p>\n<p style=\"padding-left:30px;\">Voi le ricordate le stagioni? Quando, ai bei tempi,<br \/>\ndipinti di Natura scandivano il passare della Vita? <\/p>\n<p style=\"padding-left:30px;\">L\u2019autunno era il ritorno, indesiderato, nella scuola,<br \/>\nper\u00f2 ci consolavano gustosissime, grandi castagnate,<br \/>\ne le pannocchie, arrostite sulla brace, e traversate<br \/>\ndi provvisori laghi nella pioggia, con gli stivali pieni. <\/p>\n<p style=\"padding-left:30px;\">L\u2019inverno era la gioia della neve, slittini e &#8216;musse&#8217;, &nbsp; *<br \/>\npalle e pupazzi ilari, da salutare prima di dormire;<br \/>\nla trepida attesa del Natale, il muschio del presepe;<br \/>\ngrandi silenzi fatti di ovatta, e geloni a mani e piedi. <\/p>\n<p style=\"padding-left:30px;\">La primavera era, innanzitutto, la grande gioia di<br \/>\nnon dovere pi\u00f9 indossare dannate maglie di lana<br \/>\nche mordevano la nostra pelle delicata di bambini;<br \/>\nma anche il verde tenero, che rispuntava ovunque.  <\/p>\n<p style=\"padding-left:30px;\">E poi l\u2019estate, di nuovo, finalmente, stagione di<br \/>\ncento folli giochi inventati con poco, quasi nulla:<br \/>\ncorse ciclistiche coi tappi corona in cima ai muri,<br \/>\ncaccia alle miti nottole, per poi lasciarle andare. <\/p>\n<p style=\"padding-left:30px;\">Oggi, senza stagioni, l\u2019Uomo disorientato non sa<br \/>\npi\u00f9 cosa-dove-come-quando fare quello che deve,<br \/>\no che dovrebbe fare, e vaga sulla faccia della Terra,<br \/>\npellegrino senza scopo di cammino, n\u00e9 meta, n\u00e9 Dio! <\/p>\n<p>&nbsp;<\/p>\n<p style=\"padding-left:30px;\"><em>* &nbsp; Grandi slitte, trainate a mano, per trasportare legna, fieno, etc.  <\/p>\n<p><\/em><\/p>\n<p>&nbsp;<\/p>\n<table width=\"999\" border=\"0\" cellpadding=\"2\" cellspacing=\"0\">\n<tbody>\n<p><a href=\"https:\/\/www.poetamatusel.org\/wp-content\/uploads\/2016\/04\/il-silenzio-della-neve-foto-guido-comin-poetamatusel.jpg\" rel=\"attachment wp-att-5310\"><img loading=\"lazy\" decoding=\"async\" src=\"https:\/\/www.poetamatusel.org\/wp-content\/uploads\/2016\/04\/il-silenzio-della-neve-foto-guido-comin-poetamatusel.jpg?w=640\" title=\"Il silenzio della neve - Foto Guido Comin PoetaMatus\u00e8l\" width=\"640\" height=\"480\" class=\"size-large wp-image-5310\" \/><\/a><\/p>\n<tr>\n<td valign=\"top\" width=\"999\"><\/td>\n<\/tr>\n<\/tbody>\n<\/table>\n<p>&nbsp;<\/p>\n<p><a href=\"https:\/\/www.poetamatusel.org\/wp-content\/uploads\/2012\/10\/icon-for-audio-files.jpg\"><img loading=\"lazy\" decoding=\"async\" src=\"https:\/\/www.poetamatusel.org\/wp-content\/uploads\/2012\/10\/icon-for-audio-files.jpg\" alt=\"\" title=\"AUDIO * FILE * AUDIO\" width=\"35\" height=\"35\" class=\"alignleft wp-image-2897\" \/><\/a>  <strong>PoetaMatus\u00e8l legge<br \/>\nL\u2019UOMO ERA PER TUTTE LE STAGIONI <\/strong>  <\/p>\n<audio class=\"wp-audio-shortcode\" id=\"audio-6476-1\" preload=\"none\" style=\"width: 100%;\" controls=\"controls\"><source type=\"audio\/mpeg\" src=\"https:\/\/www.poetamatusel.org\/wp-content\/uploads\/2016\/04\/l-uomo-era-per-tutte-le-stagioni.mp3?_=1\" \/><a href=\"https:\/\/www.poetamatusel.org\/wp-content\/uploads\/2016\/04\/l-uomo-era-per-tutte-le-stagioni.mp3\">https:\/\/www.poetamatusel.org\/wp-content\/uploads\/2016\/04\/l-uomo-era-per-tutte-le-stagioni.mp3<\/a><\/audio>\n<p>&nbsp;<\/p>\n<p>&nbsp;<\/p>\n<table width=\"999\" border=\"0\" cellpadding=\"2\" cellspacing=\"0\">\n<tbody>\n<p><a href=\"https:\/\/www.poetamatusel.org\/wp-content\/uploads\/2016\/04\/guado-infantile-obbligatorio-foto-guido-comin-poetamatusel.jpg\" rel=\"attachment wp-att-5311\"><img loading=\"lazy\" decoding=\"async\" src=\"https:\/\/www.poetamatusel.org\/wp-content\/uploads\/2016\/04\/guado-infantile-obbligatorio-foto-guido-comin-poetamatusel.jpg?w=640\" title=\"Guado infantile, obbligatorio - Foto Guido Comin PoetaMatus\u00e8l\" width=\"640\" height=\"451\" class=\"alignleft size-large wp-image-5311\" \/><\/a><\/p>\n<tr>\n<td valign=\"top\" width=\"999\"><\/td>\n<\/tr>\n<\/tbody>\n<\/table>\n<p>&nbsp;<br \/>\n&nbsp;<br \/>\n&nbsp;<br \/>\n&nbsp;<\/p>\n<p><a href=\"https:\/\/www.poetamatusel.org\/wp-content\/uploads\/2016\/03\/dscn6953.jpg\" rel=\"attachment wp-att-5221\"><img loading=\"lazy\" decoding=\"async\" src=\"https:\/\/www.poetamatusel.org\/wp-content\/uploads\/2016\/03\/dscn6953.jpg?w=150\" title=\"Profumo di quasi primavera \u2013 Foto Guido Comin PoetaMatus\u00e8l\" width=\"150\" height=\"125\" class=\"alignleft size-thumbnail wp-image-5221\" \/><\/a><\/p>\n<p style=\"padding-left:40px;\"><strong><em>Prezioso Visitatore che mi leggi, un breve commento, anche solo un saluto, scritto qui sotto &#8211; o un &#8216;Mi Piace&#8217; cliccato &#8211; non ti costa che un piccolissimo sforzo, per\u00f2 far\u00e0 un GRANDE piacere a me, quando lo legger\u00f2! Grazie. <\/em> &nbsp; :O)<\/strong> <\/p>\n<p>&nbsp;<\/p>\n<p style=\"padding-top:150px;\">\n<p><span style=\"font-family:'Arial Narrow Special G1';font-size:small;\">Copyright  \u00a9 2016 Guido Comin PoetaMatus\u00e8l &#8211;  Belluno, Italy. All rights reserved.<\/span><\/p>\n<p>&nbsp;<\/p>\n<p>&nbsp;<\/p>\n<p>&nbsp;<\/p>\n<p>.<\/p>\n","protected":false},"excerpt":{"rendered":"<p>&nbsp; &nbsp; Voi le ricordate le stagioni? Quando, ai bei tempi, dipinti di Natura scandivano il passare della Vita? L\u2019autunno era il ritorno, indesiderato, nella scuola, per\u00f2 ci consolavano gustosissime, grandi castagnate, e le pannocchie, arrostite sulla brace, e traversate di provvisori laghi nella pioggia, con gli stivali pieni. L\u2019inverno era la gioia della neve, [&hellip;]<\/p>\n","protected":false},"author":1,"featured_media":0,"comment_status":"open","ping_status":"open","sticky":false,"template":"","format":"standard","meta":{"footnotes":""},"categories":[5,13,6],"tags":[89,169,256,653,950,1451,1544,1925,2344,2479,2799],"class_list":["post-6476","post","type-post","status-publish","format-standard","hentry","category-poesia-contemporanea-2","category-poesia-italiana","category-poetry-poesia","tag-alienazione","tag-antonio-vivaldi","tag-autunno","tag-confusione","tag-estate","tag-inverno","tag-le-quattro-stagioni","tag-nostalgia","tag-primavera","tag-ricordi","tag-stagioni"],"_links":{"self":[{"href":"https:\/\/www.poetamatusel.org\/index.php?rest_route=\/wp\/v2\/posts\/6476","targetHints":{"allow":["GET"]}}],"collection":[{"href":"https:\/\/www.poetamatusel.org\/index.php?rest_route=\/wp\/v2\/posts"}],"about":[{"href":"https:\/\/www.poetamatusel.org\/index.php?rest_route=\/wp\/v2\/types\/post"}],"author":[{"embeddable":true,"href":"https:\/\/www.poetamatusel.org\/index.php?rest_route=\/wp\/v2\/users\/1"}],"replies":[{"embeddable":true,"href":"https:\/\/www.poetamatusel.org\/index.php?rest_route=%2Fwp%2Fv2%2Fcomments&post=6476"}],"version-history":[{"count":0,"href":"https:\/\/www.poetamatusel.org\/index.php?rest_route=\/wp\/v2\/posts\/6476\/revisions"}],"wp:attachment":[{"href":"https:\/\/www.poetamatusel.org\/index.php?rest_route=%2Fwp%2Fv2%2Fmedia&parent=6476"}],"wp:term":[{"taxonomy":"category","embeddable":true,"href":"https:\/\/www.poetamatusel.org\/index.php?rest_route=%2Fwp%2Fv2%2Fcategories&post=6476"},{"taxonomy":"post_tag","embeddable":true,"href":"https:\/\/www.poetamatusel.org\/index.php?rest_route=%2Fwp%2Fv2%2Ftags&post=6476"}],"curies":[{"name":"wp","href":"https:\/\/api.w.org\/{rel}","templated":true}]}}