{"id":6459,"date":"2016-03-28T21:00:58","date_gmt":"2016-03-28T19:00:58","guid":{"rendered":"http:\/\/poetamatusel.com\/?p=5286"},"modified":"2024-02-23T15:12:26","modified_gmt":"2024-02-23T14:12:26","slug":"sogno-di-un-lunedi-di-pasqua","status":"publish","type":"post","link":"https:\/\/www.poetamatusel.org\/?p=6459","title":{"rendered":"SOGNO DI UN LUNED\u00cc DI PASQUA"},"content":{"rendered":"<p>&nbsp;<\/p>\n<table width=\"999\" border=\"0\" cellpadding=\"2\" cellspacing=\"0\">\n<tbody>\n<p><a href=\"https:\/\/www.poetamatusel.org\/wp-content\/uploads\/2016\/03\/mare-visto-di-sfuggita.jpg\" rel=\"attachment wp-att-5287\"><img loading=\"lazy\" decoding=\"async\" src=\"https:\/\/www.poetamatusel.org\/wp-content\/uploads\/2016\/03\/mare-visto-di-sfuggita.jpg?w=640\" title=\"Mare appena intravvisto - Foto Guido Comin PoetaMatus\u00e8l\" width=\"640\" height=\"415\" class=\"size-large wp-image-5287\" \/>Mare appena intravvisto &#8211; Foto Guido Comin PoetaMatus\u00e8l<\/a><\/p>\n<tr>\n<td valign=\"top\" width=\"999\"><\/td>\n<\/tr>\n<\/tbody>\n<\/table>\n<p>&nbsp;<\/p>\n<p style=\"padding-left:230px;\"><em>A &nbsp; Gi<\/em><\/p>\n<p>&nbsp;<\/p>\n<p style=\"padding-left:0px;\">Un \u2018passaggio\u2019 di sorta c\u2019\u00e8 stato, perch\u00e9<br \/>\nritorno dal mare, ma appena intravvisto,<br \/>\nlasciando amici che forse o no rivedr\u00f2.<br \/>\nE piove, secondo programma, su strade<br \/>\na quest\u2019ora incerta quasi del tutto deserte. <\/p>\n<p style=\"padding-left:0px;\">E penso a come sarebbe stupendo poterti<br \/>\ntrovare \u2013 tiepida \u2013 nel mio letto, al ritorno<br \/>\nmio trepido, contando persino i minuti<br \/>\nche ci separano, divorando chilometri<br \/>\ncome fossero un\u2019aria attesa da sempre.  <\/p>\n<p style=\"padding-left:0px;\">Non oserei nemmeno destarti, lo sai,<br \/>\nma resterei per ore ammaliato sul letto<br \/>\na guardare i tuoi occhi, che vedo anche<br \/>\nchiusi, gli occhi che m\u2019hanno stregato;<br \/>\na pensare che Tu, essere etereo e di ben<br \/>\naltri mondi, sia caduta per caso quaggi\u00f9<br \/>\ned ora stia riposando, per riprendere presto<br \/>\nle tue giovani membra e l\u2019inevitabile volo! <\/p>\n<p>&nbsp;<\/p>\n<p>&nbsp;<\/p>\n<table width=\"999\" border=\"0\" cellpadding=\"2\" cellspacing=\"0\">\n<tbody>\n<p><a href=\"https:\/\/www.poetamatusel.org\/wp-content\/uploads\/2016\/03\/jean-franc3a7ois-raffac3ablli-la-belle-endormie.jpg\" rel=\"attachment wp-att-5288\"><img loading=\"lazy\" decoding=\"async\" src=\"https:\/\/www.poetamatusel.org\/wp-content\/uploads\/2016\/03\/jean-franc3a7ois-raffac3ablli-la-belle-endormie.jpg?w=640\" title=\"Jean-Fran\u00e7ois Raffa\u00eblli - La Belle Endormie\" width=\"640\" height=\"536\" class=\"alignleft size-large wp-image-5288\" \/>Jean-Fran\u00e7ois Raffa\u00eblli &#8211; La Belle Endormie<\/a><\/p>\n<tr>\n<td valign=\"top\" width=\"999\"><\/td>\n<\/tr>\n<\/tbody>\n<\/table>\n<p>&nbsp;<\/p>\n<p><a href=\"https:\/\/www.poetamatusel.org\/wp-content\/uploads\/2012\/10\/icon-for-audio-files.jpg\"><img loading=\"lazy\" decoding=\"async\" src=\"https:\/\/www.poetamatusel.org\/wp-content\/uploads\/2012\/10\/icon-for-audio-files.jpg\" alt=\"\" title=\"AUDIO * FILE * AUDIO\" width=\"35\" height=\"35\" class=\"alignleft wp-image-2897\" \/><\/a>  <strong>PoetaMatus\u00e8l legge<br \/>\nSOGNO DI UN LUNED\u00cc DI PASQUA<\/strong>  <\/p>\n<audio class=\"wp-audio-shortcode\" id=\"audio-6459-1\" preload=\"none\" style=\"width: 100%;\" controls=\"controls\"><source type=\"audio\/mpeg\" src=\"https:\/\/www.poetamatusel.org\/wp-content\/uploads\/2016\/03\/sogno-di-un-lunedc3ac-di-pasqua.mp3?_=1\" \/><a href=\"https:\/\/www.poetamatusel.org\/wp-content\/uploads\/2016\/03\/sogno-di-un-lunedc3ac-di-pasqua.mp3\">https:\/\/www.poetamatusel.org\/wp-content\/uploads\/2016\/03\/sogno-di-un-lunedc3ac-di-pasqua.mp3<\/a><\/audio>\n<p>&nbsp;<br \/>\n&nbsp;<br \/>\n&nbsp;<br \/>\n&nbsp;<br \/>\n&nbsp;<\/p>\n<p><a href=\"https:\/\/www.poetamatusel.org\/wp-content\/uploads\/2016\/03\/dscn6953.jpg\" rel=\"attachment wp-att-5221\"><img loading=\"lazy\" decoding=\"async\" src=\"https:\/\/www.poetamatusel.org\/wp-content\/uploads\/2016\/03\/dscn6953.jpg?w=150\" title=\"Profumo di quasi primavera \u2013 Foto Guido Comin PoetaMatus\u00e8l\" width=\"150\" height=\"125\" class=\"alignleft size-thumbnail wp-image-5221\" \/><\/a><\/p>\n<p style=\"padding-left:40px;\"><strong><em>Prezioso Visitatore che mi leggi, un breve commento, anche solo un saluto, scritto qui sotto &#8211; o un &#8216;Mi Piace&#8217; cliccato &#8211; non ti costa che un piccolissimo sforzo, per\u00f2 far\u00e0 un GRANDE piacere a me, quando lo legger\u00f2! Grazie. <\/em> &nbsp; :O)<\/strong> <\/p>\n<p>&nbsp;<\/p>\n<p style=\"padding-top:150px;\">\n<p><span style=\"font-family:'Arial Narrow Special G1';font-size:small;\">Copyright  \u00a9 2016 Guido Comin PoetaMatus\u00e8l &#8211;  Belluno, Italy. All rights reserved.<\/span><\/p>\n<p>&nbsp;<\/p>\n<p>&nbsp;<\/p>\n<p>&nbsp;<\/p>\n<p>.<\/p>\n","protected":false},"excerpt":{"rendered":"<p>&nbsp; Mare appena intravvisto &#8211; Foto Guido Comin PoetaMatus\u00e8l &nbsp; A &nbsp; Gi &nbsp; Un \u2018passaggio\u2019 di sorta c\u2019\u00e8 stato, perch\u00e9 ritorno dal mare, ma appena intravvisto, lasciando amici che forse o no rivedr\u00f2. E piove, secondo programma, su strade a quest\u2019ora incerta quasi del tutto deserte. E penso a come sarebbe stupendo poterti trovare [&hellip;]<\/p>\n","protected":false},"author":1,"featured_media":0,"comment_status":"open","ping_status":"open","sticky":false,"template":"","format":"standard","meta":{"footnotes":""},"categories":[5,13,6],"tags":[752,974,1387,1645,1665,1846,2098,2100,2230,2742,2849],"class_list":["post-6459","post","type-post","status-publish","format-standard","hentry","category-poesia-contemporanea-2","category-poesia-italiana","category-poetry-poesia","tag-delicatezza","tag-extraterrestre","tag-incantesimo","tag-magia","tag-malia","tag-musa-dormiente","tag-pasqua","tag-passaggio","tag-poesia-damore","tag-sogno","tag-supernaturale"],"_links":{"self":[{"href":"https:\/\/www.poetamatusel.org\/index.php?rest_route=\/wp\/v2\/posts\/6459","targetHints":{"allow":["GET"]}}],"collection":[{"href":"https:\/\/www.poetamatusel.org\/index.php?rest_route=\/wp\/v2\/posts"}],"about":[{"href":"https:\/\/www.poetamatusel.org\/index.php?rest_route=\/wp\/v2\/types\/post"}],"author":[{"embeddable":true,"href":"https:\/\/www.poetamatusel.org\/index.php?rest_route=\/wp\/v2\/users\/1"}],"replies":[{"embeddable":true,"href":"https:\/\/www.poetamatusel.org\/index.php?rest_route=%2Fwp%2Fv2%2Fcomments&post=6459"}],"version-history":[{"count":3,"href":"https:\/\/www.poetamatusel.org\/index.php?rest_route=\/wp\/v2\/posts\/6459\/revisions"}],"predecessor-version":[{"id":7873,"href":"https:\/\/www.poetamatusel.org\/index.php?rest_route=\/wp\/v2\/posts\/6459\/revisions\/7873"}],"wp:attachment":[{"href":"https:\/\/www.poetamatusel.org\/index.php?rest_route=%2Fwp%2Fv2%2Fmedia&parent=6459"}],"wp:term":[{"taxonomy":"category","embeddable":true,"href":"https:\/\/www.poetamatusel.org\/index.php?rest_route=%2Fwp%2Fv2%2Fcategories&post=6459"},{"taxonomy":"post_tag","embeddable":true,"href":"https:\/\/www.poetamatusel.org\/index.php?rest_route=%2Fwp%2Fv2%2Ftags&post=6459"}],"curies":[{"name":"wp","href":"https:\/\/api.w.org\/{rel}","templated":true}]}}