{"id":6450,"date":"2016-03-19T17:35:34","date_gmt":"2016-03-19T16:35:34","guid":{"rendered":"http:\/\/poetamatusel.com\/?p=5251"},"modified":"2024-09-08T14:36:54","modified_gmt":"2024-09-08T12:36:54","slug":"non-sanno-che-cosa-si-perdono","status":"publish","type":"post","link":"https:\/\/www.poetamatusel.org\/?p=6450","title":{"rendered":"NON SANNO CHE COSA SI PERDONO!"},"content":{"rendered":"<p>&nbsp;<\/p>\n<table width=\"999\" border=\"0\" cellpadding=\"2\" cellspacing=\"0\">\n<tbody>\n<p><a href=\"https:\/\/www.poetamatusel.org\/wp-content\/uploads\/2016\/03\/preziosa-lettera-dallitalia-foto-guido-comin-poetamatusc3a8l.jpg\" rel=\"attachment wp-att-5252\"><img loading=\"lazy\" decoding=\"async\" src=\"https:\/\/www.poetamatusel.org\/wp-content\/uploads\/2016\/03\/preziosa-lettera-dallitalia-foto-guido-comin-poetamatusc3a8l.jpg?w=640\" title=\"Preziosa lettera dall'Italia - Foto Guido Comin PoetaMatus\u00e8l\" width=\"640\" height=\"479\" class=\"alignleft size-large wp-image-5252\" \/><\/a><\/p>\n<tr>\n<td valign=\"top\" width=\"999\"><\/td>\n<\/tr>\n<\/tbody>\n<\/table>\n<p>&nbsp;<\/p>\n<p style=\"padding-left:120px;\"><em>A Loredana e Franco<\/em><\/p>\n<p>&nbsp;<\/p>\n<p style=\"padding-left:0px;\">I giovani non conoscono il congiuntivo,<br \/>\nn\u00e9 la gioia e la trepidazione di attendere<br \/>\nper mesi una letterina della tua amata,<br \/>\nrestandoci poi male se dentro non c\u2019era<br \/>\nalmeno una singola sfocata fotografia<br \/>\nPolaroid; oppure un biglietto del teatro<br \/>\no il men\u00f9, di dove era stata con i suoi.<br \/>\nNon possono sapere che cosa significhi<br \/>\nattendere anche per anni una bici nuova,<br \/>\noppure stare per ore in vana speranza<br \/>\nche la biondina e la brunetta passassero<br \/>\nlungo la strada del paesello fatto di sassi.<br \/>\nIl genio molto poco geniale della lampada<br \/>\ngli d\u00e0 ogni cosa e quasi in tempo reale,<br \/>\nmeglio di un comodo negozio virtuale,<br \/>\nvisto che qui non serve nemmeno pagare.<br \/>\nMa cos\u00ec nessuna cosa sar\u00e0 mai pi\u00f9 preziosa,<br \/>\narricchita da tempo, gioia e paziente attesa! <\/p>\n<p>&nbsp;<\/p>\n<p>&nbsp;<\/p>\n<table width=\"999\" border=\"0\" cellpadding=\"2\" cellspacing=\"0\">\n<tbody>\n<p><a href=\"https:\/\/www.poetamatusel.org\/wp-content\/uploads\/2016\/03\/oregne-paesello-fatto-di-sassi-da-una-cartolina-anni-50.jpg\" rel=\"attachment wp-att-5253\"><img loading=\"lazy\" decoding=\"async\" src=\"https:\/\/www.poetamatusel.org\/wp-content\/uploads\/2016\/03\/oregne-paesello-fatto-di-sassi-da-una-cartolina-anni-50.jpg?w=205\" title=\"Oregne di Sospirolo, paesello fatto di sassi - Cartolina anni 50\" width=\"305\" height=\"400\" class=\"aligncenter size-medium wp-image-5253\" \/><\/a><\/p>\n<tr>\n<td valign=\"top\" width=\"999\"><\/td>\n<\/tr>\n<\/tbody>\n<\/table>\n<p>&nbsp;<\/p>\n<p><a href=\"https:\/\/www.poetamatusel.org\/wp-content\/uploads\/2012\/10\/icon-for-audio-files.jpg\"><img loading=\"lazy\" decoding=\"async\" src=\"https:\/\/www.poetamatusel.org\/wp-content\/uploads\/2012\/10\/icon-for-audio-files.jpg\" alt=\"\" title=\"AUDIO * FILE * AUDIO\" width=\"35\" height=\"35\" class=\"alignleft wp-image-2897\" \/><\/a>  <strong>PoetaMatus\u00e8l legge<br \/>\nNON SANNO CHE COSA SI PERDONO!<\/strong>  <\/p>\n<audio class=\"wp-audio-shortcode\" id=\"audio-6450-1\" preload=\"none\" style=\"width: 100%;\" controls=\"controls\"><source type=\"audio\/mpeg\" src=\"https:\/\/www.poetamatusel.org\/wp-content\/uploads\/2016\/03\/non-sanno-che-cosa-si-perdono.mp3?_=1\" \/><a href=\"https:\/\/www.poetamatusel.org\/wp-content\/uploads\/2016\/03\/non-sanno-che-cosa-si-perdono.mp3\">https:\/\/www.poetamatusel.org\/wp-content\/uploads\/2016\/03\/non-sanno-che-cosa-si-perdono.mp3<\/a><\/audio>\n<p>&nbsp;<br \/>\n&nbsp;<br \/>\n&nbsp;<\/p>\n<p><a href=\"https:\/\/www.poetamatusel.org\/wp-content\/uploads\/2016\/03\/dscn6953.jpg\" rel=\"attachment wp-att-5221\"><img loading=\"lazy\" decoding=\"async\" src=\"https:\/\/www.poetamatusel.org\/wp-content\/uploads\/2016\/03\/dscn6953.jpg?w=150\" title=\"Profumo di quasi primavera \u2013 Foto Guido Comin PoetaMatus\u00e8l\" width=\"150\" height=\"125\" class=\"alignleft size-thumbnail wp-image-5221\" \/><\/a><\/p>\n<p style=\"padding-left:40px;\"><strong><em>Prezioso Visitatore che mi leggi, un breve commento, anche solo un saluto, scritto qui sotto &#8211; o un &#8216;Mi Piace&#8217; cliccato &#8211; non ti costa che un piccolissimo sforzo, per\u00f2 far\u00e0 un GRANDE piacere a me, quando lo legger\u00f2! Grazie. <\/em> &nbsp; :O)<\/strong> <\/p>\n<p>&nbsp;<br \/>\n&nbsp;<br \/>\n&nbsp;<\/p>\n<p><span style=\"font-family:'Arial Narrow Special G1';font-size:small;\">Copyright  \u00a9 2016 Guido Comin PoetaMatus\u00e8l &#8211;  Belluno, Italy. All rights reserved.<\/span><\/p>\n<p>&nbsp;<\/p>\n<p>&nbsp;<\/p>\n<p>&nbsp;<\/p>\n<p>.<\/p>\n","protected":false},"excerpt":{"rendered":"<p>&nbsp; &nbsp; A Loredana e Franco &nbsp; I giovani non conoscono il congiuntivo, n\u00e9 la gioia e la trepidazione di attendere per mesi una letterina della tua amata, restandoci poi male se dentro non c\u2019era almeno una singola sfocata fotografia Polaroid; oppure un biglietto del teatro o il men\u00f9, di dove era stata con i [&hellip;]<\/p>\n","protected":false},"author":1,"featured_media":0,"comment_status":"open","ping_status":"open","sticky":false,"template":"","format":"standard","meta":{"footnotes":""},"categories":[5,13,6],"tags":[182,221,237,654,1248,1252,1925,2044,2129,2481],"class_list":["post-6450","post","type-post","status-publish","format-standard","hentry","category-poesia-contemporanea-2","category-poesia-italiana","category-poetry-poesia","tag-apprezzamento","tag-aspettative","tag-attesa","tag-congiuntivo","tag-giovani","tag-gioventu-viziata","tag-nostalgia","tag-paesello","tag-pazienza","tag-ricordi-dinfanzia"],"_links":{"self":[{"href":"https:\/\/www.poetamatusel.org\/index.php?rest_route=\/wp\/v2\/posts\/6450","targetHints":{"allow":["GET"]}}],"collection":[{"href":"https:\/\/www.poetamatusel.org\/index.php?rest_route=\/wp\/v2\/posts"}],"about":[{"href":"https:\/\/www.poetamatusel.org\/index.php?rest_route=\/wp\/v2\/types\/post"}],"author":[{"embeddable":true,"href":"https:\/\/www.poetamatusel.org\/index.php?rest_route=\/wp\/v2\/users\/1"}],"replies":[{"embeddable":true,"href":"https:\/\/www.poetamatusel.org\/index.php?rest_route=%2Fwp%2Fv2%2Fcomments&post=6450"}],"version-history":[{"count":4,"href":"https:\/\/www.poetamatusel.org\/index.php?rest_route=\/wp\/v2\/posts\/6450\/revisions"}],"predecessor-version":[{"id":7932,"href":"https:\/\/www.poetamatusel.org\/index.php?rest_route=\/wp\/v2\/posts\/6450\/revisions\/7932"}],"wp:attachment":[{"href":"https:\/\/www.poetamatusel.org\/index.php?rest_route=%2Fwp%2Fv2%2Fmedia&parent=6450"}],"wp:term":[{"taxonomy":"category","embeddable":true,"href":"https:\/\/www.poetamatusel.org\/index.php?rest_route=%2Fwp%2Fv2%2Fcategories&post=6450"},{"taxonomy":"post_tag","embeddable":true,"href":"https:\/\/www.poetamatusel.org\/index.php?rest_route=%2Fwp%2Fv2%2Ftags&post=6450"}],"curies":[{"name":"wp","href":"https:\/\/api.w.org\/{rel}","templated":true}]}}