{"id":6410,"date":"2016-03-05T12:36:01","date_gmt":"2016-03-05T11:36:01","guid":{"rendered":"http:\/\/poetamatusel.com\/?p=5210"},"modified":"2016-03-05T12:36:01","modified_gmt":"2016-03-05T11:36:01","slug":"svegliarsi-davvero-controvoglia","status":"publish","type":"post","link":"https:\/\/www.poetamatusel.org\/?p=6410","title":{"rendered":"SVEGLIARSI DAVVERO CONTROVOGLIA"},"content":{"rendered":"<p>&nbsp;<\/p>\n<table width=\"999\" border=\"0\" cellpadding=\"2\" cellspacing=\"0\">\n<tbody>\n<p><a href=\"https:\/\/www.poetamatusel.org\/wp-content\/uploads\/2016\/03\/come-uccidere-il-sole-foto-guido-comin-poetamatusel.jpg\" rel=\"attachment wp-att-5211\"><img loading=\"lazy\" decoding=\"async\" src=\"https:\/\/www.poetamatusel.org\/wp-content\/uploads\/2016\/03\/come-uccidere-il-sole-foto-guido-comin-poetamatusel.jpg?w=640\" title=\"Come uccidere il sole - Foto Guido Comin PoetaMatus\u00e8l\" width=\"640\" height=\"457\" class=\"alignleft size-large wp-image-5211\" \/><\/a><\/p>\n<tr>\n<td valign=\"top\" width=\"999\"><\/td>\n<\/tr>\n<\/tbody>\n<\/table>\n<p>&nbsp;<\/p>\n<p style=\"padding-left:20px;\">Alle 4 e 30 i merli intentano gi\u00e0 un\u2019<em>aubade<\/em>,<br \/>\nma io preferirei non destarmi da questo<br \/>\ntorpore quasi oppiaceo, indotto, per non<br \/>\niniziare anche oggi a pensare ad un mondo<br \/>\nche va sempre peggio, dove ancora bambini<br \/>\npossono scegliere tra un morire annegati<br \/>\noppure di fame; dove dannati nazionalisti<br \/>\nerigono muri e recinti; dove le ruspe fanno<br \/>\ntabula rasa di immani macerie di sogni;<br \/>\ndove ancora piovono bombe, anzich\u00e9 caramelle,<br \/>\ne politici benestanti (guarda caso!) comprano<br \/>\nuteri come io indispensabili mutande nuove \u2026<br \/>\nPreferirei ancora sognare dolci, esotici occhi<br \/>\nche mi attendono all\u2019ombra di freschi palmizi,<br \/>\nin un\u2019oasi provvidenziale, nel mezzo del nulla.<br \/>\nMa <em>Turdus merula<\/em>, petulante, insiste e ricorda<br \/>\nche sono io stesso un migrante: urge, pertanto,<br \/>\nripartire! Non vi \u00e8, ormai, altra cosa da fare.<\/p>\n<p>&nbsp;<\/p>\n<p>&nbsp;<\/p>\n<table width=\"999\" border=\"0\" cellpadding=\"2\" cellspacing=\"0\">\n<tbody>\n<p><a href=\"https:\/\/www.poetamatusel.org\/wp-content\/uploads\/2016\/03\/la-partenza-foto-guido-comin-poetamatusel.jpg\" rel=\"attachment wp-att-5212\"><img loading=\"lazy\" decoding=\"async\" src=\"https:\/\/www.poetamatusel.org\/wp-content\/uploads\/2016\/03\/la-partenza-foto-guido-comin-poetamatusel.jpg?w=640\" title=\"La partenza - Foto Guido Comin PoetaMatus\u00e8l\" width=\"640\" height=\"416\" class=\"alignleft size-large wp-image-5212\" \/><\/a><\/p>\n<tr>\n<td valign=\"top\" width=\"999\"><\/td>\n<\/tr>\n<\/tbody>\n<\/table>\n<p>&nbsp;<\/p>\n<p>&nbsp;<\/p>\n<p><a href=\"https:\/\/www.poetamatusel.org\/wp-content\/uploads\/2012\/10\/icon-for-audio-files.jpg\"><img loading=\"lazy\" decoding=\"async\" src=\"https:\/\/www.poetamatusel.org\/wp-content\/uploads\/2012\/10\/icon-for-audio-files.jpg\" alt=\"\" title=\"AUDIO * FILE * AUDIO\" width=\"35\" height=\"35\" class=\"alignleft wp-image-2897\" \/><\/a>  <strong>PoetaMatus\u00e8l legge<br \/>\nSVEGLIARSI DAVVERO CONTROVOGLIA<\/strong>  <\/p>\n<audio class=\"wp-audio-shortcode\" id=\"audio-6410-1\" preload=\"none\" style=\"width: 100%;\" controls=\"controls\"><source type=\"audio\/mpeg\" src=\"https:\/\/www.poetamatusel.org\/wp-content\/uploads\/2016\/03\/svegliarsi-davvero-controvoglia.mp3?_=1\" \/><a href=\"https:\/\/www.poetamatusel.org\/wp-content\/uploads\/2016\/03\/svegliarsi-davvero-controvoglia.mp3\">https:\/\/www.poetamatusel.org\/wp-content\/uploads\/2016\/03\/svegliarsi-davvero-controvoglia.mp3<\/a><\/audio>\n<p>&nbsp;<br \/>\n&nbsp;<br \/>\n&nbsp;<br \/>\n&nbsp;<\/p>\n<p><a href=\"https:\/\/www.poetamatusel.org\/wp-content\/uploads\/2015\/04\/dscn7418.jpg\"><img loading=\"lazy\" decoding=\"async\" src=\"https:\/\/www.poetamatusel.org\/wp-content\/uploads\/2015\/04\/dscn7418.jpg?w=150\" title=\"Primule a primavera - Foto Guido Comin PoetaMatus\u00e8l\" width=\"150\" height=\"113\" class=\"alignleft size-thumbnail wp-image-4839\" \/><\/a> <\/a><\/p>\n<p style=\"padding-left:40px;\"><strong><em>Prezioso Visitatore che mi leggi, un breve commento, anche solo un saluto, scritto qui sotto &#8211; o un &#8216;Mi Piace&#8217; cliccato &#8211; non ti costa che un piccolissimo sforzo, per\u00f2 far\u00e0 un GRANDE piacere a me, quando lo legger\u00f2! Grazie. <\/em> &nbsp; :O)<\/strong> <\/p>\n<p>&nbsp;<\/p>\n<p style=\"padding-top:150px;\">\n<p><span style=\"font-family:'Arial Narrow Special G1';font-size:small;\">Copyright  \u00a9 2016 Guido Comin PoetaMatus\u00e8l &#8211;  Belluno, Italy. All rights reserved.<\/span><\/p>\n<p>&nbsp;<\/p>\n<p>&nbsp;<\/p>\n<p>&nbsp;<\/p>\n<p>.<\/p>\n","protected":false},"excerpt":{"rendered":"<p>&nbsp; &nbsp; Alle 4 e 30 i merli intentano gi\u00e0 un\u2019aubade, ma io preferirei non destarmi da questo torpore quasi oppiaceo, indotto, per non iniziare anche oggi a pensare ad un mondo che va sempre peggio, dove ancora bambini possono scegliere tra un morire annegati oppure di fame; dove dannati nazionalisti erigono muri e recinti; [&hellip;]<\/p>\n","protected":false},"author":1,"featured_media":0,"comment_status":"open","ping_status":"open","sticky":false,"template":"","format":"standard","meta":{"footnotes":""},"categories":[5,13,6],"tags":[246,340,451,959,1420,1745,1792,1844,1887,2095,2501,2999,3050],"class_list":["post-6410","post","type-post","status-publish","format-standard","hentry","category-poesia-contemporanea-2","category-poesia-italiana","category-poetry-poesia","tag-aubade","tag-bimbi-annegati","tag-caos","tag-europa","tag-inevitabilita","tag-merlo","tag-mondo-disastrato","tag-muri-antimigranti","tag-nazionalisti","tag-partenza","tag-rinnovamento","tag-turdus-merula","tag-uteri-venduti"],"_links":{"self":[{"href":"https:\/\/www.poetamatusel.org\/index.php?rest_route=\/wp\/v2\/posts\/6410","targetHints":{"allow":["GET"]}}],"collection":[{"href":"https:\/\/www.poetamatusel.org\/index.php?rest_route=\/wp\/v2\/posts"}],"about":[{"href":"https:\/\/www.poetamatusel.org\/index.php?rest_route=\/wp\/v2\/types\/post"}],"author":[{"embeddable":true,"href":"https:\/\/www.poetamatusel.org\/index.php?rest_route=\/wp\/v2\/users\/1"}],"replies":[{"embeddable":true,"href":"https:\/\/www.poetamatusel.org\/index.php?rest_route=%2Fwp%2Fv2%2Fcomments&post=6410"}],"version-history":[{"count":0,"href":"https:\/\/www.poetamatusel.org\/index.php?rest_route=\/wp\/v2\/posts\/6410\/revisions"}],"wp:attachment":[{"href":"https:\/\/www.poetamatusel.org\/index.php?rest_route=%2Fwp%2Fv2%2Fmedia&parent=6410"}],"wp:term":[{"taxonomy":"category","embeddable":true,"href":"https:\/\/www.poetamatusel.org\/index.php?rest_route=%2Fwp%2Fv2%2Fcategories&post=6410"},{"taxonomy":"post_tag","embeddable":true,"href":"https:\/\/www.poetamatusel.org\/index.php?rest_route=%2Fwp%2Fv2%2Ftags&post=6410"}],"curies":[{"name":"wp","href":"https:\/\/api.w.org\/{rel}","templated":true}]}}