{"id":6263,"date":"2016-01-23T21:36:43","date_gmt":"2016-01-23T20:36:43","guid":{"rendered":"http:\/\/poetamatusel.com\/?p=5182"},"modified":"2016-01-23T21:36:43","modified_gmt":"2016-01-23T20:36:43","slug":"tentato-suicidio","status":"publish","type":"post","link":"https:\/\/www.poetamatusel.org\/?p=6263","title":{"rendered":"TENTATO SUICIDIO"},"content":{"rendered":"<p>&nbsp;<\/p>\n<table width=\"999\" border=\"0\" cellpadding=\"2\" cellspacing=\"0\">\n<tbody>\n<p><a href=\"https:\/\/www.poetamatusel.org\/wp-content\/uploads\/2016\/01\/dscn4287.jpg\" rel=\"attachment wp-att-5183\"><img loading=\"lazy\" decoding=\"async\" src=\"https:\/\/www.poetamatusel.org\/wp-content\/uploads\/2016\/01\/dscn4287.jpg?w=640\" title=\"Fiume Piave a Salettuol (TV), gennaio 2015 - Foto Guido Comin PoetaMatus\u00e8l\" width=\"640\" height=\"480\" class=\"alignleft size-large wp-image-5183\" \/><\/a><\/p>\n<tr>\n<td valign=\"top\" width=\"999\"><\/td>\n<\/tr>\n<\/tbody>\n<\/table>\n<p>&nbsp;<\/p>\n<p style=\"padding-left:40px;\">Depresso, ma<br \/>\nproprio disperato,<br \/>\nmi sono appropinquato<br \/>\nal fiume, confidando nella<br \/>\nsua complicit\u00e0 di sempre, ma<br \/>\n\u2013 perfido, malvagio, infame \u2013 lui<br \/>\nmi ha lasciato a \u2026<br \/>\nbocca asciutta! <\/p>\n<p>&nbsp;<\/p>\n<p>&nbsp;<\/p>\n<table width=\"999\" border=\"0\" cellpadding=\"2\" cellspacing=\"0\">\n<tbody>\n<p><a href=\"https:\/\/www.poetamatusel.org\/wp-content\/uploads\/2016\/01\/dscn4289.jpg\" rel=\"attachment wp-att-5184\"><img loading=\"lazy\" decoding=\"async\" src=\"https:\/\/www.poetamatusel.org\/wp-content\/uploads\/2016\/01\/dscn4289.jpg?w=640\" title=\"La Piave ... a bocca asciutta! - Foto Guido Comin PoetaMatus\u00e8l\" width=\"640\" height=\"480\" class=\"alignleft size-large wp-image-5184\" \/><\/a><\/p>\n<tr>\n<td valign=\"top\" width=\"999\"><\/td>\n<\/tr>\n<\/tbody>\n<\/table>\n<p>&nbsp;<\/p>\n<p>&nbsp;<br \/>\n&nbsp;<br \/>\n&nbsp;<br \/>\n&nbsp;<\/p>\n<p><a href=\"https:\/\/www.poetamatusel.org\/wp-content\/uploads\/2015\/12\/guidino-prima-foto-passaporto.jpg\" rel=\"attachment wp-att-5131\"><img loading=\"lazy\" decoding=\"async\" src=\"https:\/\/www.poetamatusel.org\/wp-content\/uploads\/2015\/12\/guidino-prima-foto-passaporto.jpg?w=134\" alt=\"Guidino - prima foto passaporto\" width=\"134\" height=\"150\" class=\"alignleft size-thumbnail wp-image-5131\" \/><\/a><strong><em>Prezioso Visitatore che mi leggi, un breve commento, anche solo un saluto, scritto qui sotto &#8211; o un &#8216;Mi Piace&#8217; cliccato &#8211; non ti costa che un piccolissimo sforzo, per\u00f2 far\u00e0 un GRANDE piacere a me, quando lo legger\u00f2! Grazie. <\/em> &nbsp; :O)<\/strong> <\/p>\n<p>&nbsp;<\/p>\n<p style=\"padding-top:150px;\">\n<p><span style=\"font-family:'Arial Narrow Special G1';font-size:small;\">Copyright  \u00a9 2016 Guido Comin PoetaMatus\u00e8l &#8211;  Belluno, Italy. All rights reserved.<\/span><\/p>\n<p>&nbsp;<\/p>\n<p>&nbsp;<\/p>\n<p>&nbsp;<\/p>\n<p>.<\/p>\n","protected":false},"excerpt":{"rendered":"<p>&nbsp; &nbsp; Depresso, ma proprio disperato, mi sono appropinquato al fiume, confidando nella sua complicit\u00e0 di sempre, ma \u2013 perfido, malvagio, infame \u2013 lui mi ha lasciato a \u2026 bocca asciutta! &nbsp; &nbsp; &nbsp; &nbsp; &nbsp; &nbsp; &nbsp; Prezioso Visitatore che mi leggi, un breve commento, anche solo un saluto, scritto qui sotto &#8211; o [&hellip;]<\/p>\n","protected":false},"author":1,"featured_media":0,"comment_status":"open","ping_status":"open","sticky":false,"template":"","format":"standard","meta":{"footnotes":""},"categories":[2,13,6],"tags":[757,801,1077,1078,2586,2709,2908,2955],"class_list":["post-6263","post","type-post","status-publish","format-standard","hentry","category-contemporary-poetry-2","category-poesia-italiana","category-poetry-poesia","tag-delusione","tag-disappunto","tag-fiume-in-secca","tag-fiume-piave","tag-salvezza","tag-siccita","tag-tentato-suicidio","tag-tradimento"],"_links":{"self":[{"href":"https:\/\/www.poetamatusel.org\/index.php?rest_route=\/wp\/v2\/posts\/6263","targetHints":{"allow":["GET"]}}],"collection":[{"href":"https:\/\/www.poetamatusel.org\/index.php?rest_route=\/wp\/v2\/posts"}],"about":[{"href":"https:\/\/www.poetamatusel.org\/index.php?rest_route=\/wp\/v2\/types\/post"}],"author":[{"embeddable":true,"href":"https:\/\/www.poetamatusel.org\/index.php?rest_route=\/wp\/v2\/users\/1"}],"replies":[{"embeddable":true,"href":"https:\/\/www.poetamatusel.org\/index.php?rest_route=%2Fwp%2Fv2%2Fcomments&post=6263"}],"version-history":[{"count":0,"href":"https:\/\/www.poetamatusel.org\/index.php?rest_route=\/wp\/v2\/posts\/6263\/revisions"}],"wp:attachment":[{"href":"https:\/\/www.poetamatusel.org\/index.php?rest_route=%2Fwp%2Fv2%2Fmedia&parent=6263"}],"wp:term":[{"taxonomy":"category","embeddable":true,"href":"https:\/\/www.poetamatusel.org\/index.php?rest_route=%2Fwp%2Fv2%2Fcategories&post=6263"},{"taxonomy":"post_tag","embeddable":true,"href":"https:\/\/www.poetamatusel.org\/index.php?rest_route=%2Fwp%2Fv2%2Ftags&post=6263"}],"curies":[{"name":"wp","href":"https:\/\/api.w.org\/{rel}","templated":true}]}}