{"id":6215,"date":"2016-01-11T15:21:49","date_gmt":"2016-01-11T14:21:49","guid":{"rendered":"http:\/\/poetamatusel.com\/?p=5157"},"modified":"2017-09-17T18:32:36","modified_gmt":"2017-09-17T16:32:36","slug":"bosco-di-caprioli-e-bucaneve","status":"publish","type":"post","link":"https:\/\/www.poetamatusel.org\/?p=6215","title":{"rendered":"BOSCO DI CAPRIOLI E BUCANEVE"},"content":{"rendered":"<p>&nbsp;<\/p>\n<table width=\"999\" border=\"0\" cellpadding=\"2\" cellspacing=\"0\">\n<tbody>\n<p><a href=\"https:\/\/www.poetamatusel.org\/wp-content\/uploads\/2016\/01\/il-buio-bosco-dei-bucaneve-foto-guido-comin-poetamatusc3a8l.jpg\" rel=\"attachment wp-att-5158\"><img loading=\"lazy\" decoding=\"async\" src=\"https:\/\/www.poetamatusel.org\/wp-content\/uploads\/2016\/01\/il-buio-bosco-dei-bucaneve-foto-guido-comin-poetamatusc3a8l.jpg?w=640\" title=\"Il buio bosco dei bucaneve - Foto Guido Comin PoetaMatus\u00e8l\" width=\"640\" height=\"403\" class=\"alignleft size-large wp-image-5158\" \/><\/a><\/p>\n<tr>\n<td valign=\"top\" width=\"999\"><\/td>\n<\/tr>\n<\/tbody>\n<\/table>\n<p>&nbsp;<\/p>\n<p style=\"padding-left:230px;\"><em>A Denise<\/em><\/p>\n<p>&nbsp;<\/p>\n<p style=\"padding-left:20px;\">In una sera sapida di nebbia e fumo acre,<br \/>\nlass\u00f9 dove la strada \u00e8 un poco sgangherata,<br \/>\nsiamo ritornati in quel famoso boschetto<br \/>\nbuio dei nostri teneri promessi bucaneve. <\/p>\n<p>&nbsp;<\/p>\n<p style=\"padding-left:20px;\">Ne \u00e8 scorsa dell\u2019acqua da vecchie fontane<br \/>\ndi paese (le poche rimaste) da lontanissima<br \/>\nvisita, quando a passi lenti misuravamo<br \/>\nsorridendo i tanti anni che ci separavano. <\/p>\n<p>&nbsp;<\/p>\n<p style=\"padding-left:20px;\">Quando io ancora parlavo di benedette<br \/>\nacque e perfino di fede; e c\u2019era la pioggia<br \/>\ne io mi incantavo ad ascoltare una voce<br \/>\nche percepivo come un miracolo, il tuo. <\/p>\n<p>&nbsp;<\/p>\n<p style=\"padding-left:20px;\">Ma una cosa di sicuro non \u00e8 cambiata:<br \/>\nrimani ancora normalmente stupenda Tu<br \/>\ne non posso ancora oggi non paragonarti<br \/>\n\u2013 come gi\u00e0 facevo \u2013 a Madonne di chiese! <\/p>\n<p>&nbsp;<\/p>\n<p style=\"padding-left:20px;\">All\u2019improvviso, il caso ci ha regalato,<br \/>\nbrevissima e  tenue, una danza di caprioli,<br \/>\ntroppo presto sfumata in acqueo sipario,<br \/>\nma incancellabile da memorie dell\u2019anima. <\/p>\n<p>&nbsp;<\/p>\n<p style=\"padding-left:20px;\">Poi quel caminetto, fatto apposta per Muse,<br \/>\nriscaldava pi\u00f9 le tue membra che il mio cuore,<br \/>\ne il suo bagliore era lo stesso d\u2019altri giorni<br \/>\ne Tu la stessa fulgida non scordabile visione. <\/p>\n<p>&nbsp;<\/p>\n<p style=\"padding-left:20px;\">E dopo, sotto quel provvido ombrello inglese<br \/>\navrei voluto restare ancora a lungo lass\u00f9,<br \/>\nsulla collina di oche ed asini ad aspettare<br \/>\nil ritorno di quei tuoi promessi bucaneve. <\/p>\n<p>&nbsp;<\/p>\n<p>&nbsp;<\/p>\n<table width=\"999\" border=\"0\" cellpadding=\"2\" cellspacing=\"0\">\n<tbody>\n<p><a href=\"https:\/\/www.poetamatusel.org\/wp-content\/uploads\/2016\/01\/teneri-promessi-bucaneve-foto-guido-comin-poetamatusel.jpg\" rel=\"attachment wp-att-5159\"><img loading=\"lazy\" decoding=\"async\" src=\"https:\/\/www.poetamatusel.org\/wp-content\/uploads\/2016\/01\/teneri-promessi-bucaneve-foto-guido-comin-poetamatusel.jpg?w=640\" title=\"Teneri promessi bucaneve - Foto Guido Comin PoetaMatus\u00e8l\" width=\"640\" height=\"384\" class=\"alignleft size-large wp-image-5159\" \/><\/a><\/p>\n<tr>\n<td valign=\"top\" width=\"999\"><\/td>\n<\/tr>\n<\/tbody>\n<\/table>\n<p>&nbsp;<\/p>\n<p><a href=\"https:\/\/www.poetamatusel.org\/wp-content\/uploads\/2012\/10\/icon-for-audio-files.jpg\"><img loading=\"lazy\" decoding=\"async\" src=\"https:\/\/www.poetamatusel.org\/wp-content\/uploads\/2012\/10\/icon-for-audio-files.jpg\" alt=\"\" title=\"AUDIO * FILE * AUDIO\" width=\"35\" height=\"35\" class=\"alignleft wp-image-2897\" \/><\/a>  <strong>PoetaMatus\u00e8l legge<br \/>\nBOSCO DI CAPRIOLI E BUCANEVE<\/strong>  <\/p>\n<audio class=\"wp-audio-shortcode\" id=\"audio-6215-1\" preload=\"none\" style=\"width: 100%;\" controls=\"controls\"><source type=\"audio\/mpeg\" src=\"https:\/\/www.poetamatusel.org\/wp-content\/uploads\/2016\/01\/bosco-di-caprioli-e-bucaneve.mp3?_=1\" \/><a href=\"https:\/\/www.poetamatusel.org\/wp-content\/uploads\/2016\/01\/bosco-di-caprioli-e-bucaneve.mp3\">https:\/\/www.poetamatusel.org\/wp-content\/uploads\/2016\/01\/bosco-di-caprioli-e-bucaneve.mp3<\/a><\/audio>\n<p>&nbsp;<\/p>\n<p>&nbsp;<\/p>\n<p><a href=\"https:\/\/www.poetamatusel.org\/wp-content\/uploads\/2012\/11\/link-symbol-for-blog.jpg\" rel=\"attachment wp-att-2959\"><img loading=\"lazy\" decoding=\"async\" src=\"https:\/\/www.poetamatusel.org\/wp-content\/uploads\/2012\/11\/link-symbol-for-blog.jpg\" alt=\"* LINK *\" width=\"35\" height=\"35\" class=\"alignleft wp-image-2959\" \/><\/a><a href=\"https:\/\/www.poetamatusel.org\/?p=1251\" target=\"_blank\"><strong>Clicca qui, per leggere ACQUA, LA TUA VOCE,<br \/>\nla poesia di cui questa \u00e8 quasi una sequela&#8230; <\/strong><\/a><\/p>\n<p>&nbsp;<br \/>\n&nbsp;<br \/>\n&nbsp;<br \/>\n&nbsp;<br \/>\n&nbsp;<br \/>\n&nbsp;<\/p>\n<p><a href=\"https:\/\/www.poetamatusel.org\/wp-content\/uploads\/2015\/04\/dscn7418.jpg\"><img loading=\"lazy\" decoding=\"async\" src=\"https:\/\/www.poetamatusel.org\/wp-content\/uploads\/2015\/04\/dscn7418.jpg?w=150\" title=\"Primule a primavera - Foto Guido Comin PoetaMatus\u00e8l\" width=\"150\" height=\"113\" class=\"alignleft size-thumbnail wp-image-4839\" \/><\/a> <\/a><\/p>\n<p style=\"padding-left:40px;\"><strong><em>Prezioso Visitatore che mi leggi, un breve commento, anche solo un saluto, scritto qui sotto &#8211; o un &#8216;Mi Piace&#8217; cliccato &#8211; non ti costa che un piccolissimo sforzo, per\u00f2 far\u00e0 un GRANDE piacere a me, quando lo legger\u00f2! Grazie. <\/em> &nbsp; :O)<\/strong> <\/p>\n<p>&nbsp;<\/p>\n<p style=\"padding-top:150px;\">\n<p><span style=\"font-family:'Arial Narrow Special G1';font-size:small;\">Copyright  \u00a9 2016 Guido Comin PoetaMatus\u00e8l &#8211;  Belluno, Italy. All rights reserved.<\/span><\/p>\n<p>&nbsp;<\/p>\n<p>&nbsp;<\/p>\n<p>&nbsp;<\/p>\n<p>.<\/p>\n","protected":false},"excerpt":{"rendered":"<p>&nbsp; &nbsp; A Denise &nbsp; In una sera sapida di nebbia e fumo acre, lass\u00f9 dove la strada \u00e8 un poco sgangherata, siamo ritornati in quel famoso boschetto buio dei nostri teneri promessi bucaneve. &nbsp; Ne \u00e8 scorsa dell\u2019acqua da vecchie fontane di paese (le poche rimaste) da lontanissima visita, quando a passi lenti misuravamo [&hellip;]<\/p>\n","protected":false},"author":1,"featured_media":0,"comment_status":"open","ping_status":"open","sticky":false,"template":"","format":"standard","meta":{"footnotes":""},"categories":[5,13,6],"tags":[36,311,362,383,412,460,600,1104,1634,1850,1889,1925,2230,2479,2820,3159],"class_list":["post-6215","post","type-post","status-publish","format-standard","hentry","category-poesia-contemporanea-2","category-poesia-italiana","category-poetry-poesia","tag-acqua","tag-bellezza","tag-bosco","tag-bucaneve","tag-caminetto","tag-caprioli","tag-collina","tag-fontane","tag-madonne","tag-muse","tag-nebbia","tag-nostalgia","tag-poesia-damore","tag-ricordi","tag-strada-ghiaiata","tag-voce"],"_links":{"self":[{"href":"https:\/\/www.poetamatusel.org\/index.php?rest_route=\/wp\/v2\/posts\/6215","targetHints":{"allow":["GET"]}}],"collection":[{"href":"https:\/\/www.poetamatusel.org\/index.php?rest_route=\/wp\/v2\/posts"}],"about":[{"href":"https:\/\/www.poetamatusel.org\/index.php?rest_route=\/wp\/v2\/types\/post"}],"author":[{"embeddable":true,"href":"https:\/\/www.poetamatusel.org\/index.php?rest_route=\/wp\/v2\/users\/1"}],"replies":[{"embeddable":true,"href":"https:\/\/www.poetamatusel.org\/index.php?rest_route=%2Fwp%2Fv2%2Fcomments&post=6215"}],"version-history":[{"count":2,"href":"https:\/\/www.poetamatusel.org\/index.php?rest_route=\/wp\/v2\/posts\/6215\/revisions"}],"predecessor-version":[{"id":7186,"href":"https:\/\/www.poetamatusel.org\/index.php?rest_route=\/wp\/v2\/posts\/6215\/revisions\/7186"}],"wp:attachment":[{"href":"https:\/\/www.poetamatusel.org\/index.php?rest_route=%2Fwp%2Fv2%2Fmedia&parent=6215"}],"wp:term":[{"taxonomy":"category","embeddable":true,"href":"https:\/\/www.poetamatusel.org\/index.php?rest_route=%2Fwp%2Fv2%2Fcategories&post=6215"},{"taxonomy":"post_tag","embeddable":true,"href":"https:\/\/www.poetamatusel.org\/index.php?rest_route=%2Fwp%2Fv2%2Ftags&post=6215"}],"curies":[{"name":"wp","href":"https:\/\/api.w.org\/{rel}","templated":true}]}}