{"id":5960,"date":"2015-12-01T23:20:32","date_gmt":"2015-12-01T22:20:32","guid":{"rendered":"http:\/\/poetamatusel.com\/?p=5091"},"modified":"2017-08-13T15:13:45","modified_gmt":"2017-08-13T13:13:45","slug":"nevi-diverse-prenatalizie-rivisitate","status":"publish","type":"post","link":"https:\/\/www.poetamatusel.org\/?p=5960","title":{"rendered":"NEVI DIVERSE, PRENATALIZIE, RIVISITATE"},"content":{"rendered":"<p>&nbsp;<\/p>\n<table width=\"999\" border=\"0\" cellpadding=\"2\" cellspacing=\"0\">\n<tbody>\n<p><a href=\"https:\/\/www.poetamatusel.org\/wp-content\/uploads\/2015\/12\/ardea-alba-il-pic3b9-candido-airone-foto-guido-comin-poetamatusel.jpg\" rel=\"attachment wp-att-5092\"><img loading=\"lazy\" decoding=\"async\" src=\"https:\/\/www.poetamatusel.org\/wp-content\/uploads\/2015\/12\/ardea-alba-il-pic3b9-candido-airone-foto-guido-comin-poetamatusel.jpg?w=640\" title=\"'Ardea alba', il pi\u00f9 candido airone - Foto Guido Comin PoetaMatus\u00e8l\" width=\"640\" height=\"378\" class=\"alignleft size-large wp-image-5092\" \/><\/a><\/p>\n<tr>\n<td valign=\"top\" width=\"999\"><\/td>\n<\/tr>\n<\/tbody>\n<\/table>\n<p>&nbsp;<\/p>\n<p style=\"padding-left:140px;\"><em>A Desara, intramontabile Musa<\/em><\/p>\n<p>&nbsp;<\/p>\n<p style=\"padding-left:40px;\">\u00c8 caduta la neve sui monti, ma solo i pi\u00f9 alti,<br \/>\ne spunta da sopra l\u2019argine repentina garzetta,<br \/>\ncome fiore di primavera un po\u2019 troppo precoce,<br \/>\nmentre mazzi di fiori fasulli commemorano<br \/>\nidioti ammazzatisi in macchina, sbadatamente.<br \/>\nIn un pomeriggio cos\u00ec, sapendo che vengo da te,<br \/>\na incontrarti (quasi un miracolo, ora che sei<br \/>\ntanto lontana da noi tutti, se pur vicinissima),<br \/>\nquesto giorno che sta a met\u00e0 strada tra il sole<br \/>\ne la nebbia caparbia che, lieve, il tutto avviluppa,<br \/>\ntu non sai che, ammirando il pi\u00f9 candido airone,<br \/>\nio tuttora potrei rischiare sul serio di cascarci<br \/>\n\u2013 come sappiamo che accadde \u2013 di nuovo con te. <\/p>\n<p>&nbsp;<\/p>\n<p>&nbsp;<\/p>\n<table width=\"999\" border=\"0\" cellpadding=\"2\" cellspacing=\"0\">\n<tbody>\n<p><a href=\"https:\/\/www.poetamatusel.org\/wp-content\/uploads\/2015\/12\/il-poeta-sogna-ancora-autoscatto-guido-comin-poetamatusel.jpg\" rel=\"attachment wp-att-5093\"><img loading=\"lazy\" decoding=\"async\" src=\"https:\/\/www.poetamatusel.org\/wp-content\/uploads\/2015\/12\/il-poeta-sogna-ancora-autoscatto-guido-comin-poetamatusel.jpg?w=300\" title=\"Il poeta sogna ancora - Autoscatto Guido Comin PoetaMatus\u00e8l\" width=\"300\" height=\"227\" class=\"aligncenter size-medium wp-image-5093\" \/><\/a><\/p>\n<tr>\n<td valign=\"top\" width=\"999\"><\/td>\n<\/tr>\n<\/tbody>\n<\/table>\n<p>&nbsp;<\/p>\n<p>&nbsp;<\/p>\n<p><a href=\"https:\/\/www.poetamatusel.org\/wp-content\/uploads\/2012\/10\/icon-for-audio-files.jpg\"><img loading=\"lazy\" decoding=\"async\" src=\"https:\/\/www.poetamatusel.org\/wp-content\/uploads\/2012\/10\/icon-for-audio-files.jpg\" alt=\"\" title=\"AUDIO * FILE * AUDIO\" width=\"35\" height=\"35\" class=\"alignleft wp-image-2897\" \/><\/a>  <strong>PoetaMatus\u00e8l legge<br \/>\nNEVI DIVERSE, PRENATALIZIE, RIVISITATE ***<\/strong>  <\/p>\n<audio class=\"wp-audio-shortcode\" id=\"audio-5960-1\" preload=\"none\" style=\"width: 100%;\" controls=\"controls\"><source type=\"audio\/mpeg\" src=\"https:\/\/www.poetamatusel.org\/wp-content\/uploads\/2015\/12\/nevi-diverse-prenatalizie-rivisitate.mp3?_=1\" \/><a href=\"https:\/\/www.poetamatusel.org\/wp-content\/uploads\/2015\/12\/nevi-diverse-prenatalizie-rivisitate.mp3\">https:\/\/www.poetamatusel.org\/wp-content\/uploads\/2015\/12\/nevi-diverse-prenatalizie-rivisitate.mp3<\/a><\/audio>\n<p>&nbsp;<\/p>\n<p>&nbsp;<\/p>\n<p><img loading=\"lazy\" decoding=\"async\" src=\"https:\/\/www.poetamatusel.org\/wp-content\/uploads\/2012\/11\/link-symbol-for-blog.jpg\" alt=\"\" width=\"35\" height=\"35\" class=\"alignleft wp-image-2959\" \/> <a href=\"https:\/\/www.poetamatusel.org\/?p=2924\" target=\"_blank\"><strong>Clicca qui, per leggere<br \/>\nNEVI DIVERSE, PRENATALIZIE<br \/>\na cui questa poesia fa riferimento!<\/strong><\/a><\/p>\n<p>&nbsp;<br \/>\n&nbsp;<br \/>\n&nbsp;<br \/>\n&nbsp;<br \/>\n&nbsp;<br \/>\n&nbsp;<\/p>\n<p><a href=\"https:\/\/www.poetamatusel.org\/wp-content\/uploads\/2015\/04\/dscn7418.jpg\"><img loading=\"lazy\" decoding=\"async\" src=\"https:\/\/www.poetamatusel.org\/wp-content\/uploads\/2015\/04\/dscn7418.jpg?w=150\" title=\"Primule a primavera - Foto Guido Comin PoetaMatus\u00e8l\" width=\"150\" height=\"113\" class=\"alignleft size-thumbnail wp-image-4839\" \/><\/a> <\/a><\/p>\n<p style=\"padding-left:40px;\"><strong><em>Prezioso Visitatore che mi leggi, un breve commento, anche solo un saluto, scritto qui sotto &#8211; o un &#8216;Mi Piace&#8217; cliccato &#8211; non ti costa che un piccolissimo sforzo, per\u00f2 far\u00e0 un GRANDE piacere a me, quando lo legger\u00f2! Grazie. <\/em> &nbsp; :O)<\/strong> <\/p>\n<p>&nbsp;<\/p>\n<p style=\"padding-top:150px;\">\n<p><span style=\"font-family:'Arial Narrow Special G1';font-size:x-small;\">Copyright \u00a9 2015 Guido Comin PoetaMatus\u00e8l &#8211;  Belluno, Italy. All rights reserved.<\/span><\/p>\n<p>&nbsp;<\/p>\n<p>&nbsp;<\/p>\n<p>&nbsp;<\/p>\n<p>.<\/p>\n","protected":false},"excerpt":{"rendered":"<p>&nbsp; &nbsp; A Desara, intramontabile Musa &nbsp; \u00c8 caduta la neve sui monti, ma solo i pi\u00f9 alti, e spunta da sopra l\u2019argine repentina garzetta, come fiore di primavera un po\u2019 troppo precoce, mentre mazzi di fiori fasulli commemorano idioti ammazzatisi in macchina, sbadatamente. In un pomeriggio cos\u00ec, sapendo che vengo da te, a incontrarti [&hellip;]<\/p>\n","protected":false},"author":1,"featured_media":0,"comment_status":"open","ping_status":"open","sticky":false,"template":"","format":"standard","meta":{"footnotes":""},"categories":[5,13,6],"tags":[69,118,124,191,887,1185,1237,1469,1599,1773,1845,1925,2525],"class_list":["post-5960","post","type-post","status-publish","format-standard","hentry","category-poesia-contemporanea-2","category-poesia-italiana","category-poetry-poesia","tag-airone-bianco","tag-amicizia","tag-amore","tag-ardea-alba","tag-egretta-garzetta","tag-garzetta","tag-gioia","tag-ispirazione","tag-lontananza","tag-miracolo","tag-musa","tag-nostalgia","tag-riunione"],"_links":{"self":[{"href":"https:\/\/www.poetamatusel.org\/index.php?rest_route=\/wp\/v2\/posts\/5960","targetHints":{"allow":["GET"]}}],"collection":[{"href":"https:\/\/www.poetamatusel.org\/index.php?rest_route=\/wp\/v2\/posts"}],"about":[{"href":"https:\/\/www.poetamatusel.org\/index.php?rest_route=\/wp\/v2\/types\/post"}],"author":[{"embeddable":true,"href":"https:\/\/www.poetamatusel.org\/index.php?rest_route=\/wp\/v2\/users\/1"}],"replies":[{"embeddable":true,"href":"https:\/\/www.poetamatusel.org\/index.php?rest_route=%2Fwp%2Fv2%2Fcomments&post=5960"}],"version-history":[{"count":3,"href":"https:\/\/www.poetamatusel.org\/index.php?rest_route=\/wp\/v2\/posts\/5960\/revisions"}],"predecessor-version":[{"id":7158,"href":"https:\/\/www.poetamatusel.org\/index.php?rest_route=\/wp\/v2\/posts\/5960\/revisions\/7158"}],"wp:attachment":[{"href":"https:\/\/www.poetamatusel.org\/index.php?rest_route=%2Fwp%2Fv2%2Fmedia&parent=5960"}],"wp:term":[{"taxonomy":"category","embeddable":true,"href":"https:\/\/www.poetamatusel.org\/index.php?rest_route=%2Fwp%2Fv2%2Fcategories&post=5960"},{"taxonomy":"post_tag","embeddable":true,"href":"https:\/\/www.poetamatusel.org\/index.php?rest_route=%2Fwp%2Fv2%2Ftags&post=5960"}],"curies":[{"name":"wp","href":"https:\/\/api.w.org\/{rel}","templated":true}]}}