{"id":5813,"date":"2015-11-13T21:51:24","date_gmt":"2015-11-13T20:51:24","guid":{"rendered":"http:\/\/poetamatusel.com\/?p=5048"},"modified":"2015-11-13T21:51:24","modified_gmt":"2015-11-13T20:51:24","slug":"dado-tratto-da-tanto-tempo","status":"publish","type":"post","link":"https:\/\/www.poetamatusel.org\/?p=5813","title":{"rendered":"DADO TRATTO DA TANTO TEMPO"},"content":{"rendered":"<p>&nbsp;<\/p>\n<table width=\"999\" border=\"0\" cellpadding=\"2\" cellspacing=\"0\">\n<tbody>\n<p><a href=\"https:\/\/www.poetamatusel.org\/wp-content\/uploads\/2015\/11\/dscn0375.jpg\"><img loading=\"lazy\" decoding=\"async\" src=\"https:\/\/www.poetamatusel.org\/wp-content\/uploads\/2015\/11\/dscn0375.jpg?w=640\" title=\"Campo dai pensieri annebbiati - Foto Guido Comin PoetaMatus\u00e8l\" width=\"640\" height=\"451\" class=\"alignleft size-large wp-image-5058\" \/><\/a><\/p>\n<tr>\n<td valign=\"top\" width=\"999\"><\/td>\n<\/tr>\n<\/tbody>\n<\/table>\n<p>&nbsp;<\/p>\n<p style=\"padding-left:40px;\">Un sole troppo pallido oggi fatica<br \/>\nassai a dissipare questa merdaccia,<br \/>\nche fa finta di essere un nebbione<br \/>\ne finir\u00e0 presto per fare arrugginire<br \/>\ningranaggi seriamente compromessi<br \/>\nda frequenti, esagerate sollecitazioni<br \/>\ndi processi cogitativi del tutto inutili,<br \/>\natti solamente a portarci <em>novunque<\/em>. <\/p>\n<p>&nbsp;<\/p>\n<p style=\"padding-left:40px;\">Ma io, che di fiato ne ho sufficiente<br \/>\nper far cantare perfino un clarinetto,<br \/>\ndovrei di certo averne quanto basta<br \/>\na spazzare questa nebbia dalla mente<br \/>\ne vedere in un\u2019istantanea rivelazione<br \/>\ncome stanno effettivamente le cose<br \/>\ne l\u2019unico procrastinato provvedimento<br \/>\nda implementare con la massima urgenza<br \/>\ne senz\u2019altro insensato, deleterio ritardo! <\/p>\n<p>&nbsp;<br \/>\n&nbsp;<\/p>\n<table width=\"999\" border=\"0\" cellpadding=\"2\" cellspacing=\"0\">\n<tbody>\n<p><a href=\"https:\/\/www.poetamatusel.org\/wp-content\/uploads\/2015\/11\/dscn0386-bis.jpg\"><img loading=\"lazy\" decoding=\"async\" src=\"https:\/\/www.poetamatusel.org\/wp-content\/uploads\/2015\/11\/dscn0386-bis.jpg?w=640\" title=\"Pensieri nella nebbia di un bosco - Foto Guido Comin PoetaMatus\u00e8l\" width=\"640\" height=\"385\" class=\"alignleft size-large wp-image-5059\" \/><\/a><\/p>\n<tr>\n<td valign=\"top\" width=\"999\"><\/td>\n<\/tr>\n<\/tbody>\n<\/table>\n<p>&nbsp;<br \/>\n&nbsp;<\/p>\n<p><a href=\"https:\/\/www.poetamatusel.org\/wp-content\/uploads\/2012\/10\/icon-for-audio-files.jpg\"><img loading=\"lazy\" decoding=\"async\" src=\"https:\/\/www.poetamatusel.org\/wp-content\/uploads\/2012\/10\/icon-for-audio-files.jpg\" alt=\"\" title=\"AUDIO * FILE * AUDIO\" width=\"35\" height=\"35\" class=\"alignleft wp-image-2897\" \/><\/a>  <strong>PoetaMatus\u00e8l legge<br \/>\nDADO TRATTO DA TANTO TEMPO<\/strong>  <\/p>\n<audio class=\"wp-audio-shortcode\" id=\"audio-5813-1\" preload=\"none\" style=\"width: 100%;\" controls=\"controls\"><source type=\"audio\/mpeg\" src=\"https:\/\/www.poetamatusel.org\/wp-content\/uploads\/2015\/11\/dado-tratto-da-tanto-tempo.mp3?_=1\" \/><a href=\"https:\/\/www.poetamatusel.org\/wp-content\/uploads\/2015\/11\/dado-tratto-da-tanto-tempo.mp3\">https:\/\/www.poetamatusel.org\/wp-content\/uploads\/2015\/11\/dado-tratto-da-tanto-tempo.mp3<\/a><\/audio>\n<p>&nbsp;<br \/>\n&nbsp;<br \/>\n&nbsp;<\/p>\n<table width=\"999\" border=\"0\" cellpadding=\"2\" cellspacing=\"0\">\n<tbody>\n<p><a href=\"https:\/\/www.poetamatusel.org\/wp-content\/uploads\/2015\/11\/trasporto-magico-del-clarinetto-foto-guido-comin-poetamatusel.jpg\"><img loading=\"lazy\" decoding=\"async\" src=\"https:\/\/www.poetamatusel.org\/wp-content\/uploads\/2015\/11\/trasporto-magico-del-clarinetto-foto-guido-comin-poetamatusel.jpg?w=247\" title=\"Trasporto magico del clarinetto - Foto Guido Comin PoetaMatus\u00e8l\" width=\"247\" height=\"300\" class=\"aligncenter size-medium wp-image-5050\" \/><\/a><\/p>\n<tr>\n<td valign=\"top\" width=\"999\"><\/td>\n<\/tr>\n<\/tbody>\n<\/table>\n<p>&nbsp;<br \/>\n&nbsp;<br \/>\n&nbsp;<br \/>\n&nbsp;<br \/>\n&nbsp;<br \/>\n&nbsp;<br \/>\n&nbsp;<\/p>\n<p><a href=\"https:\/\/www.poetamatusel.org\/wp-content\/uploads\/2015\/04\/dscn7418.jpg\"><img loading=\"lazy\" decoding=\"async\" src=\"https:\/\/www.poetamatusel.org\/wp-content\/uploads\/2015\/04\/dscn7418.jpg?w=150\" title=\"Primule a primavera - Foto Guido Comin PoetaMatus\u00e8l\" width=\"150\" height=\"113\" class=\"alignleft size-thumbnail wp-image-4839\" \/><\/a> <\/a><\/p>\n<p style=\"padding-left:40px;\"><strong><em>Prezioso Visitatore che mi leggi, un breve commento, anche solo un saluto, scritto qui sotto &#8211; o un &#8216;Mi Piace&#8217; cliccato &#8211; non ti costa che un piccolissimo sforzo, per\u00f2 far\u00e0 un GRANDE piacere a me, quando lo legger\u00f2! Grazie. <\/em> &nbsp; :O)<\/strong> <\/p>\n<p>&nbsp;<\/p>\n<p style=\"padding-top:150px;\">\n<p><span style=\"font-family:'Arial Narrow Special G1';font-size:small;\">Copyright \u00a9 2015 Guido Comin PoetaMatus\u00e8l &#8211;  Belluno, Italy. All rights reserved.<\/span><\/p>\n<p>&nbsp;<\/p>\n<p>&nbsp;<\/p>\n<p>&nbsp;<\/p>\n<p>.<\/p>\n","protected":false},"excerpt":{"rendered":"<p>&nbsp; &nbsp; Un sole troppo pallido oggi fatica assai a dissipare questa merdaccia, che fa finta di essere un nebbione e finir\u00e0 presto per fare arrugginire ingranaggi seriamente compromessi da frequenti, esagerate sollecitazioni di processi cogitativi del tutto inutili, atti solamente a portarci novunque. &nbsp; Ma io, che di fiato ne ho sufficiente per far [&hellip;]<\/p>\n","protected":false},"author":1,"featured_media":0,"comment_status":"open","ping_status":"open","sticky":false,"template":"","format":"standard","meta":{"footnotes":""},"categories":[5,13,6],"tags":[86,411,583,732,747,928,1256,1312,1889,2386,2993],"class_list":["post-5813","post","type-post","status-publish","format-standard","hentry","category-poesia-contemporanea-2","category-poesia-italiana","category-poetry-poesia","tag-alea-jacta-est","tag-cambio","tag-clarinetto","tag-dado-tratto","tag-decisione","tag-erik-satie","tag-giro-di-boa","tag-gymnopedie","tag-nebbia","tag-punto-di-non-ritorno","tag-troppo-tardi"],"_links":{"self":[{"href":"https:\/\/www.poetamatusel.org\/index.php?rest_route=\/wp\/v2\/posts\/5813","targetHints":{"allow":["GET"]}}],"collection":[{"href":"https:\/\/www.poetamatusel.org\/index.php?rest_route=\/wp\/v2\/posts"}],"about":[{"href":"https:\/\/www.poetamatusel.org\/index.php?rest_route=\/wp\/v2\/types\/post"}],"author":[{"embeddable":true,"href":"https:\/\/www.poetamatusel.org\/index.php?rest_route=\/wp\/v2\/users\/1"}],"replies":[{"embeddable":true,"href":"https:\/\/www.poetamatusel.org\/index.php?rest_route=%2Fwp%2Fv2%2Fcomments&post=5813"}],"version-history":[{"count":0,"href":"https:\/\/www.poetamatusel.org\/index.php?rest_route=\/wp\/v2\/posts\/5813\/revisions"}],"wp:attachment":[{"href":"https:\/\/www.poetamatusel.org\/index.php?rest_route=%2Fwp%2Fv2%2Fmedia&parent=5813"}],"wp:term":[{"taxonomy":"category","embeddable":true,"href":"https:\/\/www.poetamatusel.org\/index.php?rest_route=%2Fwp%2Fv2%2Fcategories&post=5813"},{"taxonomy":"post_tag","embeddable":true,"href":"https:\/\/www.poetamatusel.org\/index.php?rest_route=%2Fwp%2Fv2%2Ftags&post=5813"}],"curies":[{"name":"wp","href":"https:\/\/api.w.org\/{rel}","templated":true}]}}