{"id":5569,"date":"2015-10-06T16:17:12","date_gmt":"2015-10-06T14:17:12","guid":{"rendered":"http:\/\/poetamatusel.com\/?p=4990"},"modified":"2015-10-06T16:17:12","modified_gmt":"2015-10-06T14:17:12","slug":"vicino-a-quel-giro-di-boa","status":"publish","type":"post","link":"https:\/\/www.poetamatusel.org\/?p=5569","title":{"rendered":"VICINO A QUEL GIRO DI BOA"},"content":{"rendered":"<p>&nbsp;<\/p>\n<table width=\"999\" border=\"0\" cellpadding=\"2\" cellspacing=\"0\">\n<tbody>\n<p><a href=\"https:\/\/www.poetamatusel.org\/wp-content\/uploads\/2015\/10\/con-la-pancia-nellacqua-foto-guido-comin-poetamatusel.jpg\"><img loading=\"lazy\" decoding=\"async\" src=\"https:\/\/www.poetamatusel.org\/wp-content\/uploads\/2015\/10\/con-la-pancia-nellacqua-foto-guido-comin-poetamatusel.jpg?w=640\" title=\"Con la pancia nell'acqua - Foto Guido Comin PoetaMatus\u00e8l\" width=\"640\" height=\"465\" class=\"alignleft size-large wp-image-4991\" \/><\/a><\/p>\n<tr>\n<td valign=\"top\" width=\"999\"><\/td>\n<\/tr>\n<\/tbody>\n<\/table>\n<p>&nbsp;<\/p>\n<p style=\"padding-left:40px;\">Bella estate? Quella la scrisse Pavese.<br \/>\nFinch\u00e9 sento cicale frinire, non vivo,<br \/>\nse non in uno stato semivegetativo,<br \/>\nin una specie di apnea, quasi completa.<br \/>\nBene qui stanno solo i placidi cigni,<br \/>\ncon la pancia nell\u2019acqua, e i litigiosi<br \/>\ngabbiani, che bassi sorvolano i tetti\u2026<br \/>\nVerr\u00e0 poi l\u2019autunno, col suo fresco<br \/>\ne quell\u2019improvviso sparire dei rondoni<br \/>\ne i mille colori, da vedere per l\u2019ultima<br \/>\nvolta, s\u00ec, perch\u00e9 sar\u00e0 questo il tempo<br \/>\ndi arrivo a quel bivio, alla svolta<br \/>\nda prendere o dare a una vita che<br \/>\ndi senso ormai sembra averne assai<br \/>\npoco, almeno in questo formato<br \/>\npresente, che solo va avanti per forza<br \/>\ndi gravit\u00e0 e, se si muove, \u00e8 per inerzia.  <\/p>\n<p>&nbsp;<\/p>\n<p>&nbsp;<\/p>\n<table width=\"999\" border=\"0\" cellpadding=\"2\" cellspacing=\"0\">\n<tbody>\n<p><a href=\"https:\/\/www.poetamatusel.org\/wp-content\/uploads\/2015\/10\/gabbiano-sui-tetti-caorlotti-foto-guido-comin-poetamatusel.jpg\"><img loading=\"lazy\" decoding=\"async\" src=\"https:\/\/www.poetamatusel.org\/wp-content\/uploads\/2015\/10\/gabbiano-sui-tetti-caorlotti-foto-guido-comin-poetamatusel.jpg?w=640\" title=\"Gabbiano sui tetti caorlotti - Foto Guido Comin PoetaMatus\u00e8l\" width=\"640\" height=\"480\" class=\"alignleft size-large wp-image-4992\" \/><\/a><\/p>\n<tr>\n<td valign=\"top\" width=\"999\"><\/td>\n<\/tr>\n<\/tbody>\n<\/table>\n<p>&nbsp;<\/p>\n<p>&nbsp;<\/p>\n<p><a href=\"https:\/\/www.poetamatusel.org\/wp-content\/uploads\/2012\/10\/icon-for-audio-files.jpg\"><img loading=\"lazy\" decoding=\"async\" src=\"https:\/\/www.poetamatusel.org\/wp-content\/uploads\/2012\/10\/icon-for-audio-files.jpg\" alt=\"\" title=\"AUDIO * FILE * AUDIO\" width=\"35\" height=\"35\" class=\"alignleft wp-image-2897\" \/><\/a>  <strong>PoetaMatus\u00e8l legge<br \/>\nVICINO A QUEL GIRO DI BOA<\/strong>  <\/p>\n<audio class=\"wp-audio-shortcode\" id=\"audio-5569-1\" preload=\"none\" style=\"width: 100%;\" controls=\"controls\"><source type=\"audio\/mpeg\" src=\"https:\/\/www.poetamatusel.org\/wp-content\/uploads\/2015\/10\/vicino-a-quel-giro-di-boa.mp3?_=1\" \/><a href=\"https:\/\/www.poetamatusel.org\/wp-content\/uploads\/2015\/10\/vicino-a-quel-giro-di-boa.mp3\">https:\/\/www.poetamatusel.org\/wp-content\/uploads\/2015\/10\/vicino-a-quel-giro-di-boa.mp3<\/a><\/audio>\n<p>&nbsp;<\/p>\n<p>&nbsp;<\/p>\n<table width=\"999\" border=\"0\" cellpadding=\"2\" cellspacing=\"0\">\n<tbody>\n<p><a href=\"https:\/\/www.poetamatusel.org\/wp-content\/uploads\/2015\/10\/soliti-banali-colori-dautunno-foto-guido-comin-poetamatusel.jpg\"><img loading=\"lazy\" decoding=\"async\" src=\"https:\/\/www.poetamatusel.org\/wp-content\/uploads\/2015\/10\/soliti-banali-colori-dautunno-foto-guido-comin-poetamatusel.jpg?w=640\" title=\"Soliti banali colori d'autunno - Foto Guido Comin PoetaMatus\u00e8l\" width=\"640\" height=\"417\" class=\"alignleft size-large wp-image-4993\" \/><\/a><\/p>\n<tr>\n<td valign=\"top\" width=\"999\"><\/td>\n<\/tr>\n<\/tbody>\n<\/table>\n<p>&nbsp;<br \/>\n&nbsp;<br \/>\n&nbsp;<br \/>\n&nbsp;<\/p>\n<p><a href=\"https:\/\/www.poetamatusel.org\/wp-content\/uploads\/2015\/04\/dscn7418.jpg\"><img loading=\"lazy\" decoding=\"async\" src=\"https:\/\/www.poetamatusel.org\/wp-content\/uploads\/2015\/04\/dscn7418.jpg?w=150\" title=\"Primule a primavera - Foto Guido Comin PoetaMatus\u00e8l\" width=\"150\" height=\"113\" class=\"alignleft size-thumbnail wp-image-4839\" \/><\/a> <\/a><\/p>\n<p style=\"padding-left:40px;\"><strong><em>Prezioso Visitatore che mi leggi, un breve commento, anche solo un saluto, scritto qui sotto &#8211; o un &#8216;Mi Piace&#8217; cliccato &#8211; non ti costa che un piccolissimo sforzo, per\u00f2 far\u00e0 un GRANDE piacere a me, quando lo legger\u00f2! Grazie. <\/em> &nbsp; :O)<\/strong> <\/p>\n<p>&nbsp;<\/p>\n<p style=\"padding-top:150px;\">\n<p><span style=\"font-family:'Arial Narrow Special G1';font-size:small;\">Copyright \u00a9 2015 Guido Comin PoetaMatus\u00e8l &#8211;  Belluno, Italy. All rights reserved.<\/span><\/p>\n<p>&nbsp;<\/p>\n<p>&nbsp;<\/p>\n<p>&nbsp;<\/p>\n<p>.<\/p>\n","protected":false},"excerpt":{"rendered":"<p>&nbsp; &nbsp; Bella estate? Quella la scrisse Pavese. Finch\u00e9 sento cicale frinire, non vivo, se non in uno stato semivegetativo, in una specie di apnea, quasi completa. Bene qui stanno solo i placidi cigni, con la pancia nell\u2019acqua, e i litigiosi gabbiani, che bassi sorvolano i tetti\u2026 Verr\u00e0 poi l\u2019autunno, col suo fresco e quell\u2019improvviso [&hellip;]<\/p>\n","protected":false},"author":1,"featured_media":0,"comment_status":"open","ping_status":"open","sticky":false,"template":"","format":"standard","meta":{"footnotes":""},"categories":[5,13,6],"tags":[172,348,455,531,565,950,1167,1256,1418,1505,2859,3161],"class_list":["post-5569","post","type-post","status-publish","format-standard","hentry","category-poesia-contemporanea-2","category-poesia-italiana","category-poetry-poesia","tag-apatia","tag-bivio","tag-capolinea","tag-cesare-pavese","tag-cigni","tag-estate","tag-gabbiani","tag-giro-di-boa","tag-inerzia","tag-la-bella-estate","tag-svolta","tag-voglia-di-cambiamento"],"_links":{"self":[{"href":"https:\/\/www.poetamatusel.org\/index.php?rest_route=\/wp\/v2\/posts\/5569","targetHints":{"allow":["GET"]}}],"collection":[{"href":"https:\/\/www.poetamatusel.org\/index.php?rest_route=\/wp\/v2\/posts"}],"about":[{"href":"https:\/\/www.poetamatusel.org\/index.php?rest_route=\/wp\/v2\/types\/post"}],"author":[{"embeddable":true,"href":"https:\/\/www.poetamatusel.org\/index.php?rest_route=\/wp\/v2\/users\/1"}],"replies":[{"embeddable":true,"href":"https:\/\/www.poetamatusel.org\/index.php?rest_route=%2Fwp%2Fv2%2Fcomments&post=5569"}],"version-history":[{"count":0,"href":"https:\/\/www.poetamatusel.org\/index.php?rest_route=\/wp\/v2\/posts\/5569\/revisions"}],"wp:attachment":[{"href":"https:\/\/www.poetamatusel.org\/index.php?rest_route=%2Fwp%2Fv2%2Fmedia&parent=5569"}],"wp:term":[{"taxonomy":"category","embeddable":true,"href":"https:\/\/www.poetamatusel.org\/index.php?rest_route=%2Fwp%2Fv2%2Fcategories&post=5569"},{"taxonomy":"post_tag","embeddable":true,"href":"https:\/\/www.poetamatusel.org\/index.php?rest_route=%2Fwp%2Fv2%2Ftags&post=5569"}],"curies":[{"name":"wp","href":"https:\/\/api.w.org\/{rel}","templated":true}]}}