{"id":5513,"date":"2015-10-06T14:07:33","date_gmt":"2015-10-06T12:07:33","guid":{"rendered":"http:\/\/poetamatusel.com\/?p=4979"},"modified":"2015-10-06T14:07:33","modified_gmt":"2015-10-06T12:07:33","slug":"prima-domenica-di-agosto","status":"publish","type":"post","link":"https:\/\/www.poetamatusel.org\/?p=5513","title":{"rendered":"PRIMA DOMENICA DI AGOSTO"},"content":{"rendered":"<p>&nbsp;<\/p>\n<table width=\"999\" border=\"0\" cellpadding=\"2\" cellspacing=\"0\">\n<tbody>\n<p><a href=\"https:\/\/www.poetamatusel.org\/wp-content\/uploads\/2015\/10\/molo-finalmente-tutto-mio-foto-guido-comin-poetamatusel.jpg\"><img loading=\"lazy\" decoding=\"async\" src=\"https:\/\/www.poetamatusel.org\/wp-content\/uploads\/2015\/10\/molo-finalmente-tutto-mio-foto-guido-comin-poetamatusel.jpg?w=640\" title=\"Molo finalmente tutto mio - Foto Guido Comin PoetaMatus\u00e8l\" width=\"640\" height=\"409\" class=\"alignleft size-large wp-image-4980\" \/><\/a><\/p>\n<tr>\n<td valign=\"top\" width=\"999\"><\/td>\n<\/tr>\n<\/tbody>\n<\/table>\n<p>&nbsp;<\/p>\n<p style=\"padding-left:40px;\">Bastano poche gocce a cacciare i pavidi<br \/>\ne cos\u00ec lasciare che il molo sia tutto mio.<br \/>\nGli oleandri, assetati, invece ringraziano.<br \/>\nGli aquiloni cinesi oggi non volano<br \/>\nsulla battigia derubata del suo libeccio<br \/>\ne le barche a vela andranno soltanto<br \/>\npianissimo, a motore, via dall\u2019estuario.<br \/>\nAll\u2019orizzonte, le petroliere immobili,<br \/>\nmeri trattini,  <em>traits d&#8217;union<\/em> tra il mare<br \/>\ne le nuvole, oggi sparse davvero ovunque.<br \/>\n\u00c8 una domenica senza senso n\u00e9 direzione;<br \/>\nsenza motivo di essere dove ormai siamo;<br \/>\nsenza il colore di occhi che ci consolino. <\/p>\n<p>&nbsp;<\/p>\n<p>&nbsp;<\/p>\n<table width=\"999\" border=\"0\" cellpadding=\"2\" cellspacing=\"0\">\n<tbody>\n<p><a href=\"https:\/\/www.poetamatusel.org\/wp-content\/uploads\/2015\/10\/aquilone-cinese-nella-brezza-marina-foto-guido-comin-poetamatusel.jpg\"><img loading=\"lazy\" decoding=\"async\" src=\"https:\/\/www.poetamatusel.org\/wp-content\/uploads\/2015\/10\/aquilone-cinese-nella-brezza-marina-foto-guido-comin-poetamatusel.jpg?w=640\" title=\"Aquilone cinese nella brezza marina - Foto Guido Comin PoetaMatus\u00e8l\" width=\"640\" height=\"408\" class=\"alignleft size-large wp-image-4981\" \/><\/a><\/p>\n<tr>\n<td valign=\"top\" width=\"999\"><\/td>\n<\/tr>\n<\/tbody>\n<\/table>\n<p>&nbsp;<\/p>\n<p><a href=\"https:\/\/www.poetamatusel.org\/wp-content\/uploads\/2012\/10\/icon-for-audio-files.jpg\"><img loading=\"lazy\" decoding=\"async\" src=\"https:\/\/www.poetamatusel.org\/wp-content\/uploads\/2012\/10\/icon-for-audio-files.jpg\" alt=\"\" title=\"AUDIO * FILE * AUDIO\" width=\"35\" height=\"35\" class=\"alignleft wp-image-2897\" \/><\/a>  <strong>PoetaMatus\u00e8l legge<br \/>\nPRIMA DOMENICA DI AGOSTO<\/strong>  <\/p>\n<audio class=\"wp-audio-shortcode\" id=\"audio-5513-1\" preload=\"none\" style=\"width: 100%;\" controls=\"controls\"><source type=\"audio\/mpeg\" src=\"https:\/\/www.poetamatusel.org\/wp-content\/uploads\/2015\/10\/prima-domenica-di-agosto.mp3?_=1\" \/><a href=\"https:\/\/www.poetamatusel.org\/wp-content\/uploads\/2015\/10\/prima-domenica-di-agosto.mp3\">https:\/\/www.poetamatusel.org\/wp-content\/uploads\/2015\/10\/prima-domenica-di-agosto.mp3<\/a><\/audio>\n<p>&nbsp;<\/p>\n<p>&nbsp;<\/p>\n<table width=\"999\" border=\"0\" cellpadding=\"2\" cellspacing=\"0\">\n<tbody>\n<p><a href=\"https:\/\/www.poetamatusel.org\/wp-content\/uploads\/2015\/10\/oleandri-assetati-di-agosto-foto-guido-comin-poetamatusel.jpg\"><img loading=\"lazy\" decoding=\"async\" src=\"https:\/\/www.poetamatusel.org\/wp-content\/uploads\/2015\/10\/oleandri-assetati-di-agosto-foto-guido-comin-poetamatusel.jpg?w=640\" title=\"Oleandri assetati di agosto - Foto Guido Comin PoetaMatus\u00e8l\" width=\"640\" height=\"882\" class=\"aligncenter size-large wp-image-4982\" \/><\/a><\/p>\n<tr>\n<td valign=\"top\" width=\"999\"><\/td>\n<\/tr>\n<\/tbody>\n<\/table>\n<p>&nbsp;<br \/>\n&nbsp;<br \/>\n&nbsp;<br \/>\n&nbsp;<\/p>\n<p><a href=\"https:\/\/www.poetamatusel.org\/wp-content\/uploads\/2015\/04\/dscn7418.jpg\"><img loading=\"lazy\" decoding=\"async\" src=\"https:\/\/www.poetamatusel.org\/wp-content\/uploads\/2015\/04\/dscn7418.jpg?w=150\" title=\"Primule a primavera - Foto Guido Comin PoetaMatus\u00e8l\" width=\"150\" height=\"113\" class=\"alignleft size-thumbnail wp-image-4839\" \/><\/a> <\/a><\/p>\n<p style=\"padding-left:40px;\"><strong><em>Prezioso Visitatore che mi leggi, un breve commento, anche solo un saluto, scritto qui sotto &#8211; o un &#8216;Mi Piace&#8217; cliccato &#8211; non ti costa che un piccolissimo sforzo, per\u00f2 far\u00e0 un GRANDE piacere a me, quando lo legger\u00f2! Grazie. <\/em> &nbsp; :O)<\/strong> <\/p>\n<p>&nbsp;<\/p>\n<p style=\"padding-top:150px;\">\n<p><span style=\"font-family:'Arial Narrow Special G1';font-size:small;\">Copyright \u00a9 2015 Guido Comin PoetaMatus\u00e8l &#8211;  Belluno, Italy. All rights reserved.<\/span><\/p>\n<p>&nbsp;<\/p>\n<p>&nbsp;<\/p>\n<p>&nbsp;<\/p>\n<p>.<\/p>\n","protected":false},"excerpt":{"rendered":"<p>&nbsp; &nbsp; Bastano poche gocce a cacciare i pavidi e cos\u00ec lasciare che il molo sia tutto mio. Gli oleandri, assetati, invece ringraziano. Gli aquiloni cinesi oggi non volano sulla battigia derubata del suo libeccio e le barche a vela andranno soltanto pianissimo, a motore, via dall\u2019estuario. All\u2019orizzonte, le petroliere immobili, meri trattini, traits d&#8217;union [&hellip;]<\/p>\n","protected":false},"author":1,"featured_media":0,"comment_status":"open","ping_status":"open","sticky":false,"template":"","format":"standard","meta":{"footnotes":""},"categories":[5,13,6],"tags":[185,813,870,1790,1985,2156,2472,2671],"class_list":["post-5513","post","type-post","status-publish","format-standard","hentry","category-poesia-contemporanea-2","category-poesia-italiana","category-poetry-poesia","tag-aquiloni","tag-disorientamento","tag-dubbio-esistenziale","tag-molo","tag-oleandri","tag-perdizione","tag-ricerca","tag-senso-della-vita"],"_links":{"self":[{"href":"https:\/\/www.poetamatusel.org\/index.php?rest_route=\/wp\/v2\/posts\/5513","targetHints":{"allow":["GET"]}}],"collection":[{"href":"https:\/\/www.poetamatusel.org\/index.php?rest_route=\/wp\/v2\/posts"}],"about":[{"href":"https:\/\/www.poetamatusel.org\/index.php?rest_route=\/wp\/v2\/types\/post"}],"author":[{"embeddable":true,"href":"https:\/\/www.poetamatusel.org\/index.php?rest_route=\/wp\/v2\/users\/1"}],"replies":[{"embeddable":true,"href":"https:\/\/www.poetamatusel.org\/index.php?rest_route=%2Fwp%2Fv2%2Fcomments&post=5513"}],"version-history":[{"count":0,"href":"https:\/\/www.poetamatusel.org\/index.php?rest_route=\/wp\/v2\/posts\/5513\/revisions"}],"wp:attachment":[{"href":"https:\/\/www.poetamatusel.org\/index.php?rest_route=%2Fwp%2Fv2%2Fmedia&parent=5513"}],"wp:term":[{"taxonomy":"category","embeddable":true,"href":"https:\/\/www.poetamatusel.org\/index.php?rest_route=%2Fwp%2Fv2%2Fcategories&post=5513"},{"taxonomy":"post_tag","embeddable":true,"href":"https:\/\/www.poetamatusel.org\/index.php?rest_route=%2Fwp%2Fv2%2Ftags&post=5513"}],"curies":[{"name":"wp","href":"https:\/\/api.w.org\/{rel}","templated":true}]}}